{"id":5872,"date":"2025-03-12T20:19:38","date_gmt":"2025-03-12T20:19:38","guid":{"rendered":"https:\/\/prensa.sma.gob.ar\/?p=5872"},"modified":"2025-03-12T20:19:40","modified_gmt":"2025-03-12T20:19:40","slug":"agradecimiento-a-la-anonima-y-fortalecimiento-del-compromiso-publico-privado","status":"publish","type":"post","link":"https:\/\/prensa.sma.gob.ar\/?p=5872","title":{"rendered":"Agradecimiento a La An\u00f3nima y fortalecimiento del compromiso p\u00fablico-privado"},"content":{"rendered":"\n<p>El Municipio de San Mart\u00edn de los Andes agradece a la empresa La An\u00f3nima, y en particular al gerente general, Nicolas Braun, y al gerente zonal, Oscar Maly, por haber donado un equipo de internet satelital Starlink que fue utilizado en el reciente incendio de Valle Magdalena.<\/p>\n\n\n\n<p>El equipo fue recibido por el Municipio y luego fue cedido al Parque Nacional Lanin para mejorar las comunicaciones en la zona donde se mont\u00f3 el operativo de combate del fuego. Fue trasladado a la zona del siniestro por la concejal Mar\u00eda Laura Da Pieve y puesto a disposici\u00f3n de las autoridades del Comando Unificado del Parque Lanin y del Gobierno de la provincia de Neuqu\u00e9n.<\/p>\n\n\n\n<p>Esta donaci\u00f3n es parte del compromiso de participaci\u00f3n p\u00fablico-privada asumido por la empresa patag\u00f3nica y el Municipio, ratificado en una reuni\u00f3n realizada en enero pasado (foto).<\/p>\n","protected":false},"excerpt":{"rendered":"<p>El Municipio de San Mart\u00edn de los Andes agradece a la empresa La An\u00f3nima, y en particular al gerente general, Nicolas Braun, y al gerente zonal, Oscar Maly, por haber donado un equipo de internet satelital Starlink que fue utilizado en el reciente incendio de Valle Magdalena. El equipo fue recibido por el Municipio y [&hellip;]<\/p>\n","protected":false},"author":2,"featured_media":5873,"comment_status":"closed","ping_status":"open","sticky":false,"template":"","format":"standard","meta":{"footnotes":""},"categories":[16,14],"tags":[],"class_list":{"0":"post-5872","1":"post","2":"type-post","3":"status-publish","4":"format-standard","5":"has-post-thumbnail","7":"category-destacadas","8":"category-noticias"},"_links":{"self":[{"href":"https:\/\/prensa.sma.gob.ar\/index.php?rest_route=\/wp\/v2\/posts\/5872","targetHints":{"allow":["GET"]}}],"collection":[{"href":"https:\/\/prensa.sma.gob.ar\/index.php?rest_route=\/wp\/v2\/posts"}],"about":[{"href":"https:\/\/prensa.sma.gob.ar\/index.php?rest_route=\/wp\/v2\/types\/post"}],"author":[{"embeddable":true,"href":"https:\/\/prensa.sma.gob.ar\/index.php?rest_route=\/wp\/v2\/users\/2"}],"replies":[{"embeddable":true,"href":"https:\/\/prensa.sma.gob.ar\/index.php?rest_route=%2Fwp%2Fv2%2Fcomments&post=5872"}],"version-history":[{"count":1,"href":"https:\/\/prensa.sma.gob.ar\/index.php?rest_route=\/wp\/v2\/posts\/5872\/revisions"}],"predecessor-version":[{"id":5874,"href":"https:\/\/prensa.sma.gob.ar\/index.php?rest_route=\/wp\/v2\/posts\/5872\/revisions\/5874"}],"wp:featuredmedia":[{"embeddable":true,"href":"https:\/\/prensa.sma.gob.ar\/index.php?rest_route=\/wp\/v2\/media\/5873"}],"wp:attachment":[{"href":"https:\/\/prensa.sma.gob.ar\/index.php?rest_route=%2Fwp%2Fv2%2Fmedia&parent=5872"}],"wp:term":[{"taxonomy":"category","embeddable":true,"href":"https:\/\/prensa.sma.gob.ar\/index.php?rest_route=%2Fwp%2Fv2%2Fcategories&post=5872"},{"taxonomy":"post_tag","embeddable":true,"href":"https:\/\/prensa.sma.gob.ar\/index.php?rest_route=%2Fwp%2Fv2%2Ftags&post=5872"}],"curies":[{"name":"wp","href":"https:\/\/api.w.org\/{rel}","templated":true}]}}