{"id":5878,"date":"2025-03-13T15:17:55","date_gmt":"2025-03-13T15:17:55","guid":{"rendered":"https:\/\/prensa.sma.gob.ar\/?p=5878"},"modified":"2025-08-07T15:51:11","modified_gmt":"2025-08-07T15:51:11","slug":"circuitos-de-prevencion-de-seguridad-ciudadana-zonas-y-telefonos-de-la-policia","status":"publish","type":"post","link":"https:\/\/prensa.sma.gob.ar\/?p=5878","title":{"rendered":"Circuitos de Prevenci\u00f3n de Seguridad Ciudadana: zonas y tel\u00e9fonos de la Polic\u00eda"},"content":{"rendered":"\n<p>El trabajo se hizo desde la Direcci\u00f3n General de Seguridad Ciudadana del Municipio y bajo la \u00f3rbita del Comando Radioel\u00e9ctrico de San Mart\u00edn de los Andes de la Polic\u00eda del Neuqu\u00e9n.<\/p>\n\n\n\n<p>El objetivo es que los vecinos conozcan el circuito que corresponde a su barrio y los tel\u00e9fonos fijos y de celular para cualquier situaci\u00f3n que amerite la presencia policial.<\/p>\n\n\n\n<p>La informaci\u00f3n y los tel\u00e9fonos detallados por cada circuito est\u00e1n en las redes sociales del Municipio y en la p\u00e1gina web de prensa.<\/p>\n\n\n\n<figure class=\"wp-block-gallery has-nested-images columns-default is-cropped td-modal-on-gallery wp-block-gallery-1 is-layout-flex wp-block-gallery-is-layout-flex\">\n<figure class=\"wp-block-image size-large\"><img loading=\"lazy\" decoding=\"async\" width=\"724\" height=\"1024\" data-id=\"8998\" src=\"https:\/\/prensa.sma.gob.ar\/wp-content\/uploads\/2025\/03\/2-1-724x1024.png\" alt=\"\" class=\"wp-image-8998\" srcset=\"https:\/\/prensa.sma.gob.ar\/wp-content\/uploads\/2025\/03\/2-1-724x1024.png 724w, https:\/\/prensa.sma.gob.ar\/wp-content\/uploads\/2025\/03\/2-1-212x300.png 212w, https:\/\/prensa.sma.gob.ar\/wp-content\/uploads\/2025\/03\/2-1-768x1086.png 768w, https:\/\/prensa.sma.gob.ar\/wp-content\/uploads\/2025\/03\/2-1-1086x1536.png 1086w, https:\/\/prensa.sma.gob.ar\/wp-content\/uploads\/2025\/03\/2-1-297x420.png 297w, https:\/\/prensa.sma.gob.ar\/wp-content\/uploads\/2025\/03\/2-1-696x984.png 696w, https:\/\/prensa.sma.gob.ar\/wp-content\/uploads\/2025\/03\/2-1-1068x1511.png 1068w, https:\/\/prensa.sma.gob.ar\/wp-content\/uploads\/2025\/03\/2-1.png 1414w\" sizes=\"auto, (max-width: 724px) 100vw, 724px\" \/><\/figure>\n\n\n\n<figure class=\"wp-block-image size-large\"><img loading=\"lazy\" decoding=\"async\" width=\"724\" height=\"1024\" data-id=\"9001\" src=\"https:\/\/prensa.sma.gob.ar\/wp-content\/uploads\/2025\/03\/1-1-724x1024.png\" alt=\"\" class=\"wp-image-9001\" srcset=\"https:\/\/prensa.sma.gob.ar\/wp-content\/uploads\/2025\/03\/1-1-724x1024.png 724w, https:\/\/prensa.sma.gob.ar\/wp-content\/uploads\/2025\/03\/1-1-212x300.png 212w, https:\/\/prensa.sma.gob.ar\/wp-content\/uploads\/2025\/03\/1-1-768x1086.png 768w, https:\/\/prensa.sma.gob.ar\/wp-content\/uploads\/2025\/03\/1-1-1086x1536.png 1086w, https:\/\/prensa.sma.gob.ar\/wp-content\/uploads\/2025\/03\/1-1-297x420.png 297w, https:\/\/prensa.sma.gob.ar\/wp-content\/uploads\/2025\/03\/1-1-696x984.png 696w, https:\/\/prensa.sma.gob.ar\/wp-content\/uploads\/2025\/03\/1-1-1068x1511.png 1068w, https:\/\/prensa.sma.gob.ar\/wp-content\/uploads\/2025\/03\/1-1.png 1414w\" sizes=\"auto, (max-width: 724px) 100vw, 724px\" \/><\/figure>\n\n\n\n<figure class=\"wp-block-image size-large\"><img loading=\"lazy\" decoding=\"async\" width=\"724\" height=\"1024\" data-id=\"9000\" src=\"https:\/\/prensa.sma.gob.ar\/wp-content\/uploads\/2025\/03\/4-1-724x1024.png\" alt=\"\" class=\"wp-image-9000\" srcset=\"https:\/\/prensa.sma.gob.ar\/wp-content\/uploads\/2025\/03\/4-1-724x1024.png 724w, https:\/\/prensa.sma.gob.ar\/wp-content\/uploads\/2025\/03\/4-1-212x300.png 212w, https:\/\/prensa.sma.gob.ar\/wp-content\/uploads\/2025\/03\/4-1-768x1086.png 768w, https:\/\/prensa.sma.gob.ar\/wp-content\/uploads\/2025\/03\/4-1-1086x1536.png 1086w, https:\/\/prensa.sma.gob.ar\/wp-content\/uploads\/2025\/03\/4-1-297x420.png 297w, https:\/\/prensa.sma.gob.ar\/wp-content\/uploads\/2025\/03\/4-1-696x984.png 696w, https:\/\/prensa.sma.gob.ar\/wp-content\/uploads\/2025\/03\/4-1-1068x1511.png 1068w, https:\/\/prensa.sma.gob.ar\/wp-content\/uploads\/2025\/03\/4-1.png 1414w\" sizes=\"auto, (max-width: 724px) 100vw, 724px\" \/><\/figure>\n\n\n\n<figure class=\"wp-block-image size-large\"><img loading=\"lazy\" decoding=\"async\" width=\"724\" height=\"1024\" data-id=\"9002\" src=\"https:\/\/prensa.sma.gob.ar\/wp-content\/uploads\/2025\/03\/5-1-724x1024.png\" alt=\"\" class=\"wp-image-9002\" srcset=\"https:\/\/prensa.sma.gob.ar\/wp-content\/uploads\/2025\/03\/5-1-724x1024.png 724w, https:\/\/prensa.sma.gob.ar\/wp-content\/uploads\/2025\/03\/5-1-212x300.png 212w, https:\/\/prensa.sma.gob.ar\/wp-content\/uploads\/2025\/03\/5-1-768x1086.png 768w, https:\/\/prensa.sma.gob.ar\/wp-content\/uploads\/2025\/03\/5-1-1086x1536.png 1086w, https:\/\/prensa.sma.gob.ar\/wp-content\/uploads\/2025\/03\/5-1-297x420.png 297w, https:\/\/prensa.sma.gob.ar\/wp-content\/uploads\/2025\/03\/5-1-696x984.png 696w, https:\/\/prensa.sma.gob.ar\/wp-content\/uploads\/2025\/03\/5-1-1068x1511.png 1068w, https:\/\/prensa.sma.gob.ar\/wp-content\/uploads\/2025\/03\/5-1.png 1414w\" sizes=\"auto, (max-width: 724px) 100vw, 724px\" \/><\/figure>\n\n\n\n<figure class=\"wp-block-image size-large\"><img loading=\"lazy\" decoding=\"async\" width=\"724\" height=\"1024\" data-id=\"9003\" src=\"https:\/\/prensa.sma.gob.ar\/wp-content\/uploads\/2025\/03\/6-1-724x1024.png\" alt=\"\" class=\"wp-image-9003\" srcset=\"https:\/\/prensa.sma.gob.ar\/wp-content\/uploads\/2025\/03\/6-1-724x1024.png 724w, https:\/\/prensa.sma.gob.ar\/wp-content\/uploads\/2025\/03\/6-1-212x300.png 212w, https:\/\/prensa.sma.gob.ar\/wp-content\/uploads\/2025\/03\/6-1-768x1086.png 768w, https:\/\/prensa.sma.gob.ar\/wp-content\/uploads\/2025\/03\/6-1-1086x1536.png 1086w, https:\/\/prensa.sma.gob.ar\/wp-content\/uploads\/2025\/03\/6-1-297x420.png 297w, https:\/\/prensa.sma.gob.ar\/wp-content\/uploads\/2025\/03\/6-1-696x984.png 696w, https:\/\/prensa.sma.gob.ar\/wp-content\/uploads\/2025\/03\/6-1-1068x1511.png 1068w, https:\/\/prensa.sma.gob.ar\/wp-content\/uploads\/2025\/03\/6-1.png 1414w\" sizes=\"auto, (max-width: 724px) 100vw, 724px\" \/><\/figure>\n\n\n\n<figure class=\"wp-block-image size-large\"><img loading=\"lazy\" decoding=\"async\" width=\"724\" height=\"1024\" data-id=\"8999\" src=\"https:\/\/prensa.sma.gob.ar\/wp-content\/uploads\/2025\/03\/3-1-724x1024.png\" alt=\"\" class=\"wp-image-8999\" srcset=\"https:\/\/prensa.sma.gob.ar\/wp-content\/uploads\/2025\/03\/3-1-724x1024.png 724w, https:\/\/prensa.sma.gob.ar\/wp-content\/uploads\/2025\/03\/3-1-212x300.png 212w, https:\/\/prensa.sma.gob.ar\/wp-content\/uploads\/2025\/03\/3-1-768x1086.png 768w, https:\/\/prensa.sma.gob.ar\/wp-content\/uploads\/2025\/03\/3-1-1086x1536.png 1086w, https:\/\/prensa.sma.gob.ar\/wp-content\/uploads\/2025\/03\/3-1-297x420.png 297w, https:\/\/prensa.sma.gob.ar\/wp-content\/uploads\/2025\/03\/3-1-696x984.png 696w, https:\/\/prensa.sma.gob.ar\/wp-content\/uploads\/2025\/03\/3-1-1068x1511.png 1068w, https:\/\/prensa.sma.gob.ar\/wp-content\/uploads\/2025\/03\/3-1.png 1414w\" sizes=\"auto, (max-width: 724px) 100vw, 724px\" \/><\/figure>\n<\/figure>\n","protected":false},"excerpt":{"rendered":"<p>El trabajo se hizo desde la Direcci\u00f3n General de Seguridad Ciudadana del Municipio y bajo la \u00f3rbita del Comando Radioel\u00e9ctrico de San Mart\u00edn de los Andes de la Polic\u00eda del Neuqu\u00e9n. El objetivo es que los vecinos conozcan el circuito que corresponde a su barrio y los tel\u00e9fonos fijos y de celular para cualquier situaci\u00f3n [&hellip;]<\/p>\n","protected":false},"author":2,"featured_media":9005,"comment_status":"closed","ping_status":"open","sticky":false,"template":"","format":"standard","meta":{"footnotes":""},"categories":[16,14,17],"tags":[],"class_list":{"0":"post-5878","1":"post","2":"type-post","3":"status-publish","4":"format-standard","5":"has-post-thumbnail","7":"category-destacadas","8":"category-noticias","9":"category-portada"},"_links":{"self":[{"href":"https:\/\/prensa.sma.gob.ar\/index.php?rest_route=\/wp\/v2\/posts\/5878","targetHints":{"allow":["GET"]}}],"collection":[{"href":"https:\/\/prensa.sma.gob.ar\/index.php?rest_route=\/wp\/v2\/posts"}],"about":[{"href":"https:\/\/prensa.sma.gob.ar\/index.php?rest_route=\/wp\/v2\/types\/post"}],"author":[{"embeddable":true,"href":"https:\/\/prensa.sma.gob.ar\/index.php?rest_route=\/wp\/v2\/users\/2"}],"replies":[{"embeddable":true,"href":"https:\/\/prensa.sma.gob.ar\/index.php?rest_route=%2Fwp%2Fv2%2Fcomments&post=5878"}],"version-history":[{"count":3,"href":"https:\/\/prensa.sma.gob.ar\/index.php?rest_route=\/wp\/v2\/posts\/5878\/revisions"}],"predecessor-version":[{"id":9004,"href":"https:\/\/prensa.sma.gob.ar\/index.php?rest_route=\/wp\/v2\/posts\/5878\/revisions\/9004"}],"wp:featuredmedia":[{"embeddable":true,"href":"https:\/\/prensa.sma.gob.ar\/index.php?rest_route=\/wp\/v2\/media\/9005"}],"wp:attachment":[{"href":"https:\/\/prensa.sma.gob.ar\/index.php?rest_route=%2Fwp%2Fv2%2Fmedia&parent=5878"}],"wp:term":[{"taxonomy":"category","embeddable":true,"href":"https:\/\/prensa.sma.gob.ar\/index.php?rest_route=%2Fwp%2Fv2%2Fcategories&post=5878"},{"taxonomy":"post_tag","embeddable":true,"href":"https:\/\/prensa.sma.gob.ar\/index.php?rest_route=%2Fwp%2Fv2%2Ftags&post=5878"}],"curies":[{"name":"wp","href":"https:\/\/api.w.org\/{rel}","templated":true}]}}