{"id":5886,"date":"2025-03-13T17:07:31","date_gmt":"2025-03-13T17:07:31","guid":{"rendered":"https:\/\/prensa.sma.gob.ar\/?p=5886"},"modified":"2025-03-13T17:07:33","modified_gmt":"2025-03-13T17:07:33","slug":"el-municipio-redefinio-la-unidad-ejecutora-para-el-desarrollo-de-kaleuche","status":"publish","type":"post","link":"https:\/\/prensa.sma.gob.ar\/?p=5886","title":{"rendered":"El Municipio redefini\u00f3 la Unidad Ejecutora para el Desarrollo de Kaleuche"},"content":{"rendered":"\n<p>El intendente Carlos Saloniti firm\u00f3 el decreto que da forma a la nueva estructura org\u00e1nica y funcional de la Unidad Ejecutora Especial Temporaria para la Regularizaci\u00f3n Urbana del Barrio Kaleuche, que deber\u00e1 asistir, asesorar, planificar y supervisar todo lo vinculado al desarrollo del h\u00e1bitat del barrio.<\/p>\n\n\n\n<p>La nueva Unidad Ejecutora estar\u00e1 integrada por representantes de varias \u00e1reas del Ejecutivo comunal y del Concejo Deliberante, todos con car\u00e1cter \u201cad honorem\u201d y sin perjuicio del cumplimiento de sus funciones espec\u00edficas.<\/p>\n\n\n\n<p>El Decreto N\u00ba 0760\/25 establece que, \u201clas Juntas Vecinales oficiar\u00e1n de \u00f3rgano Consultor para la realizaci\u00f3n de tareas de mejoramiento del h\u00e1bitat, as\u00ed como la elaboraci\u00f3n de proyectos ejecutivos para la provisi\u00f3n de servicios y realizaci\u00f3n de obras de infraestructura urbana\u201d.<\/p>\n\n\n\n<p>La normativa se\u00f1ala que \u201ccorresponde que la Unidad Ejecutora realice la coordinaci\u00f3n, gesti\u00f3n, de la proyecci\u00f3n planificada del h\u00e1bitat, desarrollo y facilite la provisi\u00f3n de equipamiento, accesibilidad y servicios esenciales\u201d.<\/p>\n\n\n\n<p>La Unidad estar\u00e1 integrada por Marta Bayardo, representante de la Subsecretar\u00eda de Ingresos P\u00fablicos; Mart\u00edn Betancur, representante de la Subsecretar\u00eda de Servicios P\u00fablicos; Carolina Amaya, representante del Instituto Municipal de Vivienda y H\u00e1bitat; Lorena Gonz\u00e1lez, representante de la Subsecretar\u00eda de Juntas Vecinales; y Romina Schenk, representante de la Unidad Ejecutora de Obras Espec\u00edficas.<\/p>\n\n\n\n<p>Tambi\u00e9n estar\u00e1 integrada por los concejales Santiago Fern\u00e0ndez; Pablo Padilla; Jovita Brondo; Andr\u00e9s Sicilia; Sol Petagna y Mar\u00eda Laura Da Pieve.<\/p>\n","protected":false},"excerpt":{"rendered":"<p>El intendente Carlos Saloniti firm\u00f3 el decreto que da forma a la nueva estructura org\u00e1nica y funcional de la Unidad Ejecutora Especial Temporaria para la Regularizaci\u00f3n Urbana del Barrio Kaleuche, que deber\u00e1 asistir, asesorar, planificar y supervisar todo lo vinculado al desarrollo del h\u00e1bitat del barrio. La nueva Unidad Ejecutora estar\u00e1 integrada por representantes de [&hellip;]<\/p>\n","protected":false},"author":1,"featured_media":5887,"comment_status":"closed","ping_status":"open","sticky":false,"template":"","format":"standard","meta":{"footnotes":""},"categories":[16,14,17],"tags":[],"class_list":{"0":"post-5886","1":"post","2":"type-post","3":"status-publish","4":"format-standard","5":"has-post-thumbnail","7":"category-destacadas","8":"category-noticias","9":"category-portada"},"_links":{"self":[{"href":"https:\/\/prensa.sma.gob.ar\/index.php?rest_route=\/wp\/v2\/posts\/5886","targetHints":{"allow":["GET"]}}],"collection":[{"href":"https:\/\/prensa.sma.gob.ar\/index.php?rest_route=\/wp\/v2\/posts"}],"about":[{"href":"https:\/\/prensa.sma.gob.ar\/index.php?rest_route=\/wp\/v2\/types\/post"}],"author":[{"embeddable":true,"href":"https:\/\/prensa.sma.gob.ar\/index.php?rest_route=\/wp\/v2\/users\/1"}],"replies":[{"embeddable":true,"href":"https:\/\/prensa.sma.gob.ar\/index.php?rest_route=%2Fwp%2Fv2%2Fcomments&post=5886"}],"version-history":[{"count":1,"href":"https:\/\/prensa.sma.gob.ar\/index.php?rest_route=\/wp\/v2\/posts\/5886\/revisions"}],"predecessor-version":[{"id":5888,"href":"https:\/\/prensa.sma.gob.ar\/index.php?rest_route=\/wp\/v2\/posts\/5886\/revisions\/5888"}],"wp:featuredmedia":[{"embeddable":true,"href":"https:\/\/prensa.sma.gob.ar\/index.php?rest_route=\/wp\/v2\/media\/5887"}],"wp:attachment":[{"href":"https:\/\/prensa.sma.gob.ar\/index.php?rest_route=%2Fwp%2Fv2%2Fmedia&parent=5886"}],"wp:term":[{"taxonomy":"category","embeddable":true,"href":"https:\/\/prensa.sma.gob.ar\/index.php?rest_route=%2Fwp%2Fv2%2Fcategories&post=5886"},{"taxonomy":"post_tag","embeddable":true,"href":"https:\/\/prensa.sma.gob.ar\/index.php?rest_route=%2Fwp%2Fv2%2Ftags&post=5886"}],"curies":[{"name":"wp","href":"https:\/\/api.w.org\/{rel}","templated":true}]}}