{"id":5923,"date":"2025-03-14T17:57:48","date_gmt":"2025-03-14T17:57:48","guid":{"rendered":"https:\/\/prensa.sma.gob.ar\/?p=5923"},"modified":"2025-03-14T18:21:52","modified_gmt":"2025-03-14T18:21:52","slug":"familias-de-los-24-lotes-de-chacra-28-visitaron-y-recorrieron-el-terreno","status":"publish","type":"post","link":"https:\/\/prensa.sma.gob.ar\/?p=5923","title":{"rendered":"Familias de los 24 Lotes de Chacra 28 visitaron y\u00a0 recorrieron el terreno"},"content":{"rendered":"\n<p>El Instituto Municipal de Vivienda y H\u00e1bitat de San Mart\u00edn de los Andes (IVH) llev\u00f3 a cabo una nueva jornada de la actividad \u00abDe la Tierra al Barrio\u00bb. En esta ocasi\u00f3n, 24 pre-adjudicatarios de los sorteos de lotes realizados el 1 de marzo y el 1 de agosto de 2024 participaron en una recorrida por el terreno de Chacra 28, con el objetivo de conocer el lugar donde estar\u00e1n sus futuros hogares.<\/p>\n\n\n\n<p>La actividad permiti\u00f3 a las familias reconocerse en el espacio, identificando la ubicaci\u00f3n de calles, lotes y \u00e1reas comunes. Se trata de 12 familias con empleo formal y permanente, ganadoras del sorteo de marzo, y otras 12 familias compuestas por bomberos, polic\u00edas y personal de salud, beneficiarias del sorteo de agosto de 2024.<\/p>\n\n\n\n<figure class=\"wp-block-gallery has-nested-images columns-default is-cropped wp-block-gallery-1 is-layout-flex wp-block-gallery-is-layout-flex\">\n<figure class=\"wp-block-image size-large\"><img loading=\"lazy\" decoding=\"async\" width=\"1024\" height=\"682\" data-id=\"5935\" src=\"https:\/\/prensa.sma.gob.ar\/wp-content\/uploads\/2025\/03\/IMG_20250314_133816_568-1024x682.jpg\" alt=\"\" class=\"wp-image-5935\" srcset=\"https:\/\/prensa.sma.gob.ar\/wp-content\/uploads\/2025\/03\/IMG_20250314_133816_568-1024x682.jpg 1024w, https:\/\/prensa.sma.gob.ar\/wp-content\/uploads\/2025\/03\/IMG_20250314_133816_568-300x200.jpg 300w, https:\/\/prensa.sma.gob.ar\/wp-content\/uploads\/2025\/03\/IMG_20250314_133816_568-768x512.jpg 768w, https:\/\/prensa.sma.gob.ar\/wp-content\/uploads\/2025\/03\/IMG_20250314_133816_568-630x420.jpg 630w, https:\/\/prensa.sma.gob.ar\/wp-content\/uploads\/2025\/03\/IMG_20250314_133816_568-696x464.jpg 696w, https:\/\/prensa.sma.gob.ar\/wp-content\/uploads\/2025\/03\/IMG_20250314_133816_568-1068x712.jpg 1068w, https:\/\/prensa.sma.gob.ar\/wp-content\/uploads\/2025\/03\/IMG_20250314_133816_568.jpg 1280w\" sizes=\"auto, (max-width: 1024px) 100vw, 1024px\" \/><\/figure>\n\n\n\n<figure class=\"wp-block-image size-large\"><img loading=\"lazy\" decoding=\"async\" width=\"1024\" height=\"682\" data-id=\"5933\" src=\"https:\/\/prensa.sma.gob.ar\/wp-content\/uploads\/2025\/03\/IMG_20250314_133816_352-1024x682.jpg\" alt=\"\" class=\"wp-image-5933\" srcset=\"https:\/\/prensa.sma.gob.ar\/wp-content\/uploads\/2025\/03\/IMG_20250314_133816_352-1024x682.jpg 1024w, https:\/\/prensa.sma.gob.ar\/wp-content\/uploads\/2025\/03\/IMG_20250314_133816_352-300x200.jpg 300w, https:\/\/prensa.sma.gob.ar\/wp-content\/uploads\/2025\/03\/IMG_20250314_133816_352-768x512.jpg 768w, https:\/\/prensa.sma.gob.ar\/wp-content\/uploads\/2025\/03\/IMG_20250314_133816_352-630x420.jpg 630w, https:\/\/prensa.sma.gob.ar\/wp-content\/uploads\/2025\/03\/IMG_20250314_133816_352-696x464.jpg 696w, https:\/\/prensa.sma.gob.ar\/wp-content\/uploads\/2025\/03\/IMG_20250314_133816_352-1068x712.jpg 1068w, https:\/\/prensa.sma.gob.ar\/wp-content\/uploads\/2025\/03\/IMG_20250314_133816_352.jpg 1280w\" sizes=\"auto, (max-width: 1024px) 100vw, 1024px\" \/><\/figure>\n\n\n\n<figure class=\"wp-block-image size-large\"><img loading=\"lazy\" decoding=\"async\" width=\"1024\" height=\"682\" data-id=\"5934\" src=\"https:\/\/prensa.sma.gob.ar\/wp-content\/uploads\/2025\/03\/IMG_20250314_133817_031-1024x682.jpg\" alt=\"\" class=\"wp-image-5934\" srcset=\"https:\/\/prensa.sma.gob.ar\/wp-content\/uploads\/2025\/03\/IMG_20250314_133817_031-1024x682.jpg 1024w, https:\/\/prensa.sma.gob.ar\/wp-content\/uploads\/2025\/03\/IMG_20250314_133817_031-300x200.jpg 300w, https:\/\/prensa.sma.gob.ar\/wp-content\/uploads\/2025\/03\/IMG_20250314_133817_031-768x512.jpg 768w, https:\/\/prensa.sma.gob.ar\/wp-content\/uploads\/2025\/03\/IMG_20250314_133817_031-630x420.jpg 630w, https:\/\/prensa.sma.gob.ar\/wp-content\/uploads\/2025\/03\/IMG_20250314_133817_031-696x464.jpg 696w, https:\/\/prensa.sma.gob.ar\/wp-content\/uploads\/2025\/03\/IMG_20250314_133817_031-1068x712.jpg 1068w, https:\/\/prensa.sma.gob.ar\/wp-content\/uploads\/2025\/03\/IMG_20250314_133817_031.jpg 1280w\" sizes=\"auto, (max-width: 1024px) 100vw, 1024px\" \/><\/figure>\n<\/figure>\n\n\n\n<p>En el encuentro, que se realiz\u00f3 este jueves 13 de marzo, estuvieron presentes la directora del IVH, Carolina Amaya; los funcionarios del Instituto de Vivienda y H\u00e1bitat del Municipio, Alejandra De Bonis, Paula Mora y Ramiro Morel; el concejal Carlos Men\u00e9ndez; y vecinos y vecinas pre-adjudicatarias.<\/p>\n\n\n\n<p>Durante la jornada, el Instituto de Vivienda inform\u00f3 sobre los avances en la infraestructura del terreno. Actualmente, se est\u00e1 trabajando en la agrimensura del loteo y, en paralelo, en la tasaci\u00f3n del valor de la tierra, lo que permitir\u00e1 definir el esquema de recupero. Sobre los servicios, De Bonis tambi\u00e9n aclar\u00f3: \u00abLas factibilidades fueron solicitadas desde el inicio del proyecto, y ahora estamos tramitando sus actualizaciones.\u00bb<\/p>\n\n\n\n<p>Estos encuentros, cuenta Ramiro Morel, son valiosos porque fortalecen el v\u00ednculo: \u00abLo m\u00e1s importante de estos espacios es que permiten a los vecinos involucrarse y acompa\u00f1ar el trabajo del Estado, sumando esfuerzos para avanzar juntos en la respuesta a la emergencia habitacional.\u00bb<\/p>\n\n\n\n<figure class=\"wp-block-gallery has-nested-images columns-default is-cropped wp-block-gallery-2 is-layout-flex wp-block-gallery-is-layout-flex\">\n<figure class=\"wp-block-image size-large\"><img loading=\"lazy\" decoding=\"async\" width=\"1024\" height=\"682\" data-id=\"5931\" src=\"https:\/\/prensa.sma.gob.ar\/wp-content\/uploads\/2025\/03\/IMG_20250314_133816_935-1024x682.jpg\" alt=\"\" class=\"wp-image-5931\" srcset=\"https:\/\/prensa.sma.gob.ar\/wp-content\/uploads\/2025\/03\/IMG_20250314_133816_935-1024x682.jpg 1024w, https:\/\/prensa.sma.gob.ar\/wp-content\/uploads\/2025\/03\/IMG_20250314_133816_935-300x200.jpg 300w, https:\/\/prensa.sma.gob.ar\/wp-content\/uploads\/2025\/03\/IMG_20250314_133816_935-768x512.jpg 768w, https:\/\/prensa.sma.gob.ar\/wp-content\/uploads\/2025\/03\/IMG_20250314_133816_935-630x420.jpg 630w, https:\/\/prensa.sma.gob.ar\/wp-content\/uploads\/2025\/03\/IMG_20250314_133816_935-696x464.jpg 696w, https:\/\/prensa.sma.gob.ar\/wp-content\/uploads\/2025\/03\/IMG_20250314_133816_935-1068x712.jpg 1068w, https:\/\/prensa.sma.gob.ar\/wp-content\/uploads\/2025\/03\/IMG_20250314_133816_935.jpg 1280w\" sizes=\"auto, (max-width: 1024px) 100vw, 1024px\" \/><\/figure>\n\n\n\n<figure class=\"wp-block-image size-large\"><img loading=\"lazy\" decoding=\"async\" width=\"1024\" height=\"682\" data-id=\"5932\" src=\"https:\/\/prensa.sma.gob.ar\/wp-content\/uploads\/2025\/03\/IMG_20250314_133816_991-1024x682.jpg\" alt=\"\" class=\"wp-image-5932\" srcset=\"https:\/\/prensa.sma.gob.ar\/wp-content\/uploads\/2025\/03\/IMG_20250314_133816_991-1024x682.jpg 1024w, https:\/\/prensa.sma.gob.ar\/wp-content\/uploads\/2025\/03\/IMG_20250314_133816_991-300x200.jpg 300w, https:\/\/prensa.sma.gob.ar\/wp-content\/uploads\/2025\/03\/IMG_20250314_133816_991-768x512.jpg 768w, https:\/\/prensa.sma.gob.ar\/wp-content\/uploads\/2025\/03\/IMG_20250314_133816_991-630x420.jpg 630w, https:\/\/prensa.sma.gob.ar\/wp-content\/uploads\/2025\/03\/IMG_20250314_133816_991-696x464.jpg 696w, https:\/\/prensa.sma.gob.ar\/wp-content\/uploads\/2025\/03\/IMG_20250314_133816_991-1068x712.jpg 1068w, https:\/\/prensa.sma.gob.ar\/wp-content\/uploads\/2025\/03\/IMG_20250314_133816_991.jpg 1280w\" sizes=\"auto, (max-width: 1024px) 100vw, 1024px\" \/><\/figure>\n\n\n\n<figure class=\"wp-block-image size-large\"><img loading=\"lazy\" decoding=\"async\" width=\"1024\" height=\"682\" data-id=\"5930\" src=\"https:\/\/prensa.sma.gob.ar\/wp-content\/uploads\/2025\/03\/IMG_20250314_133817_089-1024x682.jpg\" alt=\"\" class=\"wp-image-5930\" srcset=\"https:\/\/prensa.sma.gob.ar\/wp-content\/uploads\/2025\/03\/IMG_20250314_133817_089-1024x682.jpg 1024w, https:\/\/prensa.sma.gob.ar\/wp-content\/uploads\/2025\/03\/IMG_20250314_133817_089-300x200.jpg 300w, https:\/\/prensa.sma.gob.ar\/wp-content\/uploads\/2025\/03\/IMG_20250314_133817_089-768x512.jpg 768w, https:\/\/prensa.sma.gob.ar\/wp-content\/uploads\/2025\/03\/IMG_20250314_133817_089-630x420.jpg 630w, https:\/\/prensa.sma.gob.ar\/wp-content\/uploads\/2025\/03\/IMG_20250314_133817_089-696x464.jpg 696w, https:\/\/prensa.sma.gob.ar\/wp-content\/uploads\/2025\/03\/IMG_20250314_133817_089-1068x712.jpg 1068w, https:\/\/prensa.sma.gob.ar\/wp-content\/uploads\/2025\/03\/IMG_20250314_133817_089.jpg 1280w\" sizes=\"auto, (max-width: 1024px) 100vw, 1024px\" \/><\/figure>\n<\/figure>\n","protected":false},"excerpt":{"rendered":"<p>El Instituto Municipal de Vivienda y H\u00e1bitat de San Mart\u00edn de los Andes (IVH) llev\u00f3 a cabo una nueva jornada de la actividad \u00abDe la Tierra al Barrio\u00bb. En esta ocasi\u00f3n, 24 pre-adjudicatarios de los sorteos de lotes realizados el 1 de marzo y el 1 de agosto de 2024 participaron en una recorrida por [&hellip;]<\/p>\n","protected":false},"author":2,"featured_media":5940,"comment_status":"closed","ping_status":"open","sticky":false,"template":"","format":"standard","meta":{"footnotes":""},"categories":[16,14,1,37],"tags":[],"class_list":{"0":"post-5923","1":"post","2":"type-post","3":"status-publish","4":"format-standard","5":"has-post-thumbnail","7":"category-destacadas","8":"category-noticias","9":"category-uncategorized","10":"category-vivienda"},"_links":{"self":[{"href":"https:\/\/prensa.sma.gob.ar\/index.php?rest_route=\/wp\/v2\/posts\/5923","targetHints":{"allow":["GET"]}}],"collection":[{"href":"https:\/\/prensa.sma.gob.ar\/index.php?rest_route=\/wp\/v2\/posts"}],"about":[{"href":"https:\/\/prensa.sma.gob.ar\/index.php?rest_route=\/wp\/v2\/types\/post"}],"author":[{"embeddable":true,"href":"https:\/\/prensa.sma.gob.ar\/index.php?rest_route=\/wp\/v2\/users\/2"}],"replies":[{"embeddable":true,"href":"https:\/\/prensa.sma.gob.ar\/index.php?rest_route=%2Fwp%2Fv2%2Fcomments&post=5923"}],"version-history":[{"count":2,"href":"https:\/\/prensa.sma.gob.ar\/index.php?rest_route=\/wp\/v2\/posts\/5923\/revisions"}],"predecessor-version":[{"id":5938,"href":"https:\/\/prensa.sma.gob.ar\/index.php?rest_route=\/wp\/v2\/posts\/5923\/revisions\/5938"}],"wp:featuredmedia":[{"embeddable":true,"href":"https:\/\/prensa.sma.gob.ar\/index.php?rest_route=\/wp\/v2\/media\/5940"}],"wp:attachment":[{"href":"https:\/\/prensa.sma.gob.ar\/index.php?rest_route=%2Fwp%2Fv2%2Fmedia&parent=5923"}],"wp:term":[{"taxonomy":"category","embeddable":true,"href":"https:\/\/prensa.sma.gob.ar\/index.php?rest_route=%2Fwp%2Fv2%2Fcategories&post=5923"},{"taxonomy":"post_tag","embeddable":true,"href":"https:\/\/prensa.sma.gob.ar\/index.php?rest_route=%2Fwp%2Fv2%2Ftags&post=5923"}],"curies":[{"name":"wp","href":"https:\/\/api.w.org\/{rel}","templated":true}]}}