{"id":5961,"date":"2025-03-18T00:34:34","date_gmt":"2025-03-18T00:34:34","guid":{"rendered":"https:\/\/prensa.sma.gob.ar\/?p=5961"},"modified":"2025-03-18T00:38:23","modified_gmt":"2025-03-18T00:38:23","slug":"continua-el-registro-de-demanda-habitacional-regularizacion-dominial-y-mejoramiento-habitacional","status":"publish","type":"post","link":"https:\/\/prensa.sma.gob.ar\/?p=5961","title":{"rendered":"Contin\u00faa el registro de demanda habitacional, regularizaci\u00f3n dominial y mejoramiento"},"content":{"rendered":"\n<p>El Instituto Municipal de Vivienda y H\u00e1bitat (IVH) inform\u00f3 que, tan s\u00f3lo en el mes de enero, se inscribieron 8 familias nuevas en el registro de demanda habitacional de la localidad, alcanzando un total de 2.997 familias inscriptas hasta la fecha. Adem\u00e1s, en lo que va del a\u00f1o, se han entregado doce nuevos boletos de regularizaci\u00f3n dominial, reforzando el compromiso de brindar seguridad jur\u00eddica a las familias y promoviendo soluciones acordes a las necesidades del territorio.<\/p>\n\n\n\n<p>Es fundamental que quienes a\u00fan no est\u00e9n inscriptos en el registro lo hagan y que las familias que ya se encuentran registradas mantengan sus datos actualizados, ya que esta informaci\u00f3n es clave para la planificaci\u00f3n y generaci\u00f3n de soluciones habitacionales adecuadas a la demanda existente.<\/p>\n\n\n\n<p>Para la inscripci\u00f3n, se requiere una residencia m\u00ednima de un a\u00f1o en la localidad, mientras que, para participar en los sorteos del IVH, se exige al menos cinco a\u00f1os de residencia. Es necesario presentarse con el DNI original del titular y del grupo familiar, as\u00ed como el Certificado \u00danico de Discapacidad en caso de poseerlo. Existen dos sedes disponibles para inscribirse, detalladas a continuaci\u00f3n. <\/p>\n\n\n\n<p>Atenci\u00f3n en Chacra 30: Se pueden acercar los tercer martes de cada mes, de 8 a 13 horas para registro de demanda habitacional, consultas sobre regularizaci\u00f3n dominial en la delegaci\u00f3n municipal de Cordones del Chapelco, Av. Los Lagos 1900.<\/p>\n\n\n\n<p>Atenci\u00f3n en centro: Los d\u00edas martes y jueves de 8 a 13 horas, se realiza la inscripci\u00f3n en el Instituto de Vivienda, Villegas 1311.<\/p>\n\n\n\n<p>Si en cambio, lo que buscas es regularizaci\u00f3n dominial: se debe solicitar turno en el IVH y podes hacerlo a trav\u00e9s de las l\u00edneas de tel\u00e9fono:<\/p>\n\n\n\n<p>Tel\u00e9fono fijo: 427315 interno 600.<\/p>\n\n\n\n<p>Celular del instituto: 2972-43 0223.<\/p>\n\n\n\n<p>Durante el a\u00f1o 2024, se obtuvieron los siguientes datos respecto al registro de demanda habitacional:<\/p>\n\n\n\n<p>El 34,1% de las familias, no tienen trabajo formal.<\/p>\n\n\n\n<p>El 33,6% de las familias que tienen ingresos oscilan entre 0,5 y 2 del Salario M\u00ednimo Vital y M\u00f3vil<\/p>\n\n\n\n<p>El 47% de las familias que se inscribieron al registro, alquilan.<\/p>\n\n\n\n<p>El 11,2% tienen alg\u00fan integrante con discapacidad.<\/p>\n\n\n\n<p>Durante el 2024, se triplicaron las mejoras habitacionales respecto a la gesti\u00f3n del 2023, alcanzando un total de 35 mejoramientos entregados hasta octubre del mismo a\u00f1o. Estas mejoras se gestionan mediante un proceso de evaluaci\u00f3n que pondera diversos factores, como el tipo de familia, los ingresos y las condiciones de la vivienda.<\/p>\n","protected":false},"excerpt":{"rendered":"<p>El Instituto Municipal de Vivienda y H\u00e1bitat (IVH) inform\u00f3 que, tan s\u00f3lo en el mes de enero, se inscribieron 8 familias nuevas en el registro de demanda habitacional de la localidad, alcanzando un total de 2.997 familias inscriptas hasta la fecha. Adem\u00e1s, en lo que va del a\u00f1o, se han entregado doce nuevos boletos de [&hellip;]<\/p>\n","protected":false},"author":2,"featured_media":5962,"comment_status":"closed","ping_status":"open","sticky":false,"template":"","format":"standard","meta":{"footnotes":""},"categories":[16,14,17,37],"tags":[],"class_list":{"0":"post-5961","1":"post","2":"type-post","3":"status-publish","4":"format-standard","5":"has-post-thumbnail","7":"category-destacadas","8":"category-noticias","9":"category-portada","10":"category-vivienda"},"_links":{"self":[{"href":"https:\/\/prensa.sma.gob.ar\/index.php?rest_route=\/wp\/v2\/posts\/5961","targetHints":{"allow":["GET"]}}],"collection":[{"href":"https:\/\/prensa.sma.gob.ar\/index.php?rest_route=\/wp\/v2\/posts"}],"about":[{"href":"https:\/\/prensa.sma.gob.ar\/index.php?rest_route=\/wp\/v2\/types\/post"}],"author":[{"embeddable":true,"href":"https:\/\/prensa.sma.gob.ar\/index.php?rest_route=\/wp\/v2\/users\/2"}],"replies":[{"embeddable":true,"href":"https:\/\/prensa.sma.gob.ar\/index.php?rest_route=%2Fwp%2Fv2%2Fcomments&post=5961"}],"version-history":[{"count":3,"href":"https:\/\/prensa.sma.gob.ar\/index.php?rest_route=\/wp\/v2\/posts\/5961\/revisions"}],"predecessor-version":[{"id":5966,"href":"https:\/\/prensa.sma.gob.ar\/index.php?rest_route=\/wp\/v2\/posts\/5961\/revisions\/5966"}],"wp:featuredmedia":[{"embeddable":true,"href":"https:\/\/prensa.sma.gob.ar\/index.php?rest_route=\/wp\/v2\/media\/5962"}],"wp:attachment":[{"href":"https:\/\/prensa.sma.gob.ar\/index.php?rest_route=%2Fwp%2Fv2%2Fmedia&parent=5961"}],"wp:term":[{"taxonomy":"category","embeddable":true,"href":"https:\/\/prensa.sma.gob.ar\/index.php?rest_route=%2Fwp%2Fv2%2Fcategories&post=5961"},{"taxonomy":"post_tag","embeddable":true,"href":"https:\/\/prensa.sma.gob.ar\/index.php?rest_route=%2Fwp%2Fv2%2Ftags&post=5961"}],"curies":[{"name":"wp","href":"https:\/\/api.w.org\/{rel}","templated":true}]}}