{"id":5974,"date":"2025-03-18T15:20:25","date_gmt":"2025-03-18T15:20:25","guid":{"rendered":"https:\/\/prensa.sma.gob.ar\/?p=5974"},"modified":"2025-03-18T15:20:26","modified_gmt":"2025-03-18T15:20:26","slug":"con-varios-temas-en-agenda-el-intendente-recibio-a-vecinas-y-vecinos-del-barrio-intercultural","status":"publish","type":"post","link":"https:\/\/prensa.sma.gob.ar\/?p=5974","title":{"rendered":"Con varios temas en agenda, el intendente recibi\u00f3 a vecinas y vecinos del Barrio Intercultural"},"content":{"rendered":"\n<p>El intendente Carlos Saloniti recibi\u00f3 a representantes de la Comunidad Curruhuinca y de Vecinos Sin techo, del Barrio Intercultural, para buscar soluciones a varios temas planteados por las vecinas y los vecinos.<\/p>\n\n\n\n<p>El Municipio se comprometi\u00f3 a avanzar con el pedido de las vecinas y vecinos para que el transporte urbano de la L\u00ednea 9, al Intercultural, ingrese al barrio para facilitar la movilidad de quienes viven m\u00e1s alejados del ingreso al barrio, hasta donde llega actualmente el colectivo.<\/p>\n\n\n\n<p>En este sentido, el intendente Saloniti destac\u00f3 que la Tasa Vial y el Estacionamiento Medido permiten que el Municipio pueda atenuar el impacto financiero del transporte y atender algunas necesidades m\u00e1s urgentes de los barrios con mayor crecimiento poblacional.<\/p>\n\n\n\n<p>Tambi\u00e9n se acord\u00f3 que una m\u00e1quina del Municipio colaborar\u00e1 en el zanjeo del barrio para la instalaci\u00f3n del tendido el\u00e9ctrico subterr\u00e1neo, se quitar\u00e1n tocones de algunos lotes y se realizar\u00e1 el mejoramiento con enripiado y compactaci\u00f3n de algo m\u00e1s de 100 metros de calle para permitir el paso del transporte urbano.<\/p>\n\n\n\n<p>Los representantes tambi\u00e9n plantearon la necesidad de que el gas llegue al Barrio Intercultural, a partir de un proyecto que se hab\u00eda conversado con la anterior gesti\u00f3n del Gobierno nacional; y la importancia que tendr\u00eda la pavimentaci\u00f3n del tramo de la Ruta Provincial 48 que llega hasta el Lote 27.<\/p>\n\n\n\n<p>El intendente Saloniti estuvo acompa\u00f1ado por el secretario de Obras y Servicios P\u00fablicos, H\u00e9ctor Dur\u00e1n, que en las pr\u00f3ximas horas recorrer\u00e1 el barrio para dar cumplimiento a los compromisos asumidos por el Municipio.<\/p>\n\n\n\n<p>Las vecinas y vecinos elogiaron la construcci\u00f3n de la senda para acceder a la Epet 21, ya que tambi\u00e9n es utilizada para llegar al Intercultural. Tambi\u00e9n agradecieron, por carta entregada al intendente, a los trabajadores municipales que colaboran con las diferentes iniciativas de los habitantes para mejorar el barrio, donde actualmente viven unas 150 familias.<\/p>\n\n\n\n<figure class=\"wp-block-gallery has-nested-images columns-default is-cropped wp-block-gallery-1 is-layout-flex wp-block-gallery-is-layout-flex\">\n<figure class=\"wp-block-image size-large\"><img loading=\"lazy\" decoding=\"async\" width=\"1024\" height=\"628\" data-id=\"5977\" src=\"https:\/\/prensa.sma.gob.ar\/wp-content\/uploads\/2025\/03\/BARRIO-INTERCULTURAL-1-1024x628.jpg\" alt=\"\" class=\"wp-image-5977\" srcset=\"https:\/\/prensa.sma.gob.ar\/wp-content\/uploads\/2025\/03\/BARRIO-INTERCULTURAL-1-1024x628.jpg 1024w, https:\/\/prensa.sma.gob.ar\/wp-content\/uploads\/2025\/03\/BARRIO-INTERCULTURAL-1-300x184.jpg 300w, https:\/\/prensa.sma.gob.ar\/wp-content\/uploads\/2025\/03\/BARRIO-INTERCULTURAL-1-768x471.jpg 768w, https:\/\/prensa.sma.gob.ar\/wp-content\/uploads\/2025\/03\/BARRIO-INTERCULTURAL-1-1536x942.jpg 1536w, https:\/\/prensa.sma.gob.ar\/wp-content\/uploads\/2025\/03\/BARRIO-INTERCULTURAL-1-685x420.jpg 685w, https:\/\/prensa.sma.gob.ar\/wp-content\/uploads\/2025\/03\/BARRIO-INTERCULTURAL-1-696x427.jpg 696w, https:\/\/prensa.sma.gob.ar\/wp-content\/uploads\/2025\/03\/BARRIO-INTERCULTURAL-1-1068x655.jpg 1068w, https:\/\/prensa.sma.gob.ar\/wp-content\/uploads\/2025\/03\/BARRIO-INTERCULTURAL-1.jpg 1600w\" sizes=\"auto, (max-width: 1024px) 100vw, 1024px\" \/><\/figure>\n\n\n\n<figure class=\"wp-block-image size-large\"><img loading=\"lazy\" decoding=\"async\" width=\"1024\" height=\"576\" data-id=\"5976\" src=\"https:\/\/prensa.sma.gob.ar\/wp-content\/uploads\/2025\/03\/BARRIO-INTERCULTURAL-2-1024x576.jpg\" alt=\"\" class=\"wp-image-5976\" srcset=\"https:\/\/prensa.sma.gob.ar\/wp-content\/uploads\/2025\/03\/BARRIO-INTERCULTURAL-2-1024x576.jpg 1024w, https:\/\/prensa.sma.gob.ar\/wp-content\/uploads\/2025\/03\/BARRIO-INTERCULTURAL-2-300x169.jpg 300w, https:\/\/prensa.sma.gob.ar\/wp-content\/uploads\/2025\/03\/BARRIO-INTERCULTURAL-2-768x432.jpg 768w, https:\/\/prensa.sma.gob.ar\/wp-content\/uploads\/2025\/03\/BARRIO-INTERCULTURAL-2-1536x864.jpg 1536w, https:\/\/prensa.sma.gob.ar\/wp-content\/uploads\/2025\/03\/BARRIO-INTERCULTURAL-2-747x420.jpg 747w, https:\/\/prensa.sma.gob.ar\/wp-content\/uploads\/2025\/03\/BARRIO-INTERCULTURAL-2-696x392.jpg 696w, https:\/\/prensa.sma.gob.ar\/wp-content\/uploads\/2025\/03\/BARRIO-INTERCULTURAL-2-1068x601.jpg 1068w, https:\/\/prensa.sma.gob.ar\/wp-content\/uploads\/2025\/03\/BARRIO-INTERCULTURAL-2.jpg 1600w\" sizes=\"auto, (max-width: 1024px) 100vw, 1024px\" \/><\/figure>\n\n\n\n<figure class=\"wp-block-image size-large\"><img loading=\"lazy\" decoding=\"async\" width=\"1024\" height=\"576\" data-id=\"5980\" src=\"https:\/\/prensa.sma.gob.ar\/wp-content\/uploads\/2025\/03\/BARRIO-INTERCULTURAL-3-1024x576.jpg\" alt=\"\" class=\"wp-image-5980\" srcset=\"https:\/\/prensa.sma.gob.ar\/wp-content\/uploads\/2025\/03\/BARRIO-INTERCULTURAL-3-1024x576.jpg 1024w, https:\/\/prensa.sma.gob.ar\/wp-content\/uploads\/2025\/03\/BARRIO-INTERCULTURAL-3-300x169.jpg 300w, https:\/\/prensa.sma.gob.ar\/wp-content\/uploads\/2025\/03\/BARRIO-INTERCULTURAL-3-768x432.jpg 768w, https:\/\/prensa.sma.gob.ar\/wp-content\/uploads\/2025\/03\/BARRIO-INTERCULTURAL-3-1536x864.jpg 1536w, https:\/\/prensa.sma.gob.ar\/wp-content\/uploads\/2025\/03\/BARRIO-INTERCULTURAL-3-747x420.jpg 747w, https:\/\/prensa.sma.gob.ar\/wp-content\/uploads\/2025\/03\/BARRIO-INTERCULTURAL-3-696x392.jpg 696w, https:\/\/prensa.sma.gob.ar\/wp-content\/uploads\/2025\/03\/BARRIO-INTERCULTURAL-3-1068x601.jpg 1068w, https:\/\/prensa.sma.gob.ar\/wp-content\/uploads\/2025\/03\/BARRIO-INTERCULTURAL-3.jpg 1600w\" sizes=\"auto, (max-width: 1024px) 100vw, 1024px\" \/><\/figure>\n\n\n\n<figure class=\"wp-block-image size-large\"><img loading=\"lazy\" decoding=\"async\" width=\"1024\" height=\"576\" data-id=\"5979\" src=\"https:\/\/prensa.sma.gob.ar\/wp-content\/uploads\/2025\/03\/BARRIO-INTERCULTURAL-4-1024x576.jpg\" alt=\"\" class=\"wp-image-5979\" srcset=\"https:\/\/prensa.sma.gob.ar\/wp-content\/uploads\/2025\/03\/BARRIO-INTERCULTURAL-4-1024x576.jpg 1024w, https:\/\/prensa.sma.gob.ar\/wp-content\/uploads\/2025\/03\/BARRIO-INTERCULTURAL-4-300x169.jpg 300w, https:\/\/prensa.sma.gob.ar\/wp-content\/uploads\/2025\/03\/BARRIO-INTERCULTURAL-4-768x432.jpg 768w, https:\/\/prensa.sma.gob.ar\/wp-content\/uploads\/2025\/03\/BARRIO-INTERCULTURAL-4-1536x864.jpg 1536w, https:\/\/prensa.sma.gob.ar\/wp-content\/uploads\/2025\/03\/BARRIO-INTERCULTURAL-4-747x420.jpg 747w, https:\/\/prensa.sma.gob.ar\/wp-content\/uploads\/2025\/03\/BARRIO-INTERCULTURAL-4-696x392.jpg 696w, https:\/\/prensa.sma.gob.ar\/wp-content\/uploads\/2025\/03\/BARRIO-INTERCULTURAL-4-1068x601.jpg 1068w, https:\/\/prensa.sma.gob.ar\/wp-content\/uploads\/2025\/03\/BARRIO-INTERCULTURAL-4.jpg 1600w\" sizes=\"auto, (max-width: 1024px) 100vw, 1024px\" \/><\/figure>\n\n\n\n<figure class=\"wp-block-image size-large\"><img loading=\"lazy\" decoding=\"async\" width=\"1024\" height=\"576\" data-id=\"5978\" src=\"https:\/\/prensa.sma.gob.ar\/wp-content\/uploads\/2025\/03\/BARRIO-INTERCULTURAL-5-1024x576.jpg\" alt=\"\" class=\"wp-image-5978\" srcset=\"https:\/\/prensa.sma.gob.ar\/wp-content\/uploads\/2025\/03\/BARRIO-INTERCULTURAL-5-1024x576.jpg 1024w, https:\/\/prensa.sma.gob.ar\/wp-content\/uploads\/2025\/03\/BARRIO-INTERCULTURAL-5-300x169.jpg 300w, https:\/\/prensa.sma.gob.ar\/wp-content\/uploads\/2025\/03\/BARRIO-INTERCULTURAL-5-768x432.jpg 768w, https:\/\/prensa.sma.gob.ar\/wp-content\/uploads\/2025\/03\/BARRIO-INTERCULTURAL-5-1536x864.jpg 1536w, https:\/\/prensa.sma.gob.ar\/wp-content\/uploads\/2025\/03\/BARRIO-INTERCULTURAL-5-747x420.jpg 747w, https:\/\/prensa.sma.gob.ar\/wp-content\/uploads\/2025\/03\/BARRIO-INTERCULTURAL-5-696x392.jpg 696w, https:\/\/prensa.sma.gob.ar\/wp-content\/uploads\/2025\/03\/BARRIO-INTERCULTURAL-5-1068x601.jpg 1068w, https:\/\/prensa.sma.gob.ar\/wp-content\/uploads\/2025\/03\/BARRIO-INTERCULTURAL-5.jpg 1600w\" sizes=\"auto, (max-width: 1024px) 100vw, 1024px\" \/><\/figure>\n\n\n\n<figure class=\"wp-block-image size-large\"><img loading=\"lazy\" decoding=\"async\" width=\"1024\" height=\"585\" data-id=\"5981\" src=\"https:\/\/prensa.sma.gob.ar\/wp-content\/uploads\/2025\/03\/BARRIO-INTERCULTURAL-6-1024x585.jpg\" alt=\"\" class=\"wp-image-5981\" srcset=\"https:\/\/prensa.sma.gob.ar\/wp-content\/uploads\/2025\/03\/BARRIO-INTERCULTURAL-6-1024x585.jpg 1024w, https:\/\/prensa.sma.gob.ar\/wp-content\/uploads\/2025\/03\/BARRIO-INTERCULTURAL-6-300x171.jpg 300w, https:\/\/prensa.sma.gob.ar\/wp-content\/uploads\/2025\/03\/BARRIO-INTERCULTURAL-6-768x439.jpg 768w, https:\/\/prensa.sma.gob.ar\/wp-content\/uploads\/2025\/03\/BARRIO-INTERCULTURAL-6-1536x877.jpg 1536w, https:\/\/prensa.sma.gob.ar\/wp-content\/uploads\/2025\/03\/BARRIO-INTERCULTURAL-6-735x420.jpg 735w, https:\/\/prensa.sma.gob.ar\/wp-content\/uploads\/2025\/03\/BARRIO-INTERCULTURAL-6-696x398.jpg 696w, https:\/\/prensa.sma.gob.ar\/wp-content\/uploads\/2025\/03\/BARRIO-INTERCULTURAL-6-1068x610.jpg 1068w, https:\/\/prensa.sma.gob.ar\/wp-content\/uploads\/2025\/03\/BARRIO-INTERCULTURAL-6.jpg 1600w\" sizes=\"auto, (max-width: 1024px) 100vw, 1024px\" \/><\/figure>\n\n\n\n<figure class=\"wp-block-image size-large\"><img loading=\"lazy\" decoding=\"async\" width=\"1024\" height=\"630\" data-id=\"5982\" src=\"https:\/\/prensa.sma.gob.ar\/wp-content\/uploads\/2025\/03\/BARRIO-INTERCULTURAL-1024x630.jpg\" alt=\"\" class=\"wp-image-5982\" srcset=\"https:\/\/prensa.sma.gob.ar\/wp-content\/uploads\/2025\/03\/BARRIO-INTERCULTURAL-1024x630.jpg 1024w, https:\/\/prensa.sma.gob.ar\/wp-content\/uploads\/2025\/03\/BARRIO-INTERCULTURAL-300x185.jpg 300w, https:\/\/prensa.sma.gob.ar\/wp-content\/uploads\/2025\/03\/BARRIO-INTERCULTURAL-768x473.jpg 768w, https:\/\/prensa.sma.gob.ar\/wp-content\/uploads\/2025\/03\/BARRIO-INTERCULTURAL-1536x946.jpg 1536w, https:\/\/prensa.sma.gob.ar\/wp-content\/uploads\/2025\/03\/BARRIO-INTERCULTURAL-682x420.jpg 682w, https:\/\/prensa.sma.gob.ar\/wp-content\/uploads\/2025\/03\/BARRIO-INTERCULTURAL-696x428.jpg 696w, https:\/\/prensa.sma.gob.ar\/wp-content\/uploads\/2025\/03\/BARRIO-INTERCULTURAL-1068x657.jpg 1068w, https:\/\/prensa.sma.gob.ar\/wp-content\/uploads\/2025\/03\/BARRIO-INTERCULTURAL.jpg 1600w\" sizes=\"auto, (max-width: 1024px) 100vw, 1024px\" \/><\/figure>\n\n\n\n<figure class=\"wp-block-image size-large\"><img loading=\"lazy\" decoding=\"async\" width=\"1024\" height=\"585\" data-id=\"5983\" src=\"https:\/\/prensa.sma.gob.ar\/wp-content\/uploads\/2025\/03\/BARRIO-INTERCULTURAL-6-1-1024x585.jpg\" alt=\"\" class=\"wp-image-5983\" srcset=\"https:\/\/prensa.sma.gob.ar\/wp-content\/uploads\/2025\/03\/BARRIO-INTERCULTURAL-6-1-1024x585.jpg 1024w, https:\/\/prensa.sma.gob.ar\/wp-content\/uploads\/2025\/03\/BARRIO-INTERCULTURAL-6-1-300x171.jpg 300w, https:\/\/prensa.sma.gob.ar\/wp-content\/uploads\/2025\/03\/BARRIO-INTERCULTURAL-6-1-768x439.jpg 768w, https:\/\/prensa.sma.gob.ar\/wp-content\/uploads\/2025\/03\/BARRIO-INTERCULTURAL-6-1-1536x877.jpg 1536w, https:\/\/prensa.sma.gob.ar\/wp-content\/uploads\/2025\/03\/BARRIO-INTERCULTURAL-6-1-735x420.jpg 735w, https:\/\/prensa.sma.gob.ar\/wp-content\/uploads\/2025\/03\/BARRIO-INTERCULTURAL-6-1-696x398.jpg 696w, https:\/\/prensa.sma.gob.ar\/wp-content\/uploads\/2025\/03\/BARRIO-INTERCULTURAL-6-1-1068x610.jpg 1068w, https:\/\/prensa.sma.gob.ar\/wp-content\/uploads\/2025\/03\/BARRIO-INTERCULTURAL-6-1.jpg 1600w\" sizes=\"auto, (max-width: 1024px) 100vw, 1024px\" \/><\/figure>\n<\/figure>\n","protected":false},"excerpt":{"rendered":"<p>El intendente Carlos Saloniti recibi\u00f3 a representantes de la Comunidad Curruhuinca y de Vecinos Sin techo, del Barrio Intercultural, para buscar soluciones a varios temas planteados por las vecinas y los vecinos. El Municipio se comprometi\u00f3 a avanzar con el pedido de las vecinas y vecinos para que el transporte urbano de la L\u00ednea 9, [&hellip;]<\/p>\n","protected":false},"author":1,"featured_media":5975,"comment_status":"closed","ping_status":"open","sticky":false,"template":"","format":"standard","meta":{"footnotes":""},"categories":[16,14,17],"tags":[],"class_list":{"0":"post-5974","1":"post","2":"type-post","3":"status-publish","4":"format-standard","5":"has-post-thumbnail","7":"category-destacadas","8":"category-noticias","9":"category-portada"},"_links":{"self":[{"href":"https:\/\/prensa.sma.gob.ar\/index.php?rest_route=\/wp\/v2\/posts\/5974","targetHints":{"allow":["GET"]}}],"collection":[{"href":"https:\/\/prensa.sma.gob.ar\/index.php?rest_route=\/wp\/v2\/posts"}],"about":[{"href":"https:\/\/prensa.sma.gob.ar\/index.php?rest_route=\/wp\/v2\/types\/post"}],"author":[{"embeddable":true,"href":"https:\/\/prensa.sma.gob.ar\/index.php?rest_route=\/wp\/v2\/users\/1"}],"replies":[{"embeddable":true,"href":"https:\/\/prensa.sma.gob.ar\/index.php?rest_route=%2Fwp%2Fv2%2Fcomments&post=5974"}],"version-history":[{"count":1,"href":"https:\/\/prensa.sma.gob.ar\/index.php?rest_route=\/wp\/v2\/posts\/5974\/revisions"}],"predecessor-version":[{"id":5984,"href":"https:\/\/prensa.sma.gob.ar\/index.php?rest_route=\/wp\/v2\/posts\/5974\/revisions\/5984"}],"wp:featuredmedia":[{"embeddable":true,"href":"https:\/\/prensa.sma.gob.ar\/index.php?rest_route=\/wp\/v2\/media\/5975"}],"wp:attachment":[{"href":"https:\/\/prensa.sma.gob.ar\/index.php?rest_route=%2Fwp%2Fv2%2Fmedia&parent=5974"}],"wp:term":[{"taxonomy":"category","embeddable":true,"href":"https:\/\/prensa.sma.gob.ar\/index.php?rest_route=%2Fwp%2Fv2%2Fcategories&post=5974"},{"taxonomy":"post_tag","embeddable":true,"href":"https:\/\/prensa.sma.gob.ar\/index.php?rest_route=%2Fwp%2Fv2%2Ftags&post=5974"}],"curies":[{"name":"wp","href":"https:\/\/api.w.org\/{rel}","templated":true}]}}