{"id":5988,"date":"2025-03-18T23:29:42","date_gmt":"2025-03-18T23:29:42","guid":{"rendered":"https:\/\/prensa.sma.gob.ar\/?p=5988"},"modified":"2025-03-18T23:48:37","modified_gmt":"2025-03-18T23:48:37","slug":"avanza-el-informe-final-para-licitar-la-reactivacion-de-la-vieja-usina","status":"publish","type":"post","link":"https:\/\/prensa.sma.gob.ar\/?p=5988","title":{"rendered":"Avanza la elaboraci\u00f3n del Proyecto Ejecutivo la reactivaci\u00f3n de la vieja usina"},"content":{"rendered":"\n<p>Funcionarios de la Agencia de Inversi\u00f3n de Neuqu\u00e9n (ADI) y consultores de la empresa HISSA, contratados por el Consejo Federal de Inversiones (CFI), visitaron San Mart\u00edn de los Andes para finalizar el informe para reactivar la usina hidroel\u00e9ctrica en el arroyo Calbuco.<\/p>\n\n\n\n<p>El prop\u00f3sito de la visita, que incluy\u00f3 una reuni\u00f3n con el intendente Carlos Saloniti y una recorrida por la vieja usina, fue finalizar el Proyecto Ejecutivo para la reactivaci\u00f3n de esas instalaciones y generar energ\u00eda el\u00e9ctrica renovable.<\/p>\n\n\n\n<p>La comitiva estuvo compuesta por el gerente del ADI, Lucas Riavitz, y el asesor t\u00e9cnico N\u00e9stor Cabezas; los consultores Oscar Navarro, director de la empresa HISSA, y los t\u00e9cnicos Luis Cavanni y Guillermo Gonzales Andia; y Tom\u00e1s Bianchi del CFI.<\/p>\n\n\n\n<figure class=\"wp-block-gallery has-nested-images columns-default is-cropped wp-block-gallery-1 is-layout-flex wp-block-gallery-is-layout-flex\">\n<figure class=\"wp-block-image size-large\"><img loading=\"lazy\" decoding=\"async\" width=\"1024\" height=\"576\" data-id=\"5989\" src=\"https:\/\/prensa.sma.gob.ar\/wp-content\/uploads\/2025\/03\/WhatsApp-Image-2025-03-18-at-11.48.02-1024x576.jpeg\" alt=\"\" class=\"wp-image-5989\" srcset=\"https:\/\/prensa.sma.gob.ar\/wp-content\/uploads\/2025\/03\/WhatsApp-Image-2025-03-18-at-11.48.02-1024x576.jpeg 1024w, https:\/\/prensa.sma.gob.ar\/wp-content\/uploads\/2025\/03\/WhatsApp-Image-2025-03-18-at-11.48.02-300x169.jpeg 300w, https:\/\/prensa.sma.gob.ar\/wp-content\/uploads\/2025\/03\/WhatsApp-Image-2025-03-18-at-11.48.02-768x432.jpeg 768w, https:\/\/prensa.sma.gob.ar\/wp-content\/uploads\/2025\/03\/WhatsApp-Image-2025-03-18-at-11.48.02-1536x864.jpeg 1536w, https:\/\/prensa.sma.gob.ar\/wp-content\/uploads\/2025\/03\/WhatsApp-Image-2025-03-18-at-11.48.02-747x420.jpeg 747w, https:\/\/prensa.sma.gob.ar\/wp-content\/uploads\/2025\/03\/WhatsApp-Image-2025-03-18-at-11.48.02-696x392.jpeg 696w, https:\/\/prensa.sma.gob.ar\/wp-content\/uploads\/2025\/03\/WhatsApp-Image-2025-03-18-at-11.48.02-1068x601.jpeg 1068w, https:\/\/prensa.sma.gob.ar\/wp-content\/uploads\/2025\/03\/WhatsApp-Image-2025-03-18-at-11.48.02.jpeg 1600w\" sizes=\"auto, (max-width: 1024px) 100vw, 1024px\" \/><\/figure>\n\n\n\n<figure class=\"wp-block-image size-large\"><img loading=\"lazy\" decoding=\"async\" width=\"1024\" height=\"576\" data-id=\"5990\" src=\"https:\/\/prensa.sma.gob.ar\/wp-content\/uploads\/2025\/03\/WhatsApp-Image-2025-03-18-at-11.48.02-1-1024x576.jpeg\" alt=\"\" class=\"wp-image-5990\" srcset=\"https:\/\/prensa.sma.gob.ar\/wp-content\/uploads\/2025\/03\/WhatsApp-Image-2025-03-18-at-11.48.02-1-1024x576.jpeg 1024w, https:\/\/prensa.sma.gob.ar\/wp-content\/uploads\/2025\/03\/WhatsApp-Image-2025-03-18-at-11.48.02-1-300x169.jpeg 300w, https:\/\/prensa.sma.gob.ar\/wp-content\/uploads\/2025\/03\/WhatsApp-Image-2025-03-18-at-11.48.02-1-768x432.jpeg 768w, https:\/\/prensa.sma.gob.ar\/wp-content\/uploads\/2025\/03\/WhatsApp-Image-2025-03-18-at-11.48.02-1-1536x864.jpeg 1536w, https:\/\/prensa.sma.gob.ar\/wp-content\/uploads\/2025\/03\/WhatsApp-Image-2025-03-18-at-11.48.02-1-747x420.jpeg 747w, https:\/\/prensa.sma.gob.ar\/wp-content\/uploads\/2025\/03\/WhatsApp-Image-2025-03-18-at-11.48.02-1-696x392.jpeg 696w, https:\/\/prensa.sma.gob.ar\/wp-content\/uploads\/2025\/03\/WhatsApp-Image-2025-03-18-at-11.48.02-1-1068x601.jpeg 1068w, https:\/\/prensa.sma.gob.ar\/wp-content\/uploads\/2025\/03\/WhatsApp-Image-2025-03-18-at-11.48.02-1.jpeg 1600w\" sizes=\"auto, (max-width: 1024px) 100vw, 1024px\" \/><\/figure>\n\n\n\n<figure class=\"wp-block-image size-large\"><img loading=\"lazy\" decoding=\"async\" width=\"1024\" height=\"576\" data-id=\"5991\" src=\"https:\/\/prensa.sma.gob.ar\/wp-content\/uploads\/2025\/03\/WhatsApp-Image-2025-03-18-at-11.48.01-1024x576.jpeg\" alt=\"\" class=\"wp-image-5991\" srcset=\"https:\/\/prensa.sma.gob.ar\/wp-content\/uploads\/2025\/03\/WhatsApp-Image-2025-03-18-at-11.48.01-1024x576.jpeg 1024w, https:\/\/prensa.sma.gob.ar\/wp-content\/uploads\/2025\/03\/WhatsApp-Image-2025-03-18-at-11.48.01-300x169.jpeg 300w, https:\/\/prensa.sma.gob.ar\/wp-content\/uploads\/2025\/03\/WhatsApp-Image-2025-03-18-at-11.48.01-768x432.jpeg 768w, https:\/\/prensa.sma.gob.ar\/wp-content\/uploads\/2025\/03\/WhatsApp-Image-2025-03-18-at-11.48.01-1536x864.jpeg 1536w, https:\/\/prensa.sma.gob.ar\/wp-content\/uploads\/2025\/03\/WhatsApp-Image-2025-03-18-at-11.48.01-747x420.jpeg 747w, https:\/\/prensa.sma.gob.ar\/wp-content\/uploads\/2025\/03\/WhatsApp-Image-2025-03-18-at-11.48.01-696x392.jpeg 696w, https:\/\/prensa.sma.gob.ar\/wp-content\/uploads\/2025\/03\/WhatsApp-Image-2025-03-18-at-11.48.01-1068x601.jpeg 1068w, https:\/\/prensa.sma.gob.ar\/wp-content\/uploads\/2025\/03\/WhatsApp-Image-2025-03-18-at-11.48.01.jpeg 1600w\" sizes=\"auto, (max-width: 1024px) 100vw, 1024px\" \/><\/figure>\n<\/figure>\n\n\n\n<p>El intendente recibi\u00f3 a un grupo de la delegaci\u00f3n este martes en el Sal\u00f3n Municipal mientras otro grupo asisti\u00f3 a las instalaciones del ex Hotel Sol para a reunirse con el personal de la Direcci\u00f3n de Gesti\u00f3n Ambiental e interiorizarse de la normativa ambiental. De la recorrida por la usina, realizada el lunes, particip\u00f3 el subsecretario del Consejo de Planificaci\u00f3n Estrat\u00e9gica (CoPE), F\u00e9lix Cariboni, ya que la vieja usina es un proyecto motor del Plan Estrat\u00e9gico 2030.<\/p>\n\n\n\n<p>La comitiva visit\u00f3 las instalaciones del Ente Provincial del Energ\u00eda del Neuqu\u00e9n (EPEN), donde se encuentran las instalaciones de la usina y la ca\u00edda de la cascada del arroyo. En el EPEN fueron recibidos por la jefa de la Unidad Regional Sur, Ver\u00f3nica Quezada; el jefe del \u00c1rea T\u00e9cnica de Operaciones, Gast\u00f3n Bellabarba; y el jefe t\u00e9cnico del Servicio El\u00e9ctrico de San Mart\u00edn de los Andes, Leandro Cooper.<\/p>\n\n\n\n<figure class=\"wp-block-gallery has-nested-images columns-default is-cropped wp-block-gallery-2 is-layout-flex wp-block-gallery-is-layout-flex\">\n<figure class=\"wp-block-image size-large\"><img loading=\"lazy\" decoding=\"async\" width=\"1024\" height=\"576\" data-id=\"6004\" src=\"https:\/\/prensa.sma.gob.ar\/wp-content\/uploads\/2025\/03\/WhatsApp-Image-2025-03-17-at-22.17.271-1024x576.jpeg\" alt=\"\" class=\"wp-image-6004\" srcset=\"https:\/\/prensa.sma.gob.ar\/wp-content\/uploads\/2025\/03\/WhatsApp-Image-2025-03-17-at-22.17.271-1024x576.jpeg 1024w, https:\/\/prensa.sma.gob.ar\/wp-content\/uploads\/2025\/03\/WhatsApp-Image-2025-03-17-at-22.17.271-300x169.jpeg 300w, https:\/\/prensa.sma.gob.ar\/wp-content\/uploads\/2025\/03\/WhatsApp-Image-2025-03-17-at-22.17.271-768x432.jpeg 768w, https:\/\/prensa.sma.gob.ar\/wp-content\/uploads\/2025\/03\/WhatsApp-Image-2025-03-17-at-22.17.271-747x420.jpeg 747w, https:\/\/prensa.sma.gob.ar\/wp-content\/uploads\/2025\/03\/WhatsApp-Image-2025-03-17-at-22.17.271-696x392.jpeg 696w, https:\/\/prensa.sma.gob.ar\/wp-content\/uploads\/2025\/03\/WhatsApp-Image-2025-03-17-at-22.17.271-1068x601.jpeg 1068w, https:\/\/prensa.sma.gob.ar\/wp-content\/uploads\/2025\/03\/WhatsApp-Image-2025-03-17-at-22.17.271.jpeg 1280w\" sizes=\"auto, (max-width: 1024px) 100vw, 1024px\" \/><\/figure>\n\n\n\n<figure class=\"wp-block-image size-large\"><img loading=\"lazy\" decoding=\"async\" width=\"1024\" height=\"576\" data-id=\"6002\" src=\"https:\/\/prensa.sma.gob.ar\/wp-content\/uploads\/2025\/03\/WhatsApp-Image-2025-03-17-at-22.17.27-1024x576.jpeg\" alt=\"\" class=\"wp-image-6002\" srcset=\"https:\/\/prensa.sma.gob.ar\/wp-content\/uploads\/2025\/03\/WhatsApp-Image-2025-03-17-at-22.17.27-1024x576.jpeg 1024w, https:\/\/prensa.sma.gob.ar\/wp-content\/uploads\/2025\/03\/WhatsApp-Image-2025-03-17-at-22.17.27-300x169.jpeg 300w, https:\/\/prensa.sma.gob.ar\/wp-content\/uploads\/2025\/03\/WhatsApp-Image-2025-03-17-at-22.17.27-768x432.jpeg 768w, https:\/\/prensa.sma.gob.ar\/wp-content\/uploads\/2025\/03\/WhatsApp-Image-2025-03-17-at-22.17.27-1536x864.jpeg 1536w, https:\/\/prensa.sma.gob.ar\/wp-content\/uploads\/2025\/03\/WhatsApp-Image-2025-03-17-at-22.17.27-747x420.jpeg 747w, https:\/\/prensa.sma.gob.ar\/wp-content\/uploads\/2025\/03\/WhatsApp-Image-2025-03-17-at-22.17.27-696x392.jpeg 696w, https:\/\/prensa.sma.gob.ar\/wp-content\/uploads\/2025\/03\/WhatsApp-Image-2025-03-17-at-22.17.27-1068x601.jpeg 1068w, https:\/\/prensa.sma.gob.ar\/wp-content\/uploads\/2025\/03\/WhatsApp-Image-2025-03-17-at-22.17.27.jpeg 1600w\" sizes=\"auto, (max-width: 1024px) 100vw, 1024px\" \/><\/figure>\n\n\n\n<figure class=\"wp-block-image size-large\"><img loading=\"lazy\" decoding=\"async\" width=\"1024\" height=\"576\" data-id=\"6001\" src=\"https:\/\/prensa.sma.gob.ar\/wp-content\/uploads\/2025\/03\/WhatsApp-Image-2025-03-17-at-22.17.29-1024x576.jpeg\" alt=\"\" class=\"wp-image-6001\" srcset=\"https:\/\/prensa.sma.gob.ar\/wp-content\/uploads\/2025\/03\/WhatsApp-Image-2025-03-17-at-22.17.29-1024x576.jpeg 1024w, https:\/\/prensa.sma.gob.ar\/wp-content\/uploads\/2025\/03\/WhatsApp-Image-2025-03-17-at-22.17.29-300x169.jpeg 300w, https:\/\/prensa.sma.gob.ar\/wp-content\/uploads\/2025\/03\/WhatsApp-Image-2025-03-17-at-22.17.29-768x432.jpeg 768w, https:\/\/prensa.sma.gob.ar\/wp-content\/uploads\/2025\/03\/WhatsApp-Image-2025-03-17-at-22.17.29-1536x864.jpeg 1536w, https:\/\/prensa.sma.gob.ar\/wp-content\/uploads\/2025\/03\/WhatsApp-Image-2025-03-17-at-22.17.29-747x420.jpeg 747w, https:\/\/prensa.sma.gob.ar\/wp-content\/uploads\/2025\/03\/WhatsApp-Image-2025-03-17-at-22.17.29-696x392.jpeg 696w, https:\/\/prensa.sma.gob.ar\/wp-content\/uploads\/2025\/03\/WhatsApp-Image-2025-03-17-at-22.17.29-1068x601.jpeg 1068w, https:\/\/prensa.sma.gob.ar\/wp-content\/uploads\/2025\/03\/WhatsApp-Image-2025-03-17-at-22.17.29.jpeg 1600w\" sizes=\"auto, (max-width: 1024px) 100vw, 1024px\" \/><\/figure>\n<\/figure>\n\n\n\n<p>El lunes, el grupo&nbsp; tambi\u00e9n ingres\u00f3 al barrio Cascada Chica para determinar la trayectoria de la cascada como as\u00ed tambi\u00e9n en las instalaciones de la usina, hoy en estado de abandono. <\/p>\n\n\n\n<p>El ADI se encuentra por todo el territorio neuquino llevando adelante la importante tarea de reactivar hidroel\u00e9ctricas similares que se encuentran abandonadas en toda la provincia para poder aprovechar la energ\u00eda renovable.<\/p>\n\n\n\n<figure class=\"wp-block-gallery has-nested-images columns-default is-cropped wp-block-gallery-3 is-layout-flex wp-block-gallery-is-layout-flex\">\n<figure class=\"wp-block-image size-large\"><img loading=\"lazy\" decoding=\"async\" width=\"1024\" height=\"576\" data-id=\"6003\" src=\"https:\/\/prensa.sma.gob.ar\/wp-content\/uploads\/2025\/03\/WhatsApp-Image-2025-03-17-at-22.17.28-1024x576.jpeg\" alt=\"\" class=\"wp-image-6003\" srcset=\"https:\/\/prensa.sma.gob.ar\/wp-content\/uploads\/2025\/03\/WhatsApp-Image-2025-03-17-at-22.17.28-1024x576.jpeg 1024w, https:\/\/prensa.sma.gob.ar\/wp-content\/uploads\/2025\/03\/WhatsApp-Image-2025-03-17-at-22.17.28-300x169.jpeg 300w, https:\/\/prensa.sma.gob.ar\/wp-content\/uploads\/2025\/03\/WhatsApp-Image-2025-03-17-at-22.17.28-768x432.jpeg 768w, https:\/\/prensa.sma.gob.ar\/wp-content\/uploads\/2025\/03\/WhatsApp-Image-2025-03-17-at-22.17.28-1536x864.jpeg 1536w, https:\/\/prensa.sma.gob.ar\/wp-content\/uploads\/2025\/03\/WhatsApp-Image-2025-03-17-at-22.17.28-747x420.jpeg 747w, https:\/\/prensa.sma.gob.ar\/wp-content\/uploads\/2025\/03\/WhatsApp-Image-2025-03-17-at-22.17.28-696x392.jpeg 696w, https:\/\/prensa.sma.gob.ar\/wp-content\/uploads\/2025\/03\/WhatsApp-Image-2025-03-17-at-22.17.28-1068x601.jpeg 1068w, https:\/\/prensa.sma.gob.ar\/wp-content\/uploads\/2025\/03\/WhatsApp-Image-2025-03-17-at-22.17.28.jpeg 1600w\" sizes=\"auto, (max-width: 1024px) 100vw, 1024px\" \/><\/figure>\n\n\n\n<figure class=\"wp-block-image size-large\"><img loading=\"lazy\" decoding=\"async\" width=\"1024\" height=\"576\" data-id=\"6000\" src=\"https:\/\/prensa.sma.gob.ar\/wp-content\/uploads\/2025\/03\/WhatsApp-Image-2025-03-17-at-22.17.281-1024x576.jpeg\" alt=\"\" class=\"wp-image-6000\" srcset=\"https:\/\/prensa.sma.gob.ar\/wp-content\/uploads\/2025\/03\/WhatsApp-Image-2025-03-17-at-22.17.281-1024x576.jpeg 1024w, https:\/\/prensa.sma.gob.ar\/wp-content\/uploads\/2025\/03\/WhatsApp-Image-2025-03-17-at-22.17.281-300x169.jpeg 300w, https:\/\/prensa.sma.gob.ar\/wp-content\/uploads\/2025\/03\/WhatsApp-Image-2025-03-17-at-22.17.281-768x432.jpeg 768w, https:\/\/prensa.sma.gob.ar\/wp-content\/uploads\/2025\/03\/WhatsApp-Image-2025-03-17-at-22.17.281-1536x864.jpeg 1536w, https:\/\/prensa.sma.gob.ar\/wp-content\/uploads\/2025\/03\/WhatsApp-Image-2025-03-17-at-22.17.281-747x420.jpeg 747w, https:\/\/prensa.sma.gob.ar\/wp-content\/uploads\/2025\/03\/WhatsApp-Image-2025-03-17-at-22.17.281-696x392.jpeg 696w, https:\/\/prensa.sma.gob.ar\/wp-content\/uploads\/2025\/03\/WhatsApp-Image-2025-03-17-at-22.17.281-1068x601.jpeg 1068w, https:\/\/prensa.sma.gob.ar\/wp-content\/uploads\/2025\/03\/WhatsApp-Image-2025-03-17-at-22.17.281.jpeg 1600w\" sizes=\"auto, (max-width: 1024px) 100vw, 1024px\" \/><\/figure>\n\n\n\n<figure class=\"wp-block-image size-large\"><img loading=\"lazy\" decoding=\"async\" width=\"1024\" height=\"576\" data-id=\"5999\" src=\"https:\/\/prensa.sma.gob.ar\/wp-content\/uploads\/2025\/03\/WhatsApp-Image-2025-03-17-at-22.17.282-1024x576.jpeg\" alt=\"\" class=\"wp-image-5999\" srcset=\"https:\/\/prensa.sma.gob.ar\/wp-content\/uploads\/2025\/03\/WhatsApp-Image-2025-03-17-at-22.17.282-1024x576.jpeg 1024w, https:\/\/prensa.sma.gob.ar\/wp-content\/uploads\/2025\/03\/WhatsApp-Image-2025-03-17-at-22.17.282-300x169.jpeg 300w, https:\/\/prensa.sma.gob.ar\/wp-content\/uploads\/2025\/03\/WhatsApp-Image-2025-03-17-at-22.17.282-768x432.jpeg 768w, https:\/\/prensa.sma.gob.ar\/wp-content\/uploads\/2025\/03\/WhatsApp-Image-2025-03-17-at-22.17.282-1536x864.jpeg 1536w, https:\/\/prensa.sma.gob.ar\/wp-content\/uploads\/2025\/03\/WhatsApp-Image-2025-03-17-at-22.17.282-747x420.jpeg 747w, https:\/\/prensa.sma.gob.ar\/wp-content\/uploads\/2025\/03\/WhatsApp-Image-2025-03-17-at-22.17.282-696x392.jpeg 696w, https:\/\/prensa.sma.gob.ar\/wp-content\/uploads\/2025\/03\/WhatsApp-Image-2025-03-17-at-22.17.282-1068x601.jpeg 1068w, https:\/\/prensa.sma.gob.ar\/wp-content\/uploads\/2025\/03\/WhatsApp-Image-2025-03-17-at-22.17.282.jpeg 1600w\" sizes=\"auto, (max-width: 1024px) 100vw, 1024px\" \/><\/figure>\n\n\n\n<figure class=\"wp-block-image size-large\"><img loading=\"lazy\" decoding=\"async\" width=\"1024\" height=\"476\" data-id=\"5996\" src=\"https:\/\/prensa.sma.gob.ar\/wp-content\/uploads\/2025\/03\/WhatsApp-Image-2025-03-18-at-11.48.02-3-1024x476.jpeg\" alt=\"\" class=\"wp-image-5996\" srcset=\"https:\/\/prensa.sma.gob.ar\/wp-content\/uploads\/2025\/03\/WhatsApp-Image-2025-03-18-at-11.48.02-3-1024x476.jpeg 1024w, https:\/\/prensa.sma.gob.ar\/wp-content\/uploads\/2025\/03\/WhatsApp-Image-2025-03-18-at-11.48.02-3-300x140.jpeg 300w, https:\/\/prensa.sma.gob.ar\/wp-content\/uploads\/2025\/03\/WhatsApp-Image-2025-03-18-at-11.48.02-3-768x357.jpeg 768w, https:\/\/prensa.sma.gob.ar\/wp-content\/uploads\/2025\/03\/WhatsApp-Image-2025-03-18-at-11.48.02-3-1536x714.jpeg 1536w, https:\/\/prensa.sma.gob.ar\/wp-content\/uploads\/2025\/03\/WhatsApp-Image-2025-03-18-at-11.48.02-3-903x420.jpeg 903w, https:\/\/prensa.sma.gob.ar\/wp-content\/uploads\/2025\/03\/WhatsApp-Image-2025-03-18-at-11.48.02-3-696x324.jpeg 696w, https:\/\/prensa.sma.gob.ar\/wp-content\/uploads\/2025\/03\/WhatsApp-Image-2025-03-18-at-11.48.02-3-1068x497.jpeg 1068w, https:\/\/prensa.sma.gob.ar\/wp-content\/uploads\/2025\/03\/WhatsApp-Image-2025-03-18-at-11.48.02-3.jpeg 1600w\" sizes=\"auto, (max-width: 1024px) 100vw, 1024px\" \/><\/figure>\n\n\n\n<figure class=\"wp-block-image size-large\"><img loading=\"lazy\" decoding=\"async\" width=\"1024\" height=\"576\" data-id=\"5995\" src=\"https:\/\/prensa.sma.gob.ar\/wp-content\/uploads\/2025\/03\/WhatsApp-Image-2025-03-18-at-11.48.03-1024x576.jpeg\" alt=\"\" class=\"wp-image-5995\" srcset=\"https:\/\/prensa.sma.gob.ar\/wp-content\/uploads\/2025\/03\/WhatsApp-Image-2025-03-18-at-11.48.03-1024x576.jpeg 1024w, https:\/\/prensa.sma.gob.ar\/wp-content\/uploads\/2025\/03\/WhatsApp-Image-2025-03-18-at-11.48.03-300x169.jpeg 300w, https:\/\/prensa.sma.gob.ar\/wp-content\/uploads\/2025\/03\/WhatsApp-Image-2025-03-18-at-11.48.03-768x432.jpeg 768w, https:\/\/prensa.sma.gob.ar\/wp-content\/uploads\/2025\/03\/WhatsApp-Image-2025-03-18-at-11.48.03-1536x864.jpeg 1536w, https:\/\/prensa.sma.gob.ar\/wp-content\/uploads\/2025\/03\/WhatsApp-Image-2025-03-18-at-11.48.03-747x420.jpeg 747w, https:\/\/prensa.sma.gob.ar\/wp-content\/uploads\/2025\/03\/WhatsApp-Image-2025-03-18-at-11.48.03-696x392.jpeg 696w, https:\/\/prensa.sma.gob.ar\/wp-content\/uploads\/2025\/03\/WhatsApp-Image-2025-03-18-at-11.48.03-1068x601.jpeg 1068w, https:\/\/prensa.sma.gob.ar\/wp-content\/uploads\/2025\/03\/WhatsApp-Image-2025-03-18-at-11.48.03.jpeg 1600w\" sizes=\"auto, (max-width: 1024px) 100vw, 1024px\" \/><\/figure>\n\n\n\n<figure class=\"wp-block-image size-large\"><img loading=\"lazy\" decoding=\"async\" width=\"1024\" height=\"576\" data-id=\"5994\" src=\"https:\/\/prensa.sma.gob.ar\/wp-content\/uploads\/2025\/03\/WhatsApp-Image-2025-03-18-at-11.48.04-1024x576.jpeg\" alt=\"\" class=\"wp-image-5994\" srcset=\"https:\/\/prensa.sma.gob.ar\/wp-content\/uploads\/2025\/03\/WhatsApp-Image-2025-03-18-at-11.48.04-1024x576.jpeg 1024w, https:\/\/prensa.sma.gob.ar\/wp-content\/uploads\/2025\/03\/WhatsApp-Image-2025-03-18-at-11.48.04-300x169.jpeg 300w, https:\/\/prensa.sma.gob.ar\/wp-content\/uploads\/2025\/03\/WhatsApp-Image-2025-03-18-at-11.48.04-768x432.jpeg 768w, https:\/\/prensa.sma.gob.ar\/wp-content\/uploads\/2025\/03\/WhatsApp-Image-2025-03-18-at-11.48.04-1536x864.jpeg 1536w, https:\/\/prensa.sma.gob.ar\/wp-content\/uploads\/2025\/03\/WhatsApp-Image-2025-03-18-at-11.48.04-747x420.jpeg 747w, https:\/\/prensa.sma.gob.ar\/wp-content\/uploads\/2025\/03\/WhatsApp-Image-2025-03-18-at-11.48.04-696x392.jpeg 696w, https:\/\/prensa.sma.gob.ar\/wp-content\/uploads\/2025\/03\/WhatsApp-Image-2025-03-18-at-11.48.04-1068x601.jpeg 1068w, https:\/\/prensa.sma.gob.ar\/wp-content\/uploads\/2025\/03\/WhatsApp-Image-2025-03-18-at-11.48.04.jpeg 1600w\" sizes=\"auto, (max-width: 1024px) 100vw, 1024px\" \/><\/figure>\n<\/figure>\n","protected":false},"excerpt":{"rendered":"<p>Funcionarios de la Agencia de Inversi\u00f3n de Neuqu\u00e9n (ADI) y consultores de la empresa HISSA, contratados por el Consejo Federal de Inversiones (CFI), visitaron San Mart\u00edn de los Andes para finalizar el informe para reactivar la usina hidroel\u00e9ctrica en el arroyo Calbuco. El prop\u00f3sito de la visita, que incluy\u00f3 una reuni\u00f3n con el intendente Carlos [&hellip;]<\/p>\n","protected":false},"author":2,"featured_media":5992,"comment_status":"closed","ping_status":"open","sticky":false,"template":"","format":"standard","meta":{"footnotes":""},"categories":[4,16,14,17],"tags":[],"class_list":{"0":"post-5988","1":"post","2":"type-post","3":"status-publish","4":"format-standard","5":"has-post-thumbnail","7":"category-cope","8":"category-destacadas","9":"category-noticias","10":"category-portada"},"_links":{"self":[{"href":"https:\/\/prensa.sma.gob.ar\/index.php?rest_route=\/wp\/v2\/posts\/5988","targetHints":{"allow":["GET"]}}],"collection":[{"href":"https:\/\/prensa.sma.gob.ar\/index.php?rest_route=\/wp\/v2\/posts"}],"about":[{"href":"https:\/\/prensa.sma.gob.ar\/index.php?rest_route=\/wp\/v2\/types\/post"}],"author":[{"embeddable":true,"href":"https:\/\/prensa.sma.gob.ar\/index.php?rest_route=\/wp\/v2\/users\/2"}],"replies":[{"embeddable":true,"href":"https:\/\/prensa.sma.gob.ar\/index.php?rest_route=%2Fwp%2Fv2%2Fcomments&post=5988"}],"version-history":[{"count":4,"href":"https:\/\/prensa.sma.gob.ar\/index.php?rest_route=\/wp\/v2\/posts\/5988\/revisions"}],"predecessor-version":[{"id":6010,"href":"https:\/\/prensa.sma.gob.ar\/index.php?rest_route=\/wp\/v2\/posts\/5988\/revisions\/6010"}],"wp:featuredmedia":[{"embeddable":true,"href":"https:\/\/prensa.sma.gob.ar\/index.php?rest_route=\/wp\/v2\/media\/5992"}],"wp:attachment":[{"href":"https:\/\/prensa.sma.gob.ar\/index.php?rest_route=%2Fwp%2Fv2%2Fmedia&parent=5988"}],"wp:term":[{"taxonomy":"category","embeddable":true,"href":"https:\/\/prensa.sma.gob.ar\/index.php?rest_route=%2Fwp%2Fv2%2Fcategories&post=5988"},{"taxonomy":"post_tag","embeddable":true,"href":"https:\/\/prensa.sma.gob.ar\/index.php?rest_route=%2Fwp%2Fv2%2Ftags&post=5988"}],"curies":[{"name":"wp","href":"https:\/\/api.w.org\/{rel}","templated":true}]}}