{"id":6015,"date":"2025-03-20T12:41:47","date_gmt":"2025-03-20T12:41:47","guid":{"rendered":"https:\/\/prensa.sma.gob.ar\/?p=6015"},"modified":"2025-03-20T12:46:56","modified_gmt":"2025-03-20T12:46:56","slug":"la-obra-de-senda-de-la-epet-21-entra-en-su-etapa-final-y-ya-es-utilizada-por-cientos-de-personas","status":"publish","type":"post","link":"https:\/\/prensa.sma.gob.ar\/?p=6015","title":{"rendered":"La obra de la senda de la Epet 21 entra en su etapa final y ya es utilizada por cientos de personas"},"content":{"rendered":"\n<p>As\u00ed est\u00e1 el sendero a la Epet 21 en su etapa final. La obra, de casi 500 metros, ser\u00e1 entregada por la Cooperativa Uni\u00f3n de los Andes al Municipio en los pr\u00f3ximos d\u00edas.<\/p>\n\n\n\n<p>El camino comunica la intersecci\u00f3n de la calle Perito Moreno y la Ruta Provincial N\u00b048 con la escuela EPET N\u00b021, en el Barrio Intercultural. Unos cien metros antes de la escuela, la senda atraviesa el bosque, en un \u00e1rea en la que se colocaron mayor cantidad de luminarias y zonas de descanso.<\/p>\n\n\n\n<p>La traza est\u00e1 pintada de verde, tiene luminarias LED y bancos de descanso. Su uso evita que alumnas y alumnos de la Epet, y vecinas y vecinos del Barrio Intercultural, transiten por la ruta, principalmente en d\u00edas de lluvia y nieve o en horarios nocturnos.<\/p>\n\n\n\n<p>La iniciativa es producto de una articulaci\u00f3n entre el Gobierno provincial, el Municipio, el Concejo Deliberante, t\u00e9cnicos profesionales, la comunidad de la Epet y trabajadores organizados. Entre todos los actores, dise\u00f1aron el proyecto, realizaron las gestiones pol\u00edticas y financieras y ejecutan la mano de obra.<\/p>\n\n\n\n<p>La senda bordea la Ruta 48 por su margen norte, hasta llegar al acceso de veh\u00edculos de la EPET N\u00b021, subiendo hasta alcanzar el sector de estacionamiento de la escuela. El camino tiene una longitud de 491 metros, un desnivel de 37 metros y una pendiente media a lo largo de la traza, de 7,4%.<\/p>\n\n\n\n<figure class=\"wp-block-gallery has-nested-images columns-default is-cropped wp-block-gallery-1 is-layout-flex wp-block-gallery-is-layout-flex\">\n<figure class=\"wp-block-image size-large\"><img loading=\"lazy\" decoding=\"async\" width=\"1024\" height=\"576\" data-id=\"6017\" src=\"https:\/\/prensa.sma.gob.ar\/wp-content\/uploads\/2025\/03\/SENDA-1-1024x576.jpg\" alt=\"\" class=\"wp-image-6017\" srcset=\"https:\/\/prensa.sma.gob.ar\/wp-content\/uploads\/2025\/03\/SENDA-1-1024x576.jpg 1024w, https:\/\/prensa.sma.gob.ar\/wp-content\/uploads\/2025\/03\/SENDA-1-300x169.jpg 300w, https:\/\/prensa.sma.gob.ar\/wp-content\/uploads\/2025\/03\/SENDA-1-768x432.jpg 768w, https:\/\/prensa.sma.gob.ar\/wp-content\/uploads\/2025\/03\/SENDA-1-1536x864.jpg 1536w, https:\/\/prensa.sma.gob.ar\/wp-content\/uploads\/2025\/03\/SENDA-1-747x420.jpg 747w, https:\/\/prensa.sma.gob.ar\/wp-content\/uploads\/2025\/03\/SENDA-1-696x392.jpg 696w, https:\/\/prensa.sma.gob.ar\/wp-content\/uploads\/2025\/03\/SENDA-1-1068x601.jpg 1068w, https:\/\/prensa.sma.gob.ar\/wp-content\/uploads\/2025\/03\/SENDA-1.jpg 1600w\" sizes=\"auto, (max-width: 1024px) 100vw, 1024px\" \/><\/figure>\n\n\n\n<figure class=\"wp-block-image size-large\"><img loading=\"lazy\" decoding=\"async\" width=\"1024\" height=\"576\" data-id=\"6018\" src=\"https:\/\/prensa.sma.gob.ar\/wp-content\/uploads\/2025\/03\/SENDA-2-1024x576.jpg\" alt=\"\" class=\"wp-image-6018\" srcset=\"https:\/\/prensa.sma.gob.ar\/wp-content\/uploads\/2025\/03\/SENDA-2-1024x576.jpg 1024w, https:\/\/prensa.sma.gob.ar\/wp-content\/uploads\/2025\/03\/SENDA-2-300x169.jpg 300w, https:\/\/prensa.sma.gob.ar\/wp-content\/uploads\/2025\/03\/SENDA-2-768x432.jpg 768w, https:\/\/prensa.sma.gob.ar\/wp-content\/uploads\/2025\/03\/SENDA-2-1536x864.jpg 1536w, https:\/\/prensa.sma.gob.ar\/wp-content\/uploads\/2025\/03\/SENDA-2-747x420.jpg 747w, https:\/\/prensa.sma.gob.ar\/wp-content\/uploads\/2025\/03\/SENDA-2-696x392.jpg 696w, https:\/\/prensa.sma.gob.ar\/wp-content\/uploads\/2025\/03\/SENDA-2-1068x601.jpg 1068w, https:\/\/prensa.sma.gob.ar\/wp-content\/uploads\/2025\/03\/SENDA-2.jpg 1600w\" sizes=\"auto, (max-width: 1024px) 100vw, 1024px\" \/><\/figure>\n\n\n\n<figure class=\"wp-block-image size-large\"><img loading=\"lazy\" decoding=\"async\" width=\"1024\" height=\"576\" data-id=\"6019\" src=\"https:\/\/prensa.sma.gob.ar\/wp-content\/uploads\/2025\/03\/SENDA-3-1024x576.jpg\" alt=\"\" class=\"wp-image-6019\" srcset=\"https:\/\/prensa.sma.gob.ar\/wp-content\/uploads\/2025\/03\/SENDA-3-1024x576.jpg 1024w, https:\/\/prensa.sma.gob.ar\/wp-content\/uploads\/2025\/03\/SENDA-3-300x169.jpg 300w, https:\/\/prensa.sma.gob.ar\/wp-content\/uploads\/2025\/03\/SENDA-3-768x432.jpg 768w, https:\/\/prensa.sma.gob.ar\/wp-content\/uploads\/2025\/03\/SENDA-3-1536x864.jpg 1536w, https:\/\/prensa.sma.gob.ar\/wp-content\/uploads\/2025\/03\/SENDA-3-747x420.jpg 747w, https:\/\/prensa.sma.gob.ar\/wp-content\/uploads\/2025\/03\/SENDA-3-696x392.jpg 696w, https:\/\/prensa.sma.gob.ar\/wp-content\/uploads\/2025\/03\/SENDA-3-1068x601.jpg 1068w, https:\/\/prensa.sma.gob.ar\/wp-content\/uploads\/2025\/03\/SENDA-3.jpg 1600w\" sizes=\"auto, (max-width: 1024px) 100vw, 1024px\" \/><\/figure>\n\n\n\n<figure class=\"wp-block-image size-large\"><img loading=\"lazy\" decoding=\"async\" width=\"1024\" height=\"575\" data-id=\"6016\" src=\"https:\/\/prensa.sma.gob.ar\/wp-content\/uploads\/2025\/03\/SENDA-4-1024x575.jpg\" alt=\"\" class=\"wp-image-6016\" srcset=\"https:\/\/prensa.sma.gob.ar\/wp-content\/uploads\/2025\/03\/SENDA-4-1024x575.jpg 1024w, https:\/\/prensa.sma.gob.ar\/wp-content\/uploads\/2025\/03\/SENDA-4-300x169.jpg 300w, https:\/\/prensa.sma.gob.ar\/wp-content\/uploads\/2025\/03\/SENDA-4-768x432.jpg 768w, https:\/\/prensa.sma.gob.ar\/wp-content\/uploads\/2025\/03\/SENDA-4-1536x863.jpg 1536w, https:\/\/prensa.sma.gob.ar\/wp-content\/uploads\/2025\/03\/SENDA-4-747x420.jpg 747w, https:\/\/prensa.sma.gob.ar\/wp-content\/uploads\/2025\/03\/SENDA-4-696x391.jpg 696w, https:\/\/prensa.sma.gob.ar\/wp-content\/uploads\/2025\/03\/SENDA-4-1068x600.jpg 1068w, https:\/\/prensa.sma.gob.ar\/wp-content\/uploads\/2025\/03\/SENDA-4.jpg 1600w\" sizes=\"auto, (max-width: 1024px) 100vw, 1024px\" \/><\/figure>\n\n\n\n<figure class=\"wp-block-image size-large\"><img loading=\"lazy\" decoding=\"async\" width=\"1024\" height=\"576\" data-id=\"6020\" src=\"https:\/\/prensa.sma.gob.ar\/wp-content\/uploads\/2025\/03\/SENDA-5-1024x576.jpg\" alt=\"\" class=\"wp-image-6020\" srcset=\"https:\/\/prensa.sma.gob.ar\/wp-content\/uploads\/2025\/03\/SENDA-5-1024x576.jpg 1024w, https:\/\/prensa.sma.gob.ar\/wp-content\/uploads\/2025\/03\/SENDA-5-300x169.jpg 300w, https:\/\/prensa.sma.gob.ar\/wp-content\/uploads\/2025\/03\/SENDA-5-768x432.jpg 768w, https:\/\/prensa.sma.gob.ar\/wp-content\/uploads\/2025\/03\/SENDA-5-1536x864.jpg 1536w, https:\/\/prensa.sma.gob.ar\/wp-content\/uploads\/2025\/03\/SENDA-5-747x420.jpg 747w, https:\/\/prensa.sma.gob.ar\/wp-content\/uploads\/2025\/03\/SENDA-5-696x392.jpg 696w, https:\/\/prensa.sma.gob.ar\/wp-content\/uploads\/2025\/03\/SENDA-5-1068x601.jpg 1068w, https:\/\/prensa.sma.gob.ar\/wp-content\/uploads\/2025\/03\/SENDA-5.jpg 1600w\" sizes=\"auto, (max-width: 1024px) 100vw, 1024px\" \/><\/figure>\n\n\n\n<figure class=\"wp-block-image size-large\"><img loading=\"lazy\" decoding=\"async\" width=\"1024\" height=\"576\" data-id=\"6021\" src=\"https:\/\/prensa.sma.gob.ar\/wp-content\/uploads\/2025\/03\/SENDA-6-1024x576.jpg\" alt=\"\" class=\"wp-image-6021\" srcset=\"https:\/\/prensa.sma.gob.ar\/wp-content\/uploads\/2025\/03\/SENDA-6-1024x576.jpg 1024w, https:\/\/prensa.sma.gob.ar\/wp-content\/uploads\/2025\/03\/SENDA-6-300x169.jpg 300w, https:\/\/prensa.sma.gob.ar\/wp-content\/uploads\/2025\/03\/SENDA-6-768x432.jpg 768w, https:\/\/prensa.sma.gob.ar\/wp-content\/uploads\/2025\/03\/SENDA-6-1536x864.jpg 1536w, https:\/\/prensa.sma.gob.ar\/wp-content\/uploads\/2025\/03\/SENDA-6-747x420.jpg 747w, https:\/\/prensa.sma.gob.ar\/wp-content\/uploads\/2025\/03\/SENDA-6-696x392.jpg 696w, https:\/\/prensa.sma.gob.ar\/wp-content\/uploads\/2025\/03\/SENDA-6-1068x601.jpg 1068w, https:\/\/prensa.sma.gob.ar\/wp-content\/uploads\/2025\/03\/SENDA-6.jpg 1600w\" sizes=\"auto, (max-width: 1024px) 100vw, 1024px\" \/><\/figure>\n\n\n\n<figure class=\"wp-block-image size-large\"><img loading=\"lazy\" decoding=\"async\" width=\"1024\" height=\"576\" data-id=\"6022\" src=\"https:\/\/prensa.sma.gob.ar\/wp-content\/uploads\/2025\/03\/SENDA-7-1024x576.jpg\" alt=\"\" class=\"wp-image-6022\" srcset=\"https:\/\/prensa.sma.gob.ar\/wp-content\/uploads\/2025\/03\/SENDA-7-1024x576.jpg 1024w, https:\/\/prensa.sma.gob.ar\/wp-content\/uploads\/2025\/03\/SENDA-7-300x169.jpg 300w, https:\/\/prensa.sma.gob.ar\/wp-content\/uploads\/2025\/03\/SENDA-7-768x432.jpg 768w, https:\/\/prensa.sma.gob.ar\/wp-content\/uploads\/2025\/03\/SENDA-7-1536x864.jpg 1536w, https:\/\/prensa.sma.gob.ar\/wp-content\/uploads\/2025\/03\/SENDA-7-747x420.jpg 747w, https:\/\/prensa.sma.gob.ar\/wp-content\/uploads\/2025\/03\/SENDA-7-696x392.jpg 696w, https:\/\/prensa.sma.gob.ar\/wp-content\/uploads\/2025\/03\/SENDA-7-1068x601.jpg 1068w, https:\/\/prensa.sma.gob.ar\/wp-content\/uploads\/2025\/03\/SENDA-7.jpg 1600w\" sizes=\"auto, (max-width: 1024px) 100vw, 1024px\" \/><\/figure>\n\n\n\n<figure class=\"wp-block-image size-large\"><img loading=\"lazy\" decoding=\"async\" width=\"576\" height=\"1024\" data-id=\"6024\" src=\"https:\/\/prensa.sma.gob.ar\/wp-content\/uploads\/2025\/03\/SENDA-8-576x1024.jpg\" alt=\"\" class=\"wp-image-6024\" srcset=\"https:\/\/prensa.sma.gob.ar\/wp-content\/uploads\/2025\/03\/SENDA-8-576x1024.jpg 576w, https:\/\/prensa.sma.gob.ar\/wp-content\/uploads\/2025\/03\/SENDA-8-169x300.jpg 169w, https:\/\/prensa.sma.gob.ar\/wp-content\/uploads\/2025\/03\/SENDA-8-768x1365.jpg 768w, https:\/\/prensa.sma.gob.ar\/wp-content\/uploads\/2025\/03\/SENDA-8-864x1536.jpg 864w, https:\/\/prensa.sma.gob.ar\/wp-content\/uploads\/2025\/03\/SENDA-8-236x420.jpg 236w, https:\/\/prensa.sma.gob.ar\/wp-content\/uploads\/2025\/03\/SENDA-8-696x1237.jpg 696w, https:\/\/prensa.sma.gob.ar\/wp-content\/uploads\/2025\/03\/SENDA-8.jpg 900w\" sizes=\"auto, (max-width: 576px) 100vw, 576px\" \/><\/figure>\n\n\n\n<figure class=\"wp-block-image size-large\"><img loading=\"lazy\" decoding=\"async\" width=\"1024\" height=\"575\" data-id=\"6023\" src=\"https:\/\/prensa.sma.gob.ar\/wp-content\/uploads\/2025\/03\/SENDA-9-1024x575.jpg\" alt=\"\" class=\"wp-image-6023\" srcset=\"https:\/\/prensa.sma.gob.ar\/wp-content\/uploads\/2025\/03\/SENDA-9-1024x575.jpg 1024w, https:\/\/prensa.sma.gob.ar\/wp-content\/uploads\/2025\/03\/SENDA-9-300x169.jpg 300w, https:\/\/prensa.sma.gob.ar\/wp-content\/uploads\/2025\/03\/SENDA-9-768x432.jpg 768w, https:\/\/prensa.sma.gob.ar\/wp-content\/uploads\/2025\/03\/SENDA-9-1536x863.jpg 1536w, https:\/\/prensa.sma.gob.ar\/wp-content\/uploads\/2025\/03\/SENDA-9-747x420.jpg 747w, https:\/\/prensa.sma.gob.ar\/wp-content\/uploads\/2025\/03\/SENDA-9-696x391.jpg 696w, https:\/\/prensa.sma.gob.ar\/wp-content\/uploads\/2025\/03\/SENDA-9-1068x600.jpg 1068w, https:\/\/prensa.sma.gob.ar\/wp-content\/uploads\/2025\/03\/SENDA-9.jpg 1600w\" sizes=\"auto, (max-width: 1024px) 100vw, 1024px\" \/><\/figure>\n\n\n\n<figure class=\"wp-block-image size-large\"><img loading=\"lazy\" decoding=\"async\" width=\"576\" height=\"1024\" data-id=\"6025\" src=\"https:\/\/prensa.sma.gob.ar\/wp-content\/uploads\/2025\/03\/SENDA-10-576x1024.jpg\" alt=\"\" class=\"wp-image-6025\" srcset=\"https:\/\/prensa.sma.gob.ar\/wp-content\/uploads\/2025\/03\/SENDA-10-576x1024.jpg 576w, https:\/\/prensa.sma.gob.ar\/wp-content\/uploads\/2025\/03\/SENDA-10-169x300.jpg 169w, https:\/\/prensa.sma.gob.ar\/wp-content\/uploads\/2025\/03\/SENDA-10-768x1365.jpg 768w, https:\/\/prensa.sma.gob.ar\/wp-content\/uploads\/2025\/03\/SENDA-10-864x1536.jpg 864w, https:\/\/prensa.sma.gob.ar\/wp-content\/uploads\/2025\/03\/SENDA-10-236x420.jpg 236w, https:\/\/prensa.sma.gob.ar\/wp-content\/uploads\/2025\/03\/SENDA-10-696x1237.jpg 696w, https:\/\/prensa.sma.gob.ar\/wp-content\/uploads\/2025\/03\/SENDA-10.jpg 900w\" sizes=\"auto, (max-width: 576px) 100vw, 576px\" \/><\/figure>\n\n\n\n<figure class=\"wp-block-image size-large\"><img loading=\"lazy\" decoding=\"async\" width=\"1024\" height=\"576\" data-id=\"6026\" src=\"https:\/\/prensa.sma.gob.ar\/wp-content\/uploads\/2025\/03\/SENDA-11-1024x576.jpg\" alt=\"\" class=\"wp-image-6026\" srcset=\"https:\/\/prensa.sma.gob.ar\/wp-content\/uploads\/2025\/03\/SENDA-11-1024x576.jpg 1024w, https:\/\/prensa.sma.gob.ar\/wp-content\/uploads\/2025\/03\/SENDA-11-300x169.jpg 300w, https:\/\/prensa.sma.gob.ar\/wp-content\/uploads\/2025\/03\/SENDA-11-768x432.jpg 768w, https:\/\/prensa.sma.gob.ar\/wp-content\/uploads\/2025\/03\/SENDA-11-1536x864.jpg 1536w, https:\/\/prensa.sma.gob.ar\/wp-content\/uploads\/2025\/03\/SENDA-11-747x420.jpg 747w, https:\/\/prensa.sma.gob.ar\/wp-content\/uploads\/2025\/03\/SENDA-11-696x392.jpg 696w, https:\/\/prensa.sma.gob.ar\/wp-content\/uploads\/2025\/03\/SENDA-11-1068x601.jpg 1068w, https:\/\/prensa.sma.gob.ar\/wp-content\/uploads\/2025\/03\/SENDA-11.jpg 1600w\" sizes=\"auto, (max-width: 1024px) 100vw, 1024px\" \/><\/figure>\n\n\n\n<figure class=\"wp-block-image size-large\"><img loading=\"lazy\" decoding=\"async\" width=\"1024\" height=\"621\" data-id=\"6027\" src=\"https:\/\/prensa.sma.gob.ar\/wp-content\/uploads\/2025\/03\/SENDA-12-1024x621.jpg\" alt=\"\" class=\"wp-image-6027\" srcset=\"https:\/\/prensa.sma.gob.ar\/wp-content\/uploads\/2025\/03\/SENDA-12-1024x621.jpg 1024w, https:\/\/prensa.sma.gob.ar\/wp-content\/uploads\/2025\/03\/SENDA-12-300x182.jpg 300w, https:\/\/prensa.sma.gob.ar\/wp-content\/uploads\/2025\/03\/SENDA-12-768x466.jpg 768w, https:\/\/prensa.sma.gob.ar\/wp-content\/uploads\/2025\/03\/SENDA-12-1536x932.jpg 1536w, https:\/\/prensa.sma.gob.ar\/wp-content\/uploads\/2025\/03\/SENDA-12-692x420.jpg 692w, https:\/\/prensa.sma.gob.ar\/wp-content\/uploads\/2025\/03\/SENDA-12-696x422.jpg 696w, https:\/\/prensa.sma.gob.ar\/wp-content\/uploads\/2025\/03\/SENDA-12-1068x648.jpg 1068w, https:\/\/prensa.sma.gob.ar\/wp-content\/uploads\/2025\/03\/SENDA-12.jpg 1600w\" sizes=\"auto, (max-width: 1024px) 100vw, 1024px\" \/><\/figure>\n\n\n\n<figure class=\"wp-block-image size-large\"><img loading=\"lazy\" decoding=\"async\" width=\"576\" height=\"1024\" data-id=\"6029\" src=\"https:\/\/prensa.sma.gob.ar\/wp-content\/uploads\/2025\/03\/SENDA-576x1024.jpg\" alt=\"\" class=\"wp-image-6029\" srcset=\"https:\/\/prensa.sma.gob.ar\/wp-content\/uploads\/2025\/03\/SENDA-576x1024.jpg 576w, https:\/\/prensa.sma.gob.ar\/wp-content\/uploads\/2025\/03\/SENDA-169x300.jpg 169w, https:\/\/prensa.sma.gob.ar\/wp-content\/uploads\/2025\/03\/SENDA-768x1365.jpg 768w, https:\/\/prensa.sma.gob.ar\/wp-content\/uploads\/2025\/03\/SENDA-864x1536.jpg 864w, https:\/\/prensa.sma.gob.ar\/wp-content\/uploads\/2025\/03\/SENDA-236x420.jpg 236w, https:\/\/prensa.sma.gob.ar\/wp-content\/uploads\/2025\/03\/SENDA-696x1237.jpg 696w, https:\/\/prensa.sma.gob.ar\/wp-content\/uploads\/2025\/03\/SENDA.jpg 900w\" sizes=\"auto, (max-width: 576px) 100vw, 576px\" \/><\/figure>\n<\/figure>\n","protected":false},"excerpt":{"rendered":"<p>As\u00ed est\u00e1 el sendero a la Epet 21 en su etapa final. La obra, de casi 500 metros, ser\u00e1 entregada por la Cooperativa Uni\u00f3n de los Andes al Municipio en los pr\u00f3ximos d\u00edas. El camino comunica la intersecci\u00f3n de la calle Perito Moreno y la Ruta Provincial N\u00b048 con la escuela EPET N\u00b021, en el [&hellip;]<\/p>\n","protected":false},"author":1,"featured_media":6031,"comment_status":"closed","ping_status":"open","sticky":false,"template":"","format":"standard","meta":{"footnotes":""},"categories":[16,14,17],"tags":[],"class_list":{"0":"post-6015","1":"post","2":"type-post","3":"status-publish","4":"format-standard","5":"has-post-thumbnail","7":"category-destacadas","8":"category-noticias","9":"category-portada"},"_links":{"self":[{"href":"https:\/\/prensa.sma.gob.ar\/index.php?rest_route=\/wp\/v2\/posts\/6015","targetHints":{"allow":["GET"]}}],"collection":[{"href":"https:\/\/prensa.sma.gob.ar\/index.php?rest_route=\/wp\/v2\/posts"}],"about":[{"href":"https:\/\/prensa.sma.gob.ar\/index.php?rest_route=\/wp\/v2\/types\/post"}],"author":[{"embeddable":true,"href":"https:\/\/prensa.sma.gob.ar\/index.php?rest_route=\/wp\/v2\/users\/1"}],"replies":[{"embeddable":true,"href":"https:\/\/prensa.sma.gob.ar\/index.php?rest_route=%2Fwp%2Fv2%2Fcomments&post=6015"}],"version-history":[{"count":3,"href":"https:\/\/prensa.sma.gob.ar\/index.php?rest_route=\/wp\/v2\/posts\/6015\/revisions"}],"predecessor-version":[{"id":6034,"href":"https:\/\/prensa.sma.gob.ar\/index.php?rest_route=\/wp\/v2\/posts\/6015\/revisions\/6034"}],"wp:featuredmedia":[{"embeddable":true,"href":"https:\/\/prensa.sma.gob.ar\/index.php?rest_route=\/wp\/v2\/media\/6031"}],"wp:attachment":[{"href":"https:\/\/prensa.sma.gob.ar\/index.php?rest_route=%2Fwp%2Fv2%2Fmedia&parent=6015"}],"wp:term":[{"taxonomy":"category","embeddable":true,"href":"https:\/\/prensa.sma.gob.ar\/index.php?rest_route=%2Fwp%2Fv2%2Fcategories&post=6015"},{"taxonomy":"post_tag","embeddable":true,"href":"https:\/\/prensa.sma.gob.ar\/index.php?rest_route=%2Fwp%2Fv2%2Ftags&post=6015"}],"curies":[{"name":"wp","href":"https:\/\/api.w.org\/{rel}","templated":true}]}}