{"id":6069,"date":"2025-03-20T15:43:53","date_gmt":"2025-03-20T15:43:53","guid":{"rendered":"https:\/\/prensa.sma.gob.ar\/?p=6069"},"modified":"2025-03-20T15:43:54","modified_gmt":"2025-03-20T15:43:54","slug":"finalizo-una-de-las-dos-etapas-de-la-obra-del-deck-de-costanera-del-lago-lacar","status":"publish","type":"post","link":"https:\/\/prensa.sma.gob.ar\/?p=6069","title":{"rendered":"Finaliz\u00f3 una de las dos etapas de la obra del deck de Costanera del lago Lacar"},"content":{"rendered":"\n<p>La empresa contratista de Aurelio Oscar Bustamante finaliz\u00f3 la etapa de la reconstrucci\u00f3n del deck de la Costanera del lago Lacar, que incluy\u00f3 nueva estructura met\u00e1lica y solado con madera de Coihue preparada en el Aserradero Municipal del aprovechamiento forestal Yuco Alto.<\/p>\n\n\n\n<p>El secretario de Obras y Servicios P\u00fablicos, H\u00e9ctor Dur\u00e1n, inform\u00f3 que la segunda etapa estar\u00e1 a cargo del Municipio e incluir\u00e1 el montaje de barandas y la colocaci\u00f3n con maquinaria de piedra bocha grande a modo de corta ola; adem\u00e1s de lijar y pintar la madera con protector del deck ubicado junto al viejo edificio de Prefectura.<\/p>\n\n\n\n<p>Los trabajos de mejoramiento de la Costanera de nuestra ciudad incluyeron la recomposici\u00f3n de adoquines de p\u00f3rfido, pintura, colocaci\u00f3n de pretiles en el sector de Food Trucks, a cargo de la Secretar\u00eda de Obras y Servicios P\u00fablicos.<\/p>\n\n\n\n<p>El Municipio recomienda a vecinas y vecinos y a turistas transitar con precauci\u00f3n en la zona del deck, hasta tanto finalice la colocaci\u00f3n de barandas y la terminaci\u00f3n de la obra.<\/p>\n\n\n\n<figure class=\"wp-block-gallery has-nested-images columns-default is-cropped wp-block-gallery-1 is-layout-flex wp-block-gallery-is-layout-flex\">\n<figure class=\"wp-block-image size-large\"><img loading=\"lazy\" decoding=\"async\" width=\"1024\" height=\"575\" data-id=\"6071\" src=\"https:\/\/prensa.sma.gob.ar\/wp-content\/uploads\/2025\/03\/WhatsApp-Image-2025-03-19-at-14.06.14-2-1024x575.jpeg\" alt=\"\" class=\"wp-image-6071\" srcset=\"https:\/\/prensa.sma.gob.ar\/wp-content\/uploads\/2025\/03\/WhatsApp-Image-2025-03-19-at-14.06.14-2-1024x575.jpeg 1024w, https:\/\/prensa.sma.gob.ar\/wp-content\/uploads\/2025\/03\/WhatsApp-Image-2025-03-19-at-14.06.14-2-300x169.jpeg 300w, https:\/\/prensa.sma.gob.ar\/wp-content\/uploads\/2025\/03\/WhatsApp-Image-2025-03-19-at-14.06.14-2-768x432.jpeg 768w, https:\/\/prensa.sma.gob.ar\/wp-content\/uploads\/2025\/03\/WhatsApp-Image-2025-03-19-at-14.06.14-2-1536x863.jpeg 1536w, https:\/\/prensa.sma.gob.ar\/wp-content\/uploads\/2025\/03\/WhatsApp-Image-2025-03-19-at-14.06.14-2-747x420.jpeg 747w, https:\/\/prensa.sma.gob.ar\/wp-content\/uploads\/2025\/03\/WhatsApp-Image-2025-03-19-at-14.06.14-2-696x391.jpeg 696w, https:\/\/prensa.sma.gob.ar\/wp-content\/uploads\/2025\/03\/WhatsApp-Image-2025-03-19-at-14.06.14-2-1068x600.jpeg 1068w, https:\/\/prensa.sma.gob.ar\/wp-content\/uploads\/2025\/03\/WhatsApp-Image-2025-03-19-at-14.06.14-2.jpeg 1600w\" sizes=\"auto, (max-width: 1024px) 100vw, 1024px\" \/><\/figure>\n\n\n\n<figure class=\"wp-block-image size-large\"><img loading=\"lazy\" decoding=\"async\" width=\"1024\" height=\"576\" data-id=\"6072\" src=\"https:\/\/prensa.sma.gob.ar\/wp-content\/uploads\/2025\/03\/WhatsApp-Image-2025-03-19-at-14.06.14-1-1024x576.jpeg\" alt=\"\" class=\"wp-image-6072\" srcset=\"https:\/\/prensa.sma.gob.ar\/wp-content\/uploads\/2025\/03\/WhatsApp-Image-2025-03-19-at-14.06.14-1-1024x576.jpeg 1024w, https:\/\/prensa.sma.gob.ar\/wp-content\/uploads\/2025\/03\/WhatsApp-Image-2025-03-19-at-14.06.14-1-300x169.jpeg 300w, https:\/\/prensa.sma.gob.ar\/wp-content\/uploads\/2025\/03\/WhatsApp-Image-2025-03-19-at-14.06.14-1-768x432.jpeg 768w, https:\/\/prensa.sma.gob.ar\/wp-content\/uploads\/2025\/03\/WhatsApp-Image-2025-03-19-at-14.06.14-1-1536x864.jpeg 1536w, https:\/\/prensa.sma.gob.ar\/wp-content\/uploads\/2025\/03\/WhatsApp-Image-2025-03-19-at-14.06.14-1-747x420.jpeg 747w, https:\/\/prensa.sma.gob.ar\/wp-content\/uploads\/2025\/03\/WhatsApp-Image-2025-03-19-at-14.06.14-1-696x392.jpeg 696w, https:\/\/prensa.sma.gob.ar\/wp-content\/uploads\/2025\/03\/WhatsApp-Image-2025-03-19-at-14.06.14-1-1068x601.jpeg 1068w, https:\/\/prensa.sma.gob.ar\/wp-content\/uploads\/2025\/03\/WhatsApp-Image-2025-03-19-at-14.06.14-1.jpeg 1600w\" sizes=\"auto, (max-width: 1024px) 100vw, 1024px\" \/><\/figure>\n\n\n\n<figure class=\"wp-block-image size-large\"><img loading=\"lazy\" decoding=\"async\" width=\"1024\" height=\"566\" data-id=\"6073\" src=\"https:\/\/prensa.sma.gob.ar\/wp-content\/uploads\/2025\/03\/WhatsApp-Image-2025-03-19-at-14.06.14-1024x566.jpeg\" alt=\"\" class=\"wp-image-6073\" srcset=\"https:\/\/prensa.sma.gob.ar\/wp-content\/uploads\/2025\/03\/WhatsApp-Image-2025-03-19-at-14.06.14-1024x566.jpeg 1024w, https:\/\/prensa.sma.gob.ar\/wp-content\/uploads\/2025\/03\/WhatsApp-Image-2025-03-19-at-14.06.14-300x166.jpeg 300w, https:\/\/prensa.sma.gob.ar\/wp-content\/uploads\/2025\/03\/WhatsApp-Image-2025-03-19-at-14.06.14-768x425.jpeg 768w, https:\/\/prensa.sma.gob.ar\/wp-content\/uploads\/2025\/03\/WhatsApp-Image-2025-03-19-at-14.06.14-1536x850.jpeg 1536w, https:\/\/prensa.sma.gob.ar\/wp-content\/uploads\/2025\/03\/WhatsApp-Image-2025-03-19-at-14.06.14-759x420.jpeg 759w, https:\/\/prensa.sma.gob.ar\/wp-content\/uploads\/2025\/03\/WhatsApp-Image-2025-03-19-at-14.06.14-696x385.jpeg 696w, https:\/\/prensa.sma.gob.ar\/wp-content\/uploads\/2025\/03\/WhatsApp-Image-2025-03-19-at-14.06.14-1068x591.jpeg 1068w, https:\/\/prensa.sma.gob.ar\/wp-content\/uploads\/2025\/03\/WhatsApp-Image-2025-03-19-at-14.06.14.jpeg 1600w\" sizes=\"auto, (max-width: 1024px) 100vw, 1024px\" \/><\/figure>\n<\/figure>\n","protected":false},"excerpt":{"rendered":"<p>La empresa contratista de Aurelio Oscar Bustamante finaliz\u00f3 la etapa de la reconstrucci\u00f3n del deck de la Costanera del lago Lacar, que incluy\u00f3 nueva estructura met\u00e1lica y solado con madera de Coihue preparada en el Aserradero Municipal del aprovechamiento forestal Yuco Alto. El secretario de Obras y Servicios P\u00fablicos, H\u00e9ctor Dur\u00e1n, inform\u00f3 que la segunda [&hellip;]<\/p>\n","protected":false},"author":2,"featured_media":6070,"comment_status":"closed","ping_status":"open","sticky":false,"template":"","format":"standard","meta":{"footnotes":""},"categories":[16,14,19],"tags":[],"class_list":{"0":"post-6069","1":"post","2":"type-post","3":"status-publish","4":"format-standard","5":"has-post-thumbnail","7":"category-destacadas","8":"category-noticias","9":"category-obras-y-servicios-publicos"},"_links":{"self":[{"href":"https:\/\/prensa.sma.gob.ar\/index.php?rest_route=\/wp\/v2\/posts\/6069","targetHints":{"allow":["GET"]}}],"collection":[{"href":"https:\/\/prensa.sma.gob.ar\/index.php?rest_route=\/wp\/v2\/posts"}],"about":[{"href":"https:\/\/prensa.sma.gob.ar\/index.php?rest_route=\/wp\/v2\/types\/post"}],"author":[{"embeddable":true,"href":"https:\/\/prensa.sma.gob.ar\/index.php?rest_route=\/wp\/v2\/users\/2"}],"replies":[{"embeddable":true,"href":"https:\/\/prensa.sma.gob.ar\/index.php?rest_route=%2Fwp%2Fv2%2Fcomments&post=6069"}],"version-history":[{"count":1,"href":"https:\/\/prensa.sma.gob.ar\/index.php?rest_route=\/wp\/v2\/posts\/6069\/revisions"}],"predecessor-version":[{"id":6074,"href":"https:\/\/prensa.sma.gob.ar\/index.php?rest_route=\/wp\/v2\/posts\/6069\/revisions\/6074"}],"wp:featuredmedia":[{"embeddable":true,"href":"https:\/\/prensa.sma.gob.ar\/index.php?rest_route=\/wp\/v2\/media\/6070"}],"wp:attachment":[{"href":"https:\/\/prensa.sma.gob.ar\/index.php?rest_route=%2Fwp%2Fv2%2Fmedia&parent=6069"}],"wp:term":[{"taxonomy":"category","embeddable":true,"href":"https:\/\/prensa.sma.gob.ar\/index.php?rest_route=%2Fwp%2Fv2%2Fcategories&post=6069"},{"taxonomy":"post_tag","embeddable":true,"href":"https:\/\/prensa.sma.gob.ar\/index.php?rest_route=%2Fwp%2Fv2%2Ftags&post=6069"}],"curies":[{"name":"wp","href":"https:\/\/api.w.org\/{rel}","templated":true}]}}