{"id":6101,"date":"2025-03-20T19:43:04","date_gmt":"2025-03-20T19:43:04","guid":{"rendered":"https:\/\/prensa.sma.gob.ar\/?p=6101"},"modified":"2025-03-20T19:43:06","modified_gmt":"2025-03-20T19:43:06","slug":"san-martin-es-sede-de-las-jornadas-patagonicas-de-derecho-tributario-aduanero-y-penal-tributario","status":"publish","type":"post","link":"https:\/\/prensa.sma.gob.ar\/?p=6101","title":{"rendered":"San Mart\u00edn es sede de las Jornadas Patag\u00f3nicas de Derecho Tributario, Aduanero y Penal Tributario"},"content":{"rendered":"\n<p>Este jueves comenz\u00f3 la cuarta edici\u00f3n de las Jornadas Patag\u00f3nicas de Derecho Tributario, Aduanero y Penal Tributario, que se desarrollar\u00e1n hasta ma\u00f1ana, viernes, en el Sal\u00f3n Municipal de San Mart\u00edn de los Andes.<\/p>\n\n\n\n<p>La actividad, organizada por la Comisi\u00f3n de Derecho Financiero, Tributario y Aduanero con el apoyo de la Municipalidad de San Mart\u00edn de los Andes, re\u00fane a funcionarios judiciales, especialistas y acad\u00e9micos de la Patagonia.<\/p>\n\n\n\n<p>Durante dos d\u00edas, se abordar\u00e1n asuntos vinculados con tributaci\u00f3n local y federal; prescripci\u00f3n tributaria; presi\u00f3n fiscal; armonizaci\u00f3n fiscal; Inteligencia Artificial aplicada al Derecho Tributario; derecho penal y aduanero; reforma tributaria; evasi\u00f3n fiscal y previsional: entre otros temas.<\/p>\n\n\n\n<p>El intendente municipal, Carlos Saloniti, encabez\u00f3 el panel de bienvenida junto al presidente de las Jornadas, Daniel Dubin; el director provincial de Rentas, Marcos Lavaggi; el juez del Tribunal Superior de Justicia de Neuqu\u00e9n Germ\u00e1n Busamia; el vicepresidente del Colegio de Abogados de Jun\u00edn de Los Andes, San Mart\u00edn de los Andes y Villa La Angostura, Mat\u00edas Dupuy, y la presidenta de la Comisi\u00f3n de Derecho Tributario y Aduanero en la Asociaci\u00f3n de Abogados de Buenos Aires, Noelia Amendola.<\/p>\n\n\n\n<figure class=\"wp-block-gallery has-nested-images columns-default is-cropped wp-block-gallery-1 is-layout-flex wp-block-gallery-is-layout-flex\">\n<figure class=\"wp-block-image size-large\"><img loading=\"lazy\" decoding=\"async\" width=\"1024\" height=\"576\" data-id=\"6113\" src=\"https:\/\/prensa.sma.gob.ar\/wp-content\/uploads\/2025\/03\/WhatsApp-Image-2025-03-20-at-15.49.15-1024x576.jpeg\" alt=\"\" class=\"wp-image-6113\" srcset=\"https:\/\/prensa.sma.gob.ar\/wp-content\/uploads\/2025\/03\/WhatsApp-Image-2025-03-20-at-15.49.15-1024x576.jpeg 1024w, https:\/\/prensa.sma.gob.ar\/wp-content\/uploads\/2025\/03\/WhatsApp-Image-2025-03-20-at-15.49.15-300x169.jpeg 300w, https:\/\/prensa.sma.gob.ar\/wp-content\/uploads\/2025\/03\/WhatsApp-Image-2025-03-20-at-15.49.15-768x432.jpeg 768w, https:\/\/prensa.sma.gob.ar\/wp-content\/uploads\/2025\/03\/WhatsApp-Image-2025-03-20-at-15.49.15-1536x864.jpeg 1536w, https:\/\/prensa.sma.gob.ar\/wp-content\/uploads\/2025\/03\/WhatsApp-Image-2025-03-20-at-15.49.15-747x420.jpeg 747w, https:\/\/prensa.sma.gob.ar\/wp-content\/uploads\/2025\/03\/WhatsApp-Image-2025-03-20-at-15.49.15-696x392.jpeg 696w, https:\/\/prensa.sma.gob.ar\/wp-content\/uploads\/2025\/03\/WhatsApp-Image-2025-03-20-at-15.49.15-1068x601.jpeg 1068w, https:\/\/prensa.sma.gob.ar\/wp-content\/uploads\/2025\/03\/WhatsApp-Image-2025-03-20-at-15.49.15.jpeg 1600w\" sizes=\"auto, (max-width: 1024px) 100vw, 1024px\" \/><\/figure>\n\n\n\n<figure class=\"wp-block-image size-large\"><img loading=\"lazy\" decoding=\"async\" width=\"1024\" height=\"576\" data-id=\"6114\" src=\"https:\/\/prensa.sma.gob.ar\/wp-content\/uploads\/2025\/03\/WhatsApp-Image-2025-03-20-at-15.49.14-2-1024x576.jpeg\" alt=\"\" class=\"wp-image-6114\" srcset=\"https:\/\/prensa.sma.gob.ar\/wp-content\/uploads\/2025\/03\/WhatsApp-Image-2025-03-20-at-15.49.14-2-1024x576.jpeg 1024w, https:\/\/prensa.sma.gob.ar\/wp-content\/uploads\/2025\/03\/WhatsApp-Image-2025-03-20-at-15.49.14-2-300x169.jpeg 300w, https:\/\/prensa.sma.gob.ar\/wp-content\/uploads\/2025\/03\/WhatsApp-Image-2025-03-20-at-15.49.14-2-768x432.jpeg 768w, https:\/\/prensa.sma.gob.ar\/wp-content\/uploads\/2025\/03\/WhatsApp-Image-2025-03-20-at-15.49.14-2-1536x864.jpeg 1536w, https:\/\/prensa.sma.gob.ar\/wp-content\/uploads\/2025\/03\/WhatsApp-Image-2025-03-20-at-15.49.14-2-747x420.jpeg 747w, https:\/\/prensa.sma.gob.ar\/wp-content\/uploads\/2025\/03\/WhatsApp-Image-2025-03-20-at-15.49.14-2-696x392.jpeg 696w, https:\/\/prensa.sma.gob.ar\/wp-content\/uploads\/2025\/03\/WhatsApp-Image-2025-03-20-at-15.49.14-2-1068x601.jpeg 1068w, https:\/\/prensa.sma.gob.ar\/wp-content\/uploads\/2025\/03\/WhatsApp-Image-2025-03-20-at-15.49.14-2.jpeg 1600w\" sizes=\"auto, (max-width: 1024px) 100vw, 1024px\" \/><\/figure>\n\n\n\n<figure class=\"wp-block-image size-large\"><img loading=\"lazy\" decoding=\"async\" width=\"1024\" height=\"576\" data-id=\"6108\" src=\"https:\/\/prensa.sma.gob.ar\/wp-content\/uploads\/2025\/03\/WhatsApp-Image-2025-03-20-at-15.49.17-1-1024x576.jpeg\" alt=\"\" class=\"wp-image-6108\" srcset=\"https:\/\/prensa.sma.gob.ar\/wp-content\/uploads\/2025\/03\/WhatsApp-Image-2025-03-20-at-15.49.17-1-1024x576.jpeg 1024w, https:\/\/prensa.sma.gob.ar\/wp-content\/uploads\/2025\/03\/WhatsApp-Image-2025-03-20-at-15.49.17-1-300x169.jpeg 300w, https:\/\/prensa.sma.gob.ar\/wp-content\/uploads\/2025\/03\/WhatsApp-Image-2025-03-20-at-15.49.17-1-768x432.jpeg 768w, https:\/\/prensa.sma.gob.ar\/wp-content\/uploads\/2025\/03\/WhatsApp-Image-2025-03-20-at-15.49.17-1-1536x864.jpeg 1536w, https:\/\/prensa.sma.gob.ar\/wp-content\/uploads\/2025\/03\/WhatsApp-Image-2025-03-20-at-15.49.17-1-747x420.jpeg 747w, https:\/\/prensa.sma.gob.ar\/wp-content\/uploads\/2025\/03\/WhatsApp-Image-2025-03-20-at-15.49.17-1-696x392.jpeg 696w, https:\/\/prensa.sma.gob.ar\/wp-content\/uploads\/2025\/03\/WhatsApp-Image-2025-03-20-at-15.49.17-1-1068x601.jpeg 1068w, https:\/\/prensa.sma.gob.ar\/wp-content\/uploads\/2025\/03\/WhatsApp-Image-2025-03-20-at-15.49.17-1.jpeg 1600w\" sizes=\"auto, (max-width: 1024px) 100vw, 1024px\" \/><\/figure>\n<\/figure>\n\n\n\n<p>El jefe comunal felicit\u00f3 a los organizadores de estas jornadas \u201cpor darle importancia a la capacitaci\u00f3n y formaci\u00f3n de profesionales y adaptarse a los cambios de las normas jur\u00eddicas\u201d teniendo en cuenta que \u201clos conceptos cambian permanentemente y que cada nuevo gobierno tiene su mirada y eso tambi\u00e9n repercute en cada poder del Estado\u201d.<\/p>\n\n\n\n<p>\u201cEl estado necesita tener un equilibrio, ni retirarse ni sobrepasarse, equilibrarse para que ese estado de derecho que todos conocimos cada uno cumpla el rol que tenga que cumplir, por eso estas jornadas sirven y fortalecen esta mirada\u201d, se\u00f1al\u00f3 Saloniti.<\/p>\n\n\n\n<p>Pidi\u00f3 \u201ctener en claro que no importa el lugar que uno ocupa en la sociedad sino el respeto, ser buen ciudadano y buena persona; estos son valores imprescindibles para sacar adelante una sociedad y a veces eso se trastoca por din\u00e1micas personales, por din\u00e1micas pol\u00edticas o din\u00e1micas sectoriales\u201d.<\/p>\n\n\n\n<figure class=\"wp-block-gallery has-nested-images columns-default is-cropped wp-block-gallery-2 is-layout-flex wp-block-gallery-is-layout-flex\">\n<figure class=\"wp-block-image size-large\"><img loading=\"lazy\" decoding=\"async\" width=\"1024\" height=\"594\" data-id=\"6111\" src=\"https:\/\/prensa.sma.gob.ar\/wp-content\/uploads\/2025\/03\/WhatsApp-Image-2025-03-20-at-15.49.16-1024x594.jpeg\" alt=\"\" class=\"wp-image-6111\" srcset=\"https:\/\/prensa.sma.gob.ar\/wp-content\/uploads\/2025\/03\/WhatsApp-Image-2025-03-20-at-15.49.16-1024x594.jpeg 1024w, https:\/\/prensa.sma.gob.ar\/wp-content\/uploads\/2025\/03\/WhatsApp-Image-2025-03-20-at-15.49.16-300x174.jpeg 300w, https:\/\/prensa.sma.gob.ar\/wp-content\/uploads\/2025\/03\/WhatsApp-Image-2025-03-20-at-15.49.16-768x445.jpeg 768w, https:\/\/prensa.sma.gob.ar\/wp-content\/uploads\/2025\/03\/WhatsApp-Image-2025-03-20-at-15.49.16-1536x891.jpeg 1536w, https:\/\/prensa.sma.gob.ar\/wp-content\/uploads\/2025\/03\/WhatsApp-Image-2025-03-20-at-15.49.16-724x420.jpeg 724w, https:\/\/prensa.sma.gob.ar\/wp-content\/uploads\/2025\/03\/WhatsApp-Image-2025-03-20-at-15.49.16-696x404.jpeg 696w, https:\/\/prensa.sma.gob.ar\/wp-content\/uploads\/2025\/03\/WhatsApp-Image-2025-03-20-at-15.49.16-1068x619.jpeg 1068w, https:\/\/prensa.sma.gob.ar\/wp-content\/uploads\/2025\/03\/WhatsApp-Image-2025-03-20-at-15.49.16.jpeg 1600w\" sizes=\"auto, (max-width: 1024px) 100vw, 1024px\" \/><\/figure>\n\n\n\n<figure class=\"wp-block-image size-large\"><img loading=\"lazy\" decoding=\"async\" width=\"1024\" height=\"576\" data-id=\"6110\" src=\"https:\/\/prensa.sma.gob.ar\/wp-content\/uploads\/2025\/03\/WhatsApp-Image-2025-03-20-at-15.49.16-1-1024x576.jpeg\" alt=\"\" class=\"wp-image-6110\" srcset=\"https:\/\/prensa.sma.gob.ar\/wp-content\/uploads\/2025\/03\/WhatsApp-Image-2025-03-20-at-15.49.16-1-1024x576.jpeg 1024w, https:\/\/prensa.sma.gob.ar\/wp-content\/uploads\/2025\/03\/WhatsApp-Image-2025-03-20-at-15.49.16-1-300x169.jpeg 300w, https:\/\/prensa.sma.gob.ar\/wp-content\/uploads\/2025\/03\/WhatsApp-Image-2025-03-20-at-15.49.16-1-768x432.jpeg 768w, https:\/\/prensa.sma.gob.ar\/wp-content\/uploads\/2025\/03\/WhatsApp-Image-2025-03-20-at-15.49.16-1-1536x864.jpeg 1536w, https:\/\/prensa.sma.gob.ar\/wp-content\/uploads\/2025\/03\/WhatsApp-Image-2025-03-20-at-15.49.16-1-747x420.jpeg 747w, https:\/\/prensa.sma.gob.ar\/wp-content\/uploads\/2025\/03\/WhatsApp-Image-2025-03-20-at-15.49.16-1-696x392.jpeg 696w, https:\/\/prensa.sma.gob.ar\/wp-content\/uploads\/2025\/03\/WhatsApp-Image-2025-03-20-at-15.49.16-1-1068x601.jpeg 1068w, https:\/\/prensa.sma.gob.ar\/wp-content\/uploads\/2025\/03\/WhatsApp-Image-2025-03-20-at-15.49.16-1.jpeg 1600w\" sizes=\"auto, (max-width: 1024px) 100vw, 1024px\" \/><\/figure>\n\n\n\n<figure class=\"wp-block-image size-large\"><img loading=\"lazy\" decoding=\"async\" width=\"1024\" height=\"576\" data-id=\"6109\" src=\"https:\/\/prensa.sma.gob.ar\/wp-content\/uploads\/2025\/03\/WhatsApp-Image-2025-03-20-at-15.49.17-1024x576.jpeg\" alt=\"\" class=\"wp-image-6109\" srcset=\"https:\/\/prensa.sma.gob.ar\/wp-content\/uploads\/2025\/03\/WhatsApp-Image-2025-03-20-at-15.49.17-1024x576.jpeg 1024w, https:\/\/prensa.sma.gob.ar\/wp-content\/uploads\/2025\/03\/WhatsApp-Image-2025-03-20-at-15.49.17-300x169.jpeg 300w, https:\/\/prensa.sma.gob.ar\/wp-content\/uploads\/2025\/03\/WhatsApp-Image-2025-03-20-at-15.49.17-768x432.jpeg 768w, https:\/\/prensa.sma.gob.ar\/wp-content\/uploads\/2025\/03\/WhatsApp-Image-2025-03-20-at-15.49.17-1536x864.jpeg 1536w, https:\/\/prensa.sma.gob.ar\/wp-content\/uploads\/2025\/03\/WhatsApp-Image-2025-03-20-at-15.49.17-747x420.jpeg 747w, https:\/\/prensa.sma.gob.ar\/wp-content\/uploads\/2025\/03\/WhatsApp-Image-2025-03-20-at-15.49.17-696x392.jpeg 696w, https:\/\/prensa.sma.gob.ar\/wp-content\/uploads\/2025\/03\/WhatsApp-Image-2025-03-20-at-15.49.17-1068x601.jpeg 1068w, https:\/\/prensa.sma.gob.ar\/wp-content\/uploads\/2025\/03\/WhatsApp-Image-2025-03-20-at-15.49.17.jpeg 1600w\" sizes=\"auto, (max-width: 1024px) 100vw, 1024px\" \/><\/figure>\n<\/figure>\n\n\n\n<p>\u201cSon momentos de bajar tensiones, de tener di\u00e1logos sinceros y de construir sinceramente y de buena fe, ni denostar a la pol\u00edtica ni denostar a ning\u00fan otro sector de la comunidad. No creo que esa sea la forma de salir adelante de una comunidad y mucho menos de para un pa\u00eds. Somos todos argentinos y queremos lo mejor para nuestro pa\u00eds\u201d, concluy\u00f3 Saloniti.<\/p>\n\n\n\n<p>Las jornadas, a las que luego se sum\u00f3 el ministro de Justicia de la Naci\u00f3n, Mariano C\u00faneo Libarona, ocuparon la tarde de este jueves y continuar\u00e1n ma\u00f1ana, a partir de las 9, y hasta las 18.40, cuando comience la mesa de cierre.<\/p>\n\n\n\n<figure class=\"wp-block-gallery has-nested-images columns-default is-cropped wp-block-gallery-3 is-layout-flex wp-block-gallery-is-layout-flex\">\n<figure class=\"wp-block-image size-large\"><img loading=\"lazy\" decoding=\"async\" width=\"1024\" height=\"597\" data-id=\"6116\" src=\"https:\/\/prensa.sma.gob.ar\/wp-content\/uploads\/2025\/03\/WhatsApp-Image-2025-03-20-at-15.49.13-1024x597.jpeg\" alt=\"\" class=\"wp-image-6116\" srcset=\"https:\/\/prensa.sma.gob.ar\/wp-content\/uploads\/2025\/03\/WhatsApp-Image-2025-03-20-at-15.49.13-1024x597.jpeg 1024w, https:\/\/prensa.sma.gob.ar\/wp-content\/uploads\/2025\/03\/WhatsApp-Image-2025-03-20-at-15.49.13-300x175.jpeg 300w, https:\/\/prensa.sma.gob.ar\/wp-content\/uploads\/2025\/03\/WhatsApp-Image-2025-03-20-at-15.49.13-768x448.jpeg 768w, https:\/\/prensa.sma.gob.ar\/wp-content\/uploads\/2025\/03\/WhatsApp-Image-2025-03-20-at-15.49.13-1536x896.jpeg 1536w, https:\/\/prensa.sma.gob.ar\/wp-content\/uploads\/2025\/03\/WhatsApp-Image-2025-03-20-at-15.49.13-720x420.jpeg 720w, https:\/\/prensa.sma.gob.ar\/wp-content\/uploads\/2025\/03\/WhatsApp-Image-2025-03-20-at-15.49.13-696x406.jpeg 696w, https:\/\/prensa.sma.gob.ar\/wp-content\/uploads\/2025\/03\/WhatsApp-Image-2025-03-20-at-15.49.13-1068x623.jpeg 1068w, https:\/\/prensa.sma.gob.ar\/wp-content\/uploads\/2025\/03\/WhatsApp-Image-2025-03-20-at-15.49.13.jpeg 1600w\" sizes=\"auto, (max-width: 1024px) 100vw, 1024px\" \/><\/figure>\n\n\n\n<figure class=\"wp-block-image size-large\"><img loading=\"lazy\" decoding=\"async\" width=\"1024\" height=\"576\" data-id=\"6103\" src=\"https:\/\/prensa.sma.gob.ar\/wp-content\/uploads\/2025\/03\/WhatsApp-Image-2025-03-20-at-15.49.21-1-1024x576.jpeg\" alt=\"\" class=\"wp-image-6103\" srcset=\"https:\/\/prensa.sma.gob.ar\/wp-content\/uploads\/2025\/03\/WhatsApp-Image-2025-03-20-at-15.49.21-1-1024x576.jpeg 1024w, https:\/\/prensa.sma.gob.ar\/wp-content\/uploads\/2025\/03\/WhatsApp-Image-2025-03-20-at-15.49.21-1-300x169.jpeg 300w, https:\/\/prensa.sma.gob.ar\/wp-content\/uploads\/2025\/03\/WhatsApp-Image-2025-03-20-at-15.49.21-1-768x432.jpeg 768w, https:\/\/prensa.sma.gob.ar\/wp-content\/uploads\/2025\/03\/WhatsApp-Image-2025-03-20-at-15.49.21-1-1536x864.jpeg 1536w, https:\/\/prensa.sma.gob.ar\/wp-content\/uploads\/2025\/03\/WhatsApp-Image-2025-03-20-at-15.49.21-1-747x420.jpeg 747w, https:\/\/prensa.sma.gob.ar\/wp-content\/uploads\/2025\/03\/WhatsApp-Image-2025-03-20-at-15.49.21-1-696x392.jpeg 696w, https:\/\/prensa.sma.gob.ar\/wp-content\/uploads\/2025\/03\/WhatsApp-Image-2025-03-20-at-15.49.21-1-1068x601.jpeg 1068w, https:\/\/prensa.sma.gob.ar\/wp-content\/uploads\/2025\/03\/WhatsApp-Image-2025-03-20-at-15.49.21-1.jpeg 1600w\" sizes=\"auto, (max-width: 1024px) 100vw, 1024px\" \/><\/figure>\n\n\n\n<figure class=\"wp-block-image size-large\"><img loading=\"lazy\" decoding=\"async\" width=\"1024\" height=\"616\" data-id=\"6102\" src=\"https:\/\/prensa.sma.gob.ar\/wp-content\/uploads\/2025\/03\/WhatsApp-Image-2025-03-20-at-15.49.22-1024x616.jpeg\" alt=\"\" class=\"wp-image-6102\" srcset=\"https:\/\/prensa.sma.gob.ar\/wp-content\/uploads\/2025\/03\/WhatsApp-Image-2025-03-20-at-15.49.22-1024x616.jpeg 1024w, https:\/\/prensa.sma.gob.ar\/wp-content\/uploads\/2025\/03\/WhatsApp-Image-2025-03-20-at-15.49.22-300x180.jpeg 300w, https:\/\/prensa.sma.gob.ar\/wp-content\/uploads\/2025\/03\/WhatsApp-Image-2025-03-20-at-15.49.22-768x462.jpeg 768w, https:\/\/prensa.sma.gob.ar\/wp-content\/uploads\/2025\/03\/WhatsApp-Image-2025-03-20-at-15.49.22-1536x924.jpeg 1536w, https:\/\/prensa.sma.gob.ar\/wp-content\/uploads\/2025\/03\/WhatsApp-Image-2025-03-20-at-15.49.22-699x420.jpeg 699w, https:\/\/prensa.sma.gob.ar\/wp-content\/uploads\/2025\/03\/WhatsApp-Image-2025-03-20-at-15.49.22-696x418.jpeg 696w, https:\/\/prensa.sma.gob.ar\/wp-content\/uploads\/2025\/03\/WhatsApp-Image-2025-03-20-at-15.49.22-1068x642.jpeg 1068w, https:\/\/prensa.sma.gob.ar\/wp-content\/uploads\/2025\/03\/WhatsApp-Image-2025-03-20-at-15.49.22.jpeg 1600w\" sizes=\"auto, (max-width: 1024px) 100vw, 1024px\" \/><\/figure>\n<\/figure>\n\n\n\n<p><br><\/p>\n","protected":false},"excerpt":{"rendered":"<p>Este jueves comenz\u00f3 la cuarta edici\u00f3n de las Jornadas Patag\u00f3nicas de Derecho Tributario, Aduanero y Penal Tributario, que se desarrollar\u00e1n hasta ma\u00f1ana, viernes, en el Sal\u00f3n Municipal de San Mart\u00edn de los Andes. La actividad, organizada por la Comisi\u00f3n de Derecho Financiero, Tributario y Aduanero con el apoyo de la Municipalidad de San Mart\u00edn de [&hellip;]<\/p>\n","protected":false},"author":2,"featured_media":6112,"comment_status":"closed","ping_status":"open","sticky":false,"template":"","format":"standard","meta":{"footnotes":""},"categories":[16,14],"tags":[],"class_list":{"0":"post-6101","1":"post","2":"type-post","3":"status-publish","4":"format-standard","5":"has-post-thumbnail","7":"category-destacadas","8":"category-noticias"},"_links":{"self":[{"href":"https:\/\/prensa.sma.gob.ar\/index.php?rest_route=\/wp\/v2\/posts\/6101","targetHints":{"allow":["GET"]}}],"collection":[{"href":"https:\/\/prensa.sma.gob.ar\/index.php?rest_route=\/wp\/v2\/posts"}],"about":[{"href":"https:\/\/prensa.sma.gob.ar\/index.php?rest_route=\/wp\/v2\/types\/post"}],"author":[{"embeddable":true,"href":"https:\/\/prensa.sma.gob.ar\/index.php?rest_route=\/wp\/v2\/users\/2"}],"replies":[{"embeddable":true,"href":"https:\/\/prensa.sma.gob.ar\/index.php?rest_route=%2Fwp%2Fv2%2Fcomments&post=6101"}],"version-history":[{"count":1,"href":"https:\/\/prensa.sma.gob.ar\/index.php?rest_route=\/wp\/v2\/posts\/6101\/revisions"}],"predecessor-version":[{"id":6117,"href":"https:\/\/prensa.sma.gob.ar\/index.php?rest_route=\/wp\/v2\/posts\/6101\/revisions\/6117"}],"wp:featuredmedia":[{"embeddable":true,"href":"https:\/\/prensa.sma.gob.ar\/index.php?rest_route=\/wp\/v2\/media\/6112"}],"wp:attachment":[{"href":"https:\/\/prensa.sma.gob.ar\/index.php?rest_route=%2Fwp%2Fv2%2Fmedia&parent=6101"}],"wp:term":[{"taxonomy":"category","embeddable":true,"href":"https:\/\/prensa.sma.gob.ar\/index.php?rest_route=%2Fwp%2Fv2%2Fcategories&post=6101"},{"taxonomy":"post_tag","embeddable":true,"href":"https:\/\/prensa.sma.gob.ar\/index.php?rest_route=%2Fwp%2Fv2%2Ftags&post=6101"}],"curies":[{"name":"wp","href":"https:\/\/api.w.org\/{rel}","templated":true}]}}