{"id":6146,"date":"2025-03-23T14:55:39","date_gmt":"2025-03-23T14:55:39","guid":{"rendered":"https:\/\/prensa.sma.gob.ar\/?p=6146"},"modified":"2025-03-23T14:55:40","modified_gmt":"2025-03-23T14:55:40","slug":"el-municipio-ratifico-el-compromiso-de-acompanar-a-vecinas-y-vecinos-de-los-200-lotes-de-chacra-30","status":"publish","type":"post","link":"https:\/\/prensa.sma.gob.ar\/?p=6146","title":{"rendered":"El Municipio ratific\u00f3 el compromiso de acompa\u00f1ar a vecinas y vecinos de los 200 lotes de Chacra 30"},"content":{"rendered":"\n<p>El intendente municipal, Carlos Saloniti, y la directora del Instituto de Vivienda y H\u00e1bitat, Carolina Amaya, recibieron este viernes a representantes de las familias preadjudicatarias de los 200 lotes de Chacra 30, para analizar temas pendientes para regularizar la tenencia de los terrenos, terminar el Estudio de Impacto Ambiental y ampliar las gestiones para comenzar a darle forma al futuro barrio Aitu\u00e9, que re\u00fane a casi 650 personas.<\/p>\n\n\n\n<p>Durante el encuentro, del que participaron unas 15 vecinas y vecinos, adem\u00e1s de funcionarios y t\u00e9cnicos del Instituto de Vivienda, el intendente Saloniti reafirm\u00f3 el compromiso del Ejecutivo, y el suyo personal, para que las familias puedan tener la asignaci\u00f3n formal de sus terrenos y avanzar en los asuntos m\u00e1s urgentes para la conformaci\u00f3n del barrio en las 12,5 hect\u00e1reas, ubicadas en el l\u00edmite entre Chacra 30 y Chacra 32.<\/p>\n\n\n\n<p>Los representantes del futuro barrio entregaron al intendente una nota en la que afirmaron que la conclusi\u00f3n del Estudio de Impacto Ambiental permitir\u00e1 que los terrenos -que actualmente son del Municipio- est\u00e9n a nombre de las familias. \u201cEntendimos entre todas las reuniones y los talleres que lo m\u00e1s importante es dar este paso para empezar a hacer acciones reales y concretas\u201d, se\u00f1alaron, y explicaron que lograron juntar 120 firmas de las 200 familias preadjudicatarias.<\/p>\n\n\n\n<figure class=\"wp-block-gallery has-nested-images columns-default is-cropped wp-block-gallery-1 is-layout-flex wp-block-gallery-is-layout-flex\">\n<figure class=\"wp-block-image size-large\"><img loading=\"lazy\" decoding=\"async\" width=\"1024\" height=\"644\" data-id=\"6152\" src=\"https:\/\/prensa.sma.gob.ar\/wp-content\/uploads\/2025\/03\/WhatsApp-Image-2025-03-21-at-12.03.561-1024x644.jpeg\" alt=\"\" class=\"wp-image-6152\" srcset=\"https:\/\/prensa.sma.gob.ar\/wp-content\/uploads\/2025\/03\/WhatsApp-Image-2025-03-21-at-12.03.561-1024x644.jpeg 1024w, https:\/\/prensa.sma.gob.ar\/wp-content\/uploads\/2025\/03\/WhatsApp-Image-2025-03-21-at-12.03.561-300x189.jpeg 300w, https:\/\/prensa.sma.gob.ar\/wp-content\/uploads\/2025\/03\/WhatsApp-Image-2025-03-21-at-12.03.561-768x483.jpeg 768w, https:\/\/prensa.sma.gob.ar\/wp-content\/uploads\/2025\/03\/WhatsApp-Image-2025-03-21-at-12.03.561-1536x967.jpeg 1536w, https:\/\/prensa.sma.gob.ar\/wp-content\/uploads\/2025\/03\/WhatsApp-Image-2025-03-21-at-12.03.561-667x420.jpeg 667w, https:\/\/prensa.sma.gob.ar\/wp-content\/uploads\/2025\/03\/WhatsApp-Image-2025-03-21-at-12.03.561-696x438.jpeg 696w, https:\/\/prensa.sma.gob.ar\/wp-content\/uploads\/2025\/03\/WhatsApp-Image-2025-03-21-at-12.03.561-1068x672.jpeg 1068w, https:\/\/prensa.sma.gob.ar\/wp-content\/uploads\/2025\/03\/WhatsApp-Image-2025-03-21-at-12.03.561.jpeg 1600w\" sizes=\"auto, (max-width: 1024px) 100vw, 1024px\" \/><\/figure>\n\n\n\n<figure class=\"wp-block-image size-large\"><img loading=\"lazy\" decoding=\"async\" width=\"1024\" height=\"576\" data-id=\"6153\" src=\"https:\/\/prensa.sma.gob.ar\/wp-content\/uploads\/2025\/03\/WhatsApp-Image-2025-03-21-at-12.03.56-1024x576.jpeg\" alt=\"\" class=\"wp-image-6153\" srcset=\"https:\/\/prensa.sma.gob.ar\/wp-content\/uploads\/2025\/03\/WhatsApp-Image-2025-03-21-at-12.03.56-1024x576.jpeg 1024w, https:\/\/prensa.sma.gob.ar\/wp-content\/uploads\/2025\/03\/WhatsApp-Image-2025-03-21-at-12.03.56-300x169.jpeg 300w, https:\/\/prensa.sma.gob.ar\/wp-content\/uploads\/2025\/03\/WhatsApp-Image-2025-03-21-at-12.03.56-768x432.jpeg 768w, https:\/\/prensa.sma.gob.ar\/wp-content\/uploads\/2025\/03\/WhatsApp-Image-2025-03-21-at-12.03.56-1536x864.jpeg 1536w, https:\/\/prensa.sma.gob.ar\/wp-content\/uploads\/2025\/03\/WhatsApp-Image-2025-03-21-at-12.03.56-747x420.jpeg 747w, https:\/\/prensa.sma.gob.ar\/wp-content\/uploads\/2025\/03\/WhatsApp-Image-2025-03-21-at-12.03.56-696x392.jpeg 696w, https:\/\/prensa.sma.gob.ar\/wp-content\/uploads\/2025\/03\/WhatsApp-Image-2025-03-21-at-12.03.56-1068x601.jpeg 1068w, https:\/\/prensa.sma.gob.ar\/wp-content\/uploads\/2025\/03\/WhatsApp-Image-2025-03-21-at-12.03.56.jpeg 1600w\" sizes=\"auto, (max-width: 1024px) 100vw, 1024px\" \/><\/figure>\n\n\n\n<figure class=\"wp-block-image size-large\"><img loading=\"lazy\" decoding=\"async\" width=\"1024\" height=\"608\" data-id=\"6150\" src=\"https:\/\/prensa.sma.gob.ar\/wp-content\/uploads\/2025\/03\/WhatsApp-Image-2025-03-21-at-12.03.58-1024x608.jpeg\" alt=\"\" class=\"wp-image-6150\" srcset=\"https:\/\/prensa.sma.gob.ar\/wp-content\/uploads\/2025\/03\/WhatsApp-Image-2025-03-21-at-12.03.58-1024x608.jpeg 1024w, https:\/\/prensa.sma.gob.ar\/wp-content\/uploads\/2025\/03\/WhatsApp-Image-2025-03-21-at-12.03.58-300x178.jpeg 300w, https:\/\/prensa.sma.gob.ar\/wp-content\/uploads\/2025\/03\/WhatsApp-Image-2025-03-21-at-12.03.58-768x456.jpeg 768w, https:\/\/prensa.sma.gob.ar\/wp-content\/uploads\/2025\/03\/WhatsApp-Image-2025-03-21-at-12.03.58-1536x912.jpeg 1536w, https:\/\/prensa.sma.gob.ar\/wp-content\/uploads\/2025\/03\/WhatsApp-Image-2025-03-21-at-12.03.58-707x420.jpeg 707w, https:\/\/prensa.sma.gob.ar\/wp-content\/uploads\/2025\/03\/WhatsApp-Image-2025-03-21-at-12.03.58-696x413.jpeg 696w, https:\/\/prensa.sma.gob.ar\/wp-content\/uploads\/2025\/03\/WhatsApp-Image-2025-03-21-at-12.03.58-1068x634.jpeg 1068w, https:\/\/prensa.sma.gob.ar\/wp-content\/uploads\/2025\/03\/WhatsApp-Image-2025-03-21-at-12.03.58.jpeg 1600w\" sizes=\"auto, (max-width: 1024px) 100vw, 1024px\" \/><\/figure>\n<\/figure>\n\n\n\n<p>Los vecinos ya hab\u00edan sido informados de que el Municipio hab\u00eda hecho los pedidos de factibilidad t\u00e9cnica, ya aprobados, de Epen y de la Cooperativa de Agua y que est\u00e1 hecho el pedido de factibilidad de cloacas. Agregaron que la conclusi\u00f3n del Estudio de Impacto Ambiental posibilitar\u00e1 realizar la mensura, la subdivisi\u00f3n de lotes y hacer las gestiones ante el \u00e1rea de Econom\u00eda y Hacienda para hacer aportes de dinero que se conviertan en recupero financiero.<\/p>\n\n\n\n<p>Saloniti agradeci\u00f3 la reuni\u00f3n con las y los representantes del barrio -el encuentro se realiz\u00f3 en la sede del Instituto de Vivienda- e insisti\u00f3 en la importancia de las gestiones colectivas frente al nuevo escenario que se plantea desde que el Gobierno nacional abandon\u00f3 su pol\u00edtica de viviendas, infraestructura y obras p\u00fablica. Reivindic\u00f3 la importancia de la nueva ordenanza de Emergencia Habitacional que permita agilizar los tr\u00e1mites para conseguir tierras y ayudar a las familias que ya tienen los lotes.<\/p>\n\n\n\n<p>Anticip\u00f3 que la provincia firmar\u00e1 con un privado para proveer de agua a toda la zona de Chacra 30 y que el Municipio va a pagar lo que sea necesario para preparar el terreno para esa obra. Tambi\u00e9n inform\u00f3 que hay un trabajo permanente con Epen y gestiones con Provincia para conseguir el dinero y encontrar nuevas soluciones. El jefe comunal revindic\u00f3 la construcci\u00f3n vecinal y el compromiso y ratific\u00f3 que habr\u00e1 una normativa que garantice que los fondos que los vecinos aporten ir\u00e1n a la cuenta para el barrio.<\/p>\n\n\n\n<figure class=\"wp-block-gallery has-nested-images columns-default is-cropped wp-block-gallery-2 is-layout-flex wp-block-gallery-is-layout-flex\">\n<figure class=\"wp-block-image size-large\"><img loading=\"lazy\" decoding=\"async\" width=\"1024\" height=\"576\" data-id=\"6148\" src=\"https:\/\/prensa.sma.gob.ar\/wp-content\/uploads\/2025\/03\/WhatsApp-Image-2025-03-21-at-12.03.582-1024x576.jpeg\" alt=\"\" class=\"wp-image-6148\" srcset=\"https:\/\/prensa.sma.gob.ar\/wp-content\/uploads\/2025\/03\/WhatsApp-Image-2025-03-21-at-12.03.582-1024x576.jpeg 1024w, https:\/\/prensa.sma.gob.ar\/wp-content\/uploads\/2025\/03\/WhatsApp-Image-2025-03-21-at-12.03.582-300x169.jpeg 300w, https:\/\/prensa.sma.gob.ar\/wp-content\/uploads\/2025\/03\/WhatsApp-Image-2025-03-21-at-12.03.582-768x432.jpeg 768w, https:\/\/prensa.sma.gob.ar\/wp-content\/uploads\/2025\/03\/WhatsApp-Image-2025-03-21-at-12.03.582-1536x864.jpeg 1536w, https:\/\/prensa.sma.gob.ar\/wp-content\/uploads\/2025\/03\/WhatsApp-Image-2025-03-21-at-12.03.582-747x420.jpeg 747w, https:\/\/prensa.sma.gob.ar\/wp-content\/uploads\/2025\/03\/WhatsApp-Image-2025-03-21-at-12.03.582-696x392.jpeg 696w, https:\/\/prensa.sma.gob.ar\/wp-content\/uploads\/2025\/03\/WhatsApp-Image-2025-03-21-at-12.03.582-1068x601.jpeg 1068w, https:\/\/prensa.sma.gob.ar\/wp-content\/uploads\/2025\/03\/WhatsApp-Image-2025-03-21-at-12.03.582.jpeg 1600w\" sizes=\"auto, (max-width: 1024px) 100vw, 1024px\" \/><\/figure>\n\n\n\n<figure class=\"wp-block-image size-large\"><img loading=\"lazy\" decoding=\"async\" width=\"1024\" height=\"576\" data-id=\"6151\" src=\"https:\/\/prensa.sma.gob.ar\/wp-content\/uploads\/2025\/03\/WhatsApp-Image-2025-03-21-at-12.03.57-1024x576.jpeg\" alt=\"\" class=\"wp-image-6151\" srcset=\"https:\/\/prensa.sma.gob.ar\/wp-content\/uploads\/2025\/03\/WhatsApp-Image-2025-03-21-at-12.03.57-1024x576.jpeg 1024w, https:\/\/prensa.sma.gob.ar\/wp-content\/uploads\/2025\/03\/WhatsApp-Image-2025-03-21-at-12.03.57-300x169.jpeg 300w, https:\/\/prensa.sma.gob.ar\/wp-content\/uploads\/2025\/03\/WhatsApp-Image-2025-03-21-at-12.03.57-768x432.jpeg 768w, https:\/\/prensa.sma.gob.ar\/wp-content\/uploads\/2025\/03\/WhatsApp-Image-2025-03-21-at-12.03.57-1536x864.jpeg 1536w, https:\/\/prensa.sma.gob.ar\/wp-content\/uploads\/2025\/03\/WhatsApp-Image-2025-03-21-at-12.03.57-747x420.jpeg 747w, https:\/\/prensa.sma.gob.ar\/wp-content\/uploads\/2025\/03\/WhatsApp-Image-2025-03-21-at-12.03.57-696x392.jpeg 696w, https:\/\/prensa.sma.gob.ar\/wp-content\/uploads\/2025\/03\/WhatsApp-Image-2025-03-21-at-12.03.57-1068x601.jpeg 1068w, https:\/\/prensa.sma.gob.ar\/wp-content\/uploads\/2025\/03\/WhatsApp-Image-2025-03-21-at-12.03.57.jpeg 1600w\" sizes=\"auto, (max-width: 1024px) 100vw, 1024px\" \/><\/figure>\n\n\n\n<figure class=\"wp-block-image size-large\"><img loading=\"lazy\" decoding=\"async\" width=\"1024\" height=\"630\" data-id=\"6154\" src=\"https:\/\/prensa.sma.gob.ar\/wp-content\/uploads\/2025\/03\/WhatsApp-Image-2025-03-21-at-12.03.552-1024x630.jpeg\" alt=\"\" class=\"wp-image-6154\" srcset=\"https:\/\/prensa.sma.gob.ar\/wp-content\/uploads\/2025\/03\/WhatsApp-Image-2025-03-21-at-12.03.552-1024x630.jpeg 1024w, https:\/\/prensa.sma.gob.ar\/wp-content\/uploads\/2025\/03\/WhatsApp-Image-2025-03-21-at-12.03.552-300x185.jpeg 300w, https:\/\/prensa.sma.gob.ar\/wp-content\/uploads\/2025\/03\/WhatsApp-Image-2025-03-21-at-12.03.552-768x473.jpeg 768w, https:\/\/prensa.sma.gob.ar\/wp-content\/uploads\/2025\/03\/WhatsApp-Image-2025-03-21-at-12.03.552-1536x946.jpeg 1536w, https:\/\/prensa.sma.gob.ar\/wp-content\/uploads\/2025\/03\/WhatsApp-Image-2025-03-21-at-12.03.552-682x420.jpeg 682w, https:\/\/prensa.sma.gob.ar\/wp-content\/uploads\/2025\/03\/WhatsApp-Image-2025-03-21-at-12.03.552-696x428.jpeg 696w, https:\/\/prensa.sma.gob.ar\/wp-content\/uploads\/2025\/03\/WhatsApp-Image-2025-03-21-at-12.03.552-1068x657.jpeg 1068w, https:\/\/prensa.sma.gob.ar\/wp-content\/uploads\/2025\/03\/WhatsApp-Image-2025-03-21-at-12.03.552.jpeg 1600w\" sizes=\"auto, (max-width: 1024px) 100vw, 1024px\" \/><\/figure>\n<\/figure>\n\n\n\n<p>En ese sentido, la directora del Instituto de Vivienda y H\u00e1bitat explic\u00f3 que se est\u00e1 trabajando con la Subsecretar\u00eda de Ingresos Tributarios \u201cpara comenzar a los pagos de los vecinos para el recupero y para que otros vecinos como ustedes puedan iniciar el mismo proceso, que estar\u00e1 atado a la pr\u00f3xima ordenanza de adjudicaci\u00f3n de cada lote a cada familia\u201d. Tambi\u00e9n adelant\u00f3 que este tema se conversar\u00e1 en el pr\u00f3ximo taller con vecinas y vecinos, previsto para las pr\u00f3ximas semanas. All\u00ed -dijo- \u201cdefiniremos c\u00f3mo vamos a hacer para empezar a pagar, qu\u00e9 vamos a pagar, hacia d\u00f3nde ir\u00e1 ese recupero\u201d. Record\u00f3 que \u201cel tema del recupero es importante para el Municipio, porque si nosotros recuperamos, vamos a mejorar a\u00fan m\u00e1s los v\u00ednculos activos que hoy tenemos con la Provincia\u201d.<\/p>\n\n\n\n<p>Carolina Amaya tambi\u00e9n anunci\u00f3 que el equipo t\u00e9cnico del Instituto comenz\u00f3 a trabajar con el Asentamiento Universitario de la Universidad del Comahue en Zapala que tiene la carrera de Agrimensura, para trabajar con los estudiantes y los docentes para estudiar la topograf\u00eda de las 12,5 hect\u00e1reas y el estudio de mensura, de manera paralela al estudio de impacto ambiental.<\/p>\n\n\n\n<p>\u201cNos espera un camino de recorrido largo, pero con cosas que se van resolviendo\u201d, se\u00f1al\u00f3 Amaya, y record\u00f3 que este modelo de construcci\u00f3n de barrio y de h\u00e1bitat es nuevo, con muchos desaf\u00edos para el Municipio y para las propias familias que, hasta agosto pasado, no se conoc\u00edan entre s\u00ed y ahora han logrado un gran frente de acci\u00f3n colectiva.<\/p>\n\n\n\n<p>En encuentro finaliz\u00f3 con una foto conjunta de vecinas, vecinos, t\u00e9cnicos, funcionarios y el intendente Saloniti, y la reivindicaci\u00f3n del di\u00e1logo y el intercambio de ideas y opiniones para enriquecer la construcci\u00f3n colectiva.<\/p>\n\n\n\n<figure class=\"wp-block-gallery has-nested-images columns-default is-cropped wp-block-gallery-3 is-layout-flex wp-block-gallery-is-layout-flex\">\n<figure class=\"wp-block-image size-large\"><img loading=\"lazy\" decoding=\"async\" width=\"1024\" height=\"576\" data-id=\"6147\" src=\"https:\/\/prensa.sma.gob.ar\/wp-content\/uploads\/2025\/03\/WhatsApp-Image-2025-03-21-at-12.03.59-1024x576.jpeg\" alt=\"\" class=\"wp-image-6147\" srcset=\"https:\/\/prensa.sma.gob.ar\/wp-content\/uploads\/2025\/03\/WhatsApp-Image-2025-03-21-at-12.03.59-1024x576.jpeg 1024w, https:\/\/prensa.sma.gob.ar\/wp-content\/uploads\/2025\/03\/WhatsApp-Image-2025-03-21-at-12.03.59-300x169.jpeg 300w, https:\/\/prensa.sma.gob.ar\/wp-content\/uploads\/2025\/03\/WhatsApp-Image-2025-03-21-at-12.03.59-768x432.jpeg 768w, https:\/\/prensa.sma.gob.ar\/wp-content\/uploads\/2025\/03\/WhatsApp-Image-2025-03-21-at-12.03.59-1536x864.jpeg 1536w, https:\/\/prensa.sma.gob.ar\/wp-content\/uploads\/2025\/03\/WhatsApp-Image-2025-03-21-at-12.03.59-747x420.jpeg 747w, https:\/\/prensa.sma.gob.ar\/wp-content\/uploads\/2025\/03\/WhatsApp-Image-2025-03-21-at-12.03.59-696x392.jpeg 696w, https:\/\/prensa.sma.gob.ar\/wp-content\/uploads\/2025\/03\/WhatsApp-Image-2025-03-21-at-12.03.59-1068x601.jpeg 1068w, https:\/\/prensa.sma.gob.ar\/wp-content\/uploads\/2025\/03\/WhatsApp-Image-2025-03-21-at-12.03.59.jpeg 1600w\" sizes=\"auto, (max-width: 1024px) 100vw, 1024px\" \/><\/figure>\n<\/figure>\n\n\n\n<p>Redacci\u00f3n: Adri\u00e1n Fern\u00e1ndez \/ Fotos: Leila Yemina Anaise<\/p>\n\n\n\n<p><\/p>\n","protected":false},"excerpt":{"rendered":"<p>El intendente municipal, Carlos Saloniti, y la directora del Instituto de Vivienda y H\u00e1bitat, Carolina Amaya, recibieron este viernes a representantes de las familias preadjudicatarias de los 200 lotes de Chacra 30, para analizar temas pendientes para regularizar la tenencia de los terrenos, terminar el Estudio de Impacto Ambiental y ampliar las gestiones para comenzar [&hellip;]<\/p>\n","protected":false},"author":2,"featured_media":6156,"comment_status":"closed","ping_status":"open","sticky":false,"template":"","format":"standard","meta":{"footnotes":""},"categories":[16,14,17,37],"tags":[],"class_list":{"0":"post-6146","1":"post","2":"type-post","3":"status-publish","4":"format-standard","5":"has-post-thumbnail","7":"category-destacadas","8":"category-noticias","9":"category-portada","10":"category-vivienda"},"_links":{"self":[{"href":"https:\/\/prensa.sma.gob.ar\/index.php?rest_route=\/wp\/v2\/posts\/6146","targetHints":{"allow":["GET"]}}],"collection":[{"href":"https:\/\/prensa.sma.gob.ar\/index.php?rest_route=\/wp\/v2\/posts"}],"about":[{"href":"https:\/\/prensa.sma.gob.ar\/index.php?rest_route=\/wp\/v2\/types\/post"}],"author":[{"embeddable":true,"href":"https:\/\/prensa.sma.gob.ar\/index.php?rest_route=\/wp\/v2\/users\/2"}],"replies":[{"embeddable":true,"href":"https:\/\/prensa.sma.gob.ar\/index.php?rest_route=%2Fwp%2Fv2%2Fcomments&post=6146"}],"version-history":[{"count":1,"href":"https:\/\/prensa.sma.gob.ar\/index.php?rest_route=\/wp\/v2\/posts\/6146\/revisions"}],"predecessor-version":[{"id":6157,"href":"https:\/\/prensa.sma.gob.ar\/index.php?rest_route=\/wp\/v2\/posts\/6146\/revisions\/6157"}],"wp:featuredmedia":[{"embeddable":true,"href":"https:\/\/prensa.sma.gob.ar\/index.php?rest_route=\/wp\/v2\/media\/6156"}],"wp:attachment":[{"href":"https:\/\/prensa.sma.gob.ar\/index.php?rest_route=%2Fwp%2Fv2%2Fmedia&parent=6146"}],"wp:term":[{"taxonomy":"category","embeddable":true,"href":"https:\/\/prensa.sma.gob.ar\/index.php?rest_route=%2Fwp%2Fv2%2Fcategories&post=6146"},{"taxonomy":"post_tag","embeddable":true,"href":"https:\/\/prensa.sma.gob.ar\/index.php?rest_route=%2Fwp%2Fv2%2Ftags&post=6146"}],"curies":[{"name":"wp","href":"https:\/\/api.w.org\/{rel}","templated":true}]}}