{"id":6158,"date":"2025-03-23T15:01:37","date_gmt":"2025-03-23T15:01:37","guid":{"rendered":"https:\/\/prensa.sma.gob.ar\/?p=6158"},"modified":"2025-03-23T15:01:38","modified_gmt":"2025-03-23T15:01:38","slug":"comenzo-el-registro-de-adhesion-para-la-pavimentacion-de-la-calle-las-lajas-en-chacra-4","status":"publish","type":"post","link":"https:\/\/prensa.sma.gob.ar\/?p=6158","title":{"rendered":"Comenz\u00f3 el registro de adhesi\u00f3n para la pavimentaci\u00f3n de la calle Las Lajas en Chacra 4"},"content":{"rendered":"\n<p>Con una asamblea de vecinos y vecinas del barrio Chacra IV, comenz\u00f3 el registro de adhesi\u00f3n para la pavimentaci\u00f3n de la calle Las Lajas. El registro seguir\u00e1 abierto quince d\u00edas corridos hasta completar la totalidad de frentistas.<\/p>\n\n\n\n<p>La actividad se inici\u00f3 el mi\u00e9rcoles en una asamblea que se realiz\u00f3 en el comedor de Chacra IV, donde personal de la Secretar\u00eda de Obras y Servicios P\u00fablicos y de la Secretar\u00eda del Consejo de Planificaci\u00f3n Estrat\u00e9gica (CoPE) explicaron los alcances de la obra y el monto a ser abonado por los frentistas por el mecanismo de contribuci\u00f3n por mejora.<\/p>\n\n\n\n<p>Una vez realizada la explicaci\u00f3n y evacuadas las dudas de los vecinos, se realiz\u00f3 la firma de la planilla del registro de adhesi\u00f3n, que es condici\u00f3n necesaria para comenzar las obras. Los vecinos comenzar\u00e1n a pagar el pavimento una vez finalizada la obra.<\/p>\n\n\n\n<figure class=\"wp-block-gallery has-nested-images columns-default is-cropped wp-block-gallery-1 is-layout-flex wp-block-gallery-is-layout-flex\">\n<figure class=\"wp-block-image size-large\"><img loading=\"lazy\" decoding=\"async\" width=\"1024\" height=\"576\" data-id=\"6163\" src=\"https:\/\/prensa.sma.gob.ar\/wp-content\/uploads\/2025\/03\/WhatsApp-Image-2025-03-21-at-13.32.49-1-1024x576.jpeg\" alt=\"\" class=\"wp-image-6163\" srcset=\"https:\/\/prensa.sma.gob.ar\/wp-content\/uploads\/2025\/03\/WhatsApp-Image-2025-03-21-at-13.32.49-1-1024x576.jpeg 1024w, https:\/\/prensa.sma.gob.ar\/wp-content\/uploads\/2025\/03\/WhatsApp-Image-2025-03-21-at-13.32.49-1-300x169.jpeg 300w, https:\/\/prensa.sma.gob.ar\/wp-content\/uploads\/2025\/03\/WhatsApp-Image-2025-03-21-at-13.32.49-1-768x432.jpeg 768w, https:\/\/prensa.sma.gob.ar\/wp-content\/uploads\/2025\/03\/WhatsApp-Image-2025-03-21-at-13.32.49-1-1536x864.jpeg 1536w, https:\/\/prensa.sma.gob.ar\/wp-content\/uploads\/2025\/03\/WhatsApp-Image-2025-03-21-at-13.32.49-1-747x420.jpeg 747w, https:\/\/prensa.sma.gob.ar\/wp-content\/uploads\/2025\/03\/WhatsApp-Image-2025-03-21-at-13.32.49-1-696x392.jpeg 696w, https:\/\/prensa.sma.gob.ar\/wp-content\/uploads\/2025\/03\/WhatsApp-Image-2025-03-21-at-13.32.49-1-1068x601.jpeg 1068w, https:\/\/prensa.sma.gob.ar\/wp-content\/uploads\/2025\/03\/WhatsApp-Image-2025-03-21-at-13.32.49-1.jpeg 1600w\" sizes=\"auto, (max-width: 1024px) 100vw, 1024px\" \/><\/figure>\n\n\n\n<figure class=\"wp-block-image size-large\"><img loading=\"lazy\" decoding=\"async\" width=\"960\" height=\"723\" data-id=\"6162\" src=\"https:\/\/prensa.sma.gob.ar\/wp-content\/uploads\/2025\/03\/CHACRA-4-Pavimentacion.jpg\" alt=\"\" class=\"wp-image-6162\" srcset=\"https:\/\/prensa.sma.gob.ar\/wp-content\/uploads\/2025\/03\/CHACRA-4-Pavimentacion.jpg 960w, https:\/\/prensa.sma.gob.ar\/wp-content\/uploads\/2025\/03\/CHACRA-4-Pavimentacion-300x226.jpg 300w, https:\/\/prensa.sma.gob.ar\/wp-content\/uploads\/2025\/03\/CHACRA-4-Pavimentacion-768x578.jpg 768w, https:\/\/prensa.sma.gob.ar\/wp-content\/uploads\/2025\/03\/CHACRA-4-Pavimentacion-558x420.jpg 558w, https:\/\/prensa.sma.gob.ar\/wp-content\/uploads\/2025\/03\/CHACRA-4-Pavimentacion-80x60.jpg 80w, https:\/\/prensa.sma.gob.ar\/wp-content\/uploads\/2025\/03\/CHACRA-4-Pavimentacion-696x524.jpg 696w\" sizes=\"auto, (max-width: 960px) 100vw, 960px\" \/><\/figure>\n<\/figure>\n","protected":false},"excerpt":{"rendered":"<p>Con una asamblea de vecinos y vecinas del barrio Chacra IV, comenz\u00f3 el registro de adhesi\u00f3n para la pavimentaci\u00f3n de la calle Las Lajas. El registro seguir\u00e1 abierto quince d\u00edas corridos hasta completar la totalidad de frentistas. La actividad se inici\u00f3 el mi\u00e9rcoles en una asamblea que se realiz\u00f3 en el comedor de Chacra IV, [&hellip;]<\/p>\n","protected":false},"author":2,"featured_media":6164,"comment_status":"closed","ping_status":"open","sticky":false,"template":"","format":"standard","meta":{"footnotes":""},"categories":[4,16,14,19,17],"tags":[],"class_list":{"0":"post-6158","1":"post","2":"type-post","3":"status-publish","4":"format-standard","5":"has-post-thumbnail","7":"category-cope","8":"category-destacadas","9":"category-noticias","10":"category-obras-y-servicios-publicos","11":"category-portada"},"_links":{"self":[{"href":"https:\/\/prensa.sma.gob.ar\/index.php?rest_route=\/wp\/v2\/posts\/6158","targetHints":{"allow":["GET"]}}],"collection":[{"href":"https:\/\/prensa.sma.gob.ar\/index.php?rest_route=\/wp\/v2\/posts"}],"about":[{"href":"https:\/\/prensa.sma.gob.ar\/index.php?rest_route=\/wp\/v2\/types\/post"}],"author":[{"embeddable":true,"href":"https:\/\/prensa.sma.gob.ar\/index.php?rest_route=\/wp\/v2\/users\/2"}],"replies":[{"embeddable":true,"href":"https:\/\/prensa.sma.gob.ar\/index.php?rest_route=%2Fwp%2Fv2%2Fcomments&post=6158"}],"version-history":[{"count":1,"href":"https:\/\/prensa.sma.gob.ar\/index.php?rest_route=\/wp\/v2\/posts\/6158\/revisions"}],"predecessor-version":[{"id":6165,"href":"https:\/\/prensa.sma.gob.ar\/index.php?rest_route=\/wp\/v2\/posts\/6158\/revisions\/6165"}],"wp:featuredmedia":[{"embeddable":true,"href":"https:\/\/prensa.sma.gob.ar\/index.php?rest_route=\/wp\/v2\/media\/6164"}],"wp:attachment":[{"href":"https:\/\/prensa.sma.gob.ar\/index.php?rest_route=%2Fwp%2Fv2%2Fmedia&parent=6158"}],"wp:term":[{"taxonomy":"category","embeddable":true,"href":"https:\/\/prensa.sma.gob.ar\/index.php?rest_route=%2Fwp%2Fv2%2Fcategories&post=6158"},{"taxonomy":"post_tag","embeddable":true,"href":"https:\/\/prensa.sma.gob.ar\/index.php?rest_route=%2Fwp%2Fv2%2Ftags&post=6158"}],"curies":[{"name":"wp","href":"https:\/\/api.w.org\/{rel}","templated":true}]}}