{"id":6166,"date":"2025-03-23T15:09:28","date_gmt":"2025-03-23T15:09:28","guid":{"rendered":"https:\/\/prensa.sma.gob.ar\/?p=6166"},"modified":"2025-03-23T21:49:50","modified_gmt":"2025-03-23T21:49:50","slug":"mensaje-del-intendente-carlos-saloniti-para-este-dia-nacional-de-la-memoria-por-la-verdad-y-la-justicia","status":"publish","type":"post","link":"https:\/\/prensa.sma.gob.ar\/?p=6166","title":{"rendered":"D\u00eda Nacional de la Memoria por la Verdad y la Justicia"},"content":{"rendered":"\n<p>La conmemoraci\u00f3n del D\u00eda Nacional de la Memoria por la Verdad y la Justicia es una nueva ocasi\u00f3n para repudiar el horror instrumentado por un r\u00e9gimen atroz, con complicidad de quienes pretendieron y a\u00fan pretenden justificar un hecho que nos averg\u00fcenza como sociedad.<\/p>\n\n\n\n<p>Pero tambi\u00e9n nos lleva a reflexionar sobre aquello que rechazamos y rechazaremos hasta el \u00faltimo de nuestros d\u00edas: la violencia y las expresiones de odio en cualquiera de sus formas, la imposici\u00f3n de ideas por la fuerza, el silenciamiento, las amenazas, la estigmatizaci\u00f3n y descalificaci\u00f3n de quienes piensan diferente.<\/p>\n\n\n\n<p>Una comunidad que cimienta su supuesto desarrollo econ\u00f3mico en la reivindicaci\u00f3n de la muerte, de la violencia, del odio y la descalificaci\u00f3n, es una sociedad fr\u00e1gil, endeble y vulnerable, destinada al fracaso colectivo. En este 24 de marzo reafirmamos el di\u00e1logo, el respeto, la solidaridad, el cuidado, el amor y la construcci\u00f3n colectiva.<\/p>\n\n\n\n<p><\/p>\n\n\n\n<p><em>Carlos Saloniti, intendente de San Mart\u00edn de los Andes.<\/em><\/p>\n\n\n\n<figure class=\"wp-block-gallery has-nested-images columns-default is-cropped wp-block-gallery-1 is-layout-flex wp-block-gallery-is-layout-flex\">\n<figure class=\"wp-block-image size-large\"><img loading=\"lazy\" decoding=\"async\" width=\"1024\" height=\"768\" data-id=\"6168\" src=\"https:\/\/prensa.sma.gob.ar\/wp-content\/uploads\/2025\/03\/WhatsApp-Image-2025-03-22-at-16.05.59-1024x768.jpeg\" alt=\"\" class=\"wp-image-6168\" srcset=\"https:\/\/prensa.sma.gob.ar\/wp-content\/uploads\/2025\/03\/WhatsApp-Image-2025-03-22-at-16.05.59-1024x768.jpeg 1024w, https:\/\/prensa.sma.gob.ar\/wp-content\/uploads\/2025\/03\/WhatsApp-Image-2025-03-22-at-16.05.59-300x225.jpeg 300w, https:\/\/prensa.sma.gob.ar\/wp-content\/uploads\/2025\/03\/WhatsApp-Image-2025-03-22-at-16.05.59-768x576.jpeg 768w, https:\/\/prensa.sma.gob.ar\/wp-content\/uploads\/2025\/03\/WhatsApp-Image-2025-03-22-at-16.05.59-1536x1152.jpeg 1536w, https:\/\/prensa.sma.gob.ar\/wp-content\/uploads\/2025\/03\/WhatsApp-Image-2025-03-22-at-16.05.59-560x420.jpeg 560w, https:\/\/prensa.sma.gob.ar\/wp-content\/uploads\/2025\/03\/WhatsApp-Image-2025-03-22-at-16.05.59-80x60.jpeg 80w, https:\/\/prensa.sma.gob.ar\/wp-content\/uploads\/2025\/03\/WhatsApp-Image-2025-03-22-at-16.05.59-696x522.jpeg 696w, https:\/\/prensa.sma.gob.ar\/wp-content\/uploads\/2025\/03\/WhatsApp-Image-2025-03-22-at-16.05.59-1068x801.jpeg 1068w, https:\/\/prensa.sma.gob.ar\/wp-content\/uploads\/2025\/03\/WhatsApp-Image-2025-03-22-at-16.05.59.jpeg 1600w\" sizes=\"auto, (max-width: 1024px) 100vw, 1024px\" \/><\/figure>\n\n\n\n<figure class=\"wp-block-image size-large\"><img loading=\"lazy\" decoding=\"async\" width=\"1024\" height=\"768\" data-id=\"6167\" src=\"https:\/\/prensa.sma.gob.ar\/wp-content\/uploads\/2025\/03\/WhatsApp-Image-2025-03-22-at-12.12.02-1024x768.jpeg\" alt=\"\" class=\"wp-image-6167\" srcset=\"https:\/\/prensa.sma.gob.ar\/wp-content\/uploads\/2025\/03\/WhatsApp-Image-2025-03-22-at-12.12.02-1024x768.jpeg 1024w, https:\/\/prensa.sma.gob.ar\/wp-content\/uploads\/2025\/03\/WhatsApp-Image-2025-03-22-at-12.12.02-300x225.jpeg 300w, https:\/\/prensa.sma.gob.ar\/wp-content\/uploads\/2025\/03\/WhatsApp-Image-2025-03-22-at-12.12.02-768x576.jpeg 768w, https:\/\/prensa.sma.gob.ar\/wp-content\/uploads\/2025\/03\/WhatsApp-Image-2025-03-22-at-12.12.02-1536x1152.jpeg 1536w, https:\/\/prensa.sma.gob.ar\/wp-content\/uploads\/2025\/03\/WhatsApp-Image-2025-03-22-at-12.12.02-560x420.jpeg 560w, https:\/\/prensa.sma.gob.ar\/wp-content\/uploads\/2025\/03\/WhatsApp-Image-2025-03-22-at-12.12.02-80x60.jpeg 80w, https:\/\/prensa.sma.gob.ar\/wp-content\/uploads\/2025\/03\/WhatsApp-Image-2025-03-22-at-12.12.02-696x522.jpeg 696w, https:\/\/prensa.sma.gob.ar\/wp-content\/uploads\/2025\/03\/WhatsApp-Image-2025-03-22-at-12.12.02-1068x801.jpeg 1068w, https:\/\/prensa.sma.gob.ar\/wp-content\/uploads\/2025\/03\/WhatsApp-Image-2025-03-22-at-12.12.02.jpeg 1600w\" sizes=\"auto, (max-width: 1024px) 100vw, 1024px\" \/><\/figure>\n<\/figure>\n\n\n\n<figure class=\"wp-block-gallery has-nested-images columns-default is-cropped wp-block-gallery-2 is-layout-flex wp-block-gallery-is-layout-flex\">\n<figure class=\"wp-block-image size-large\"><img loading=\"lazy\" decoding=\"async\" width=\"1024\" height=\"628\" data-id=\"6066\" src=\"https:\/\/prensa.sma.gob.ar\/wp-content\/uploads\/2025\/03\/WhatsApp-Image-2025-03-19-at-20.23.08-4-1024x628.jpeg\" alt=\"\" class=\"wp-image-6066\" srcset=\"https:\/\/prensa.sma.gob.ar\/wp-content\/uploads\/2025\/03\/WhatsApp-Image-2025-03-19-at-20.23.08-4-1024x628.jpeg 1024w, https:\/\/prensa.sma.gob.ar\/wp-content\/uploads\/2025\/03\/WhatsApp-Image-2025-03-19-at-20.23.08-4-300x184.jpeg 300w, https:\/\/prensa.sma.gob.ar\/wp-content\/uploads\/2025\/03\/WhatsApp-Image-2025-03-19-at-20.23.08-4-768x471.jpeg 768w, https:\/\/prensa.sma.gob.ar\/wp-content\/uploads\/2025\/03\/WhatsApp-Image-2025-03-19-at-20.23.08-4-1536x943.jpeg 1536w, https:\/\/prensa.sma.gob.ar\/wp-content\/uploads\/2025\/03\/WhatsApp-Image-2025-03-19-at-20.23.08-4-684x420.jpeg 684w, https:\/\/prensa.sma.gob.ar\/wp-content\/uploads\/2025\/03\/WhatsApp-Image-2025-03-19-at-20.23.08-4-696x427.jpeg 696w, https:\/\/prensa.sma.gob.ar\/wp-content\/uploads\/2025\/03\/WhatsApp-Image-2025-03-19-at-20.23.08-4-1068x655.jpeg 1068w, https:\/\/prensa.sma.gob.ar\/wp-content\/uploads\/2025\/03\/WhatsApp-Image-2025-03-19-at-20.23.08-4.jpeg 1600w\" sizes=\"auto, (max-width: 1024px) 100vw, 1024px\" \/><\/figure>\n\n\n\n<figure class=\"wp-block-image size-large\"><img loading=\"lazy\" decoding=\"async\" width=\"576\" height=\"1024\" data-id=\"6067\" src=\"https:\/\/prensa.sma.gob.ar\/wp-content\/uploads\/2025\/03\/WhatsApp-Image-2025-03-19-at-20.23.07-2-576x1024.jpeg\" alt=\"\" class=\"wp-image-6067\" srcset=\"https:\/\/prensa.sma.gob.ar\/wp-content\/uploads\/2025\/03\/WhatsApp-Image-2025-03-19-at-20.23.07-2-576x1024.jpeg 576w, https:\/\/prensa.sma.gob.ar\/wp-content\/uploads\/2025\/03\/WhatsApp-Image-2025-03-19-at-20.23.07-2-169x300.jpeg 169w, https:\/\/prensa.sma.gob.ar\/wp-content\/uploads\/2025\/03\/WhatsApp-Image-2025-03-19-at-20.23.07-2-768x1365.jpeg 768w, https:\/\/prensa.sma.gob.ar\/wp-content\/uploads\/2025\/03\/WhatsApp-Image-2025-03-19-at-20.23.07-2-864x1536.jpeg 864w, https:\/\/prensa.sma.gob.ar\/wp-content\/uploads\/2025\/03\/WhatsApp-Image-2025-03-19-at-20.23.07-2-236x420.jpeg 236w, https:\/\/prensa.sma.gob.ar\/wp-content\/uploads\/2025\/03\/WhatsApp-Image-2025-03-19-at-20.23.07-2-696x1237.jpeg 696w, https:\/\/prensa.sma.gob.ar\/wp-content\/uploads\/2025\/03\/WhatsApp-Image-2025-03-19-at-20.23.07-2.jpeg 900w\" sizes=\"auto, (max-width: 576px) 100vw, 576px\" \/><\/figure>\n\n\n\n<figure class=\"wp-block-image size-large\"><img loading=\"lazy\" decoding=\"async\" width=\"576\" height=\"1024\" data-id=\"6064\" src=\"https:\/\/prensa.sma.gob.ar\/wp-content\/uploads\/2025\/03\/WhatsApp-Image-2025-03-19-at-20.23.07-3-576x1024.jpeg\" alt=\"\" class=\"wp-image-6064\" srcset=\"https:\/\/prensa.sma.gob.ar\/wp-content\/uploads\/2025\/03\/WhatsApp-Image-2025-03-19-at-20.23.07-3-576x1024.jpeg 576w, https:\/\/prensa.sma.gob.ar\/wp-content\/uploads\/2025\/03\/WhatsApp-Image-2025-03-19-at-20.23.07-3-169x300.jpeg 169w, https:\/\/prensa.sma.gob.ar\/wp-content\/uploads\/2025\/03\/WhatsApp-Image-2025-03-19-at-20.23.07-3-768x1365.jpeg 768w, https:\/\/prensa.sma.gob.ar\/wp-content\/uploads\/2025\/03\/WhatsApp-Image-2025-03-19-at-20.23.07-3-864x1536.jpeg 864w, https:\/\/prensa.sma.gob.ar\/wp-content\/uploads\/2025\/03\/WhatsApp-Image-2025-03-19-at-20.23.07-3-236x420.jpeg 236w, https:\/\/prensa.sma.gob.ar\/wp-content\/uploads\/2025\/03\/WhatsApp-Image-2025-03-19-at-20.23.07-3-696x1237.jpeg 696w, https:\/\/prensa.sma.gob.ar\/wp-content\/uploads\/2025\/03\/WhatsApp-Image-2025-03-19-at-20.23.07-3.jpeg 900w\" sizes=\"auto, (max-width: 576px) 100vw, 576px\" \/><\/figure>\n<\/figure>\n","protected":false},"excerpt":{"rendered":"<p>La conmemoraci\u00f3n del D\u00eda Nacional de la Memoria por la Verdad y la Justicia es una nueva ocasi\u00f3n para repudiar el horror instrumentado por un r\u00e9gimen atroz, con complicidad de quienes pretendieron y a\u00fan pretenden justificar un hecho que nos averg\u00fcenza como sociedad. Pero tambi\u00e9n nos lleva a reflexionar sobre aquello que rechazamos y rechazaremos [&hellip;]<\/p>\n","protected":false},"author":2,"featured_media":6169,"comment_status":"closed","ping_status":"open","sticky":false,"template":"","format":"standard","meta":{"footnotes":""},"categories":[16,14,17,1],"tags":[],"class_list":{"0":"post-6166","1":"post","2":"type-post","3":"status-publish","4":"format-standard","5":"has-post-thumbnail","7":"category-destacadas","8":"category-noticias","9":"category-portada","10":"category-uncategorized"},"_links":{"self":[{"href":"https:\/\/prensa.sma.gob.ar\/index.php?rest_route=\/wp\/v2\/posts\/6166","targetHints":{"allow":["GET"]}}],"collection":[{"href":"https:\/\/prensa.sma.gob.ar\/index.php?rest_route=\/wp\/v2\/posts"}],"about":[{"href":"https:\/\/prensa.sma.gob.ar\/index.php?rest_route=\/wp\/v2\/types\/post"}],"author":[{"embeddable":true,"href":"https:\/\/prensa.sma.gob.ar\/index.php?rest_route=\/wp\/v2\/users\/2"}],"replies":[{"embeddable":true,"href":"https:\/\/prensa.sma.gob.ar\/index.php?rest_route=%2Fwp%2Fv2%2Fcomments&post=6166"}],"version-history":[{"count":6,"href":"https:\/\/prensa.sma.gob.ar\/index.php?rest_route=\/wp\/v2\/posts\/6166\/revisions"}],"predecessor-version":[{"id":6177,"href":"https:\/\/prensa.sma.gob.ar\/index.php?rest_route=\/wp\/v2\/posts\/6166\/revisions\/6177"}],"wp:featuredmedia":[{"embeddable":true,"href":"https:\/\/prensa.sma.gob.ar\/index.php?rest_route=\/wp\/v2\/media\/6169"}],"wp:attachment":[{"href":"https:\/\/prensa.sma.gob.ar\/index.php?rest_route=%2Fwp%2Fv2%2Fmedia&parent=6166"}],"wp:term":[{"taxonomy":"category","embeddable":true,"href":"https:\/\/prensa.sma.gob.ar\/index.php?rest_route=%2Fwp%2Fv2%2Fcategories&post=6166"},{"taxonomy":"post_tag","embeddable":true,"href":"https:\/\/prensa.sma.gob.ar\/index.php?rest_route=%2Fwp%2Fv2%2Ftags&post=6166"}],"curies":[{"name":"wp","href":"https:\/\/api.w.org\/{rel}","templated":true}]}}