{"id":6180,"date":"2025-03-25T19:14:32","date_gmt":"2025-03-25T19:14:32","guid":{"rendered":"https:\/\/prensa.sma.gob.ar\/?p=6180"},"modified":"2025-03-25T19:15:32","modified_gmt":"2025-03-25T19:15:32","slug":"el-gobierno-neuquino-llamo-a-licitacion-para-la-concesion-del-cerro-chapelco","status":"publish","type":"post","link":"https:\/\/prensa.sma.gob.ar\/?p=6180","title":{"rendered":"El Gobierno neuquino llam\u00f3 a licitaci\u00f3n para la concesi\u00f3n del Cerro Chapelco"},"content":{"rendered":"\n<p>El Gobierno de la provincia de Neuqu\u00e9n llam\u00f3 a Licitaci\u00f3n P\u00fablica Nacional e Internacional para la concesi\u00f3n de la explotaci\u00f3n, inversi\u00f3n y mantenimiento del Centro de Esqu\u00ed y Complejo Chapelco.<\/p>\n\n\n\n<p>El anuncio lo realiz\u00f3 este martes el ministro de Turismo de la provincia, Gustavo Fern\u00e1ndez Capiet, acompa\u00f1ado por el intendente de San Mart\u00edn de los Andes, Carlos Saloniti, y representantes de las comunidades mapuche Vera y Curruhuinca y de los gremios que intervienen en las actividades del cerro: instructores del cerro, empleados de comercio y gastron\u00f3micos y hoteleros.<\/p>\n\n\n\n<p>La concesi\u00f3n de la explotaci\u00f3n, inversi\u00f3n y mantenimiento del Centro de Esqu\u00ed y Complejo Chapelco incluye las temporadas de invierno y verano y se extender\u00e1 por un plazo de veinticinco a\u00f1os con opci\u00f3n a pr\u00f3rroga por cinco a\u00f1os.<\/p>\n\n\n\n<p>La licitaci\u00f3n incluir\u00e1 la explotaci\u00f3n del centro de esqu\u00ed con la infraestructura existente, los medios de elevaci\u00f3n y edificios, su administraci\u00f3n, funcionamiento, reparaci\u00f3n, mantenimiento y reposici\u00f3n de los bienes existentes, la planificaci\u00f3n, control y registro de las operaciones que se desarrollen.<\/p>\n\n\n\n<p>Un punto importante para la provincia es lograr la renovaci\u00f3n de los medios de elevaci\u00f3n y poder garantizar una oferta de servicios en distintas estaciones. Hasta ahora, Cerro Chapelco dispone de 28 pistas, con 1600 hect\u00e1reas de \u00e1rea esquiable y 12 medios de elevaci\u00f3n que transportan a 15.300 esquiadores por hora.<\/p>\n\n\n\n<p>Tambi\u00e9n se prev\u00e9 incluir la explotaci\u00f3n de las \u00e1reas naturales rentables que pudieran generarse y de todas las actividades comerciales existentes o a crearse en el futuro. Por otro lado, la ejecuci\u00f3n de las inversiones exigidas y las comprometidas, los trabajos, reparaciones, reemplazo del equipamiento, conforme lo estipulado en el pliego de especificaciones t\u00e9cnicas.<\/p>\n\n\n\n<p>\u201cHemos llegado a un buen pliego\u201d, se\u00f1al\u00f3 el ministro de Turismo, quien estim\u00f3 que \u201cel contrato vigente no le serv\u00eda a nadie, ni a la empresa actual, ni a la ciudad, ni a las comunidades ni a los trabajadores\u201d. Afirm\u00f3 que la convocatoria, nacional e internacional, \u201ces producto de un proceso de di\u00e1logo que llev\u00f3 mucho tiempo, donde todos fuimos respetuosos de los tiempos y las visiones de cada uno de los actores\u201d.<\/p>\n\n\n\n<figure class=\"wp-block-gallery has-nested-images columns-default is-cropped wp-block-gallery-1 is-layout-flex wp-block-gallery-is-layout-flex\">\n<figure class=\"wp-block-image size-large\"><img loading=\"lazy\" decoding=\"async\" width=\"1024\" height=\"576\" data-id=\"6186\" src=\"https:\/\/prensa.sma.gob.ar\/wp-content\/uploads\/2025\/03\/WhatsApp-Image-2025-03-25-at-14.23.38-1-1024x576.jpeg\" alt=\"\" class=\"wp-image-6186\" srcset=\"https:\/\/prensa.sma.gob.ar\/wp-content\/uploads\/2025\/03\/WhatsApp-Image-2025-03-25-at-14.23.38-1-1024x576.jpeg 1024w, https:\/\/prensa.sma.gob.ar\/wp-content\/uploads\/2025\/03\/WhatsApp-Image-2025-03-25-at-14.23.38-1-300x169.jpeg 300w, https:\/\/prensa.sma.gob.ar\/wp-content\/uploads\/2025\/03\/WhatsApp-Image-2025-03-25-at-14.23.38-1-768x432.jpeg 768w, https:\/\/prensa.sma.gob.ar\/wp-content\/uploads\/2025\/03\/WhatsApp-Image-2025-03-25-at-14.23.38-1-1536x864.jpeg 1536w, https:\/\/prensa.sma.gob.ar\/wp-content\/uploads\/2025\/03\/WhatsApp-Image-2025-03-25-at-14.23.38-1-747x420.jpeg 747w, https:\/\/prensa.sma.gob.ar\/wp-content\/uploads\/2025\/03\/WhatsApp-Image-2025-03-25-at-14.23.38-1-696x392.jpeg 696w, https:\/\/prensa.sma.gob.ar\/wp-content\/uploads\/2025\/03\/WhatsApp-Image-2025-03-25-at-14.23.38-1-1068x601.jpeg 1068w, https:\/\/prensa.sma.gob.ar\/wp-content\/uploads\/2025\/03\/WhatsApp-Image-2025-03-25-at-14.23.38-1.jpeg 1600w\" sizes=\"auto, (max-width: 1024px) 100vw, 1024px\" \/><\/figure>\n\n\n\n<figure class=\"wp-block-image size-large\"><img loading=\"lazy\" decoding=\"async\" width=\"1024\" height=\"562\" data-id=\"6182\" src=\"https:\/\/prensa.sma.gob.ar\/wp-content\/uploads\/2025\/03\/WhatsApp-Image-2025-03-25-at-14.25.41-2-1024x562.jpeg\" alt=\"\" class=\"wp-image-6182\" srcset=\"https:\/\/prensa.sma.gob.ar\/wp-content\/uploads\/2025\/03\/WhatsApp-Image-2025-03-25-at-14.25.41-2-1024x562.jpeg 1024w, https:\/\/prensa.sma.gob.ar\/wp-content\/uploads\/2025\/03\/WhatsApp-Image-2025-03-25-at-14.25.41-2-300x165.jpeg 300w, https:\/\/prensa.sma.gob.ar\/wp-content\/uploads\/2025\/03\/WhatsApp-Image-2025-03-25-at-14.25.41-2-768x421.jpeg 768w, https:\/\/prensa.sma.gob.ar\/wp-content\/uploads\/2025\/03\/WhatsApp-Image-2025-03-25-at-14.25.41-2-1536x843.jpeg 1536w, https:\/\/prensa.sma.gob.ar\/wp-content\/uploads\/2025\/03\/WhatsApp-Image-2025-03-25-at-14.25.41-2-765x420.jpeg 765w, https:\/\/prensa.sma.gob.ar\/wp-content\/uploads\/2025\/03\/WhatsApp-Image-2025-03-25-at-14.25.41-2-696x382.jpeg 696w, https:\/\/prensa.sma.gob.ar\/wp-content\/uploads\/2025\/03\/WhatsApp-Image-2025-03-25-at-14.25.41-2-1068x586.jpeg 1068w, https:\/\/prensa.sma.gob.ar\/wp-content\/uploads\/2025\/03\/WhatsApp-Image-2025-03-25-at-14.25.41-2.jpeg 1600w\" sizes=\"auto, (max-width: 1024px) 100vw, 1024px\" \/><\/figure>\n\n\n\n<figure class=\"wp-block-image size-large\"><img loading=\"lazy\" decoding=\"async\" width=\"1024\" height=\"576\" data-id=\"6181\" src=\"https:\/\/prensa.sma.gob.ar\/wp-content\/uploads\/2025\/03\/WhatsApp-Image-2025-03-25-at-14.25.41-3-1024x576.jpeg\" alt=\"\" class=\"wp-image-6181\" srcset=\"https:\/\/prensa.sma.gob.ar\/wp-content\/uploads\/2025\/03\/WhatsApp-Image-2025-03-25-at-14.25.41-3-1024x576.jpeg 1024w, https:\/\/prensa.sma.gob.ar\/wp-content\/uploads\/2025\/03\/WhatsApp-Image-2025-03-25-at-14.25.41-3-300x169.jpeg 300w, https:\/\/prensa.sma.gob.ar\/wp-content\/uploads\/2025\/03\/WhatsApp-Image-2025-03-25-at-14.25.41-3-768x432.jpeg 768w, https:\/\/prensa.sma.gob.ar\/wp-content\/uploads\/2025\/03\/WhatsApp-Image-2025-03-25-at-14.25.41-3-1536x864.jpeg 1536w, https:\/\/prensa.sma.gob.ar\/wp-content\/uploads\/2025\/03\/WhatsApp-Image-2025-03-25-at-14.25.41-3-747x420.jpeg 747w, https:\/\/prensa.sma.gob.ar\/wp-content\/uploads\/2025\/03\/WhatsApp-Image-2025-03-25-at-14.25.41-3-696x392.jpeg 696w, https:\/\/prensa.sma.gob.ar\/wp-content\/uploads\/2025\/03\/WhatsApp-Image-2025-03-25-at-14.25.41-3-1068x601.jpeg 1068w, https:\/\/prensa.sma.gob.ar\/wp-content\/uploads\/2025\/03\/WhatsApp-Image-2025-03-25-at-14.25.41-3.jpeg 1600w\" sizes=\"auto, (max-width: 1024px) 100vw, 1024px\" \/><\/figure>\n<\/figure>\n\n\n\n<p>Entre otras caracter\u00edsticas, el pliego plantea una mirada a largo plazo del proyecto alrededor del Complejo Chapelco. Incluye la continuidad de todas las trabajadoras y trabajadores que se ven\u00edan desempe\u00f1ando hasta la temporada de invierno pasada; el mantenimiento del tramo de la Ruta Provincial 19 desde la Ruta Nacional 40 hasta la base, a cargo del concesionario; la continuidad del Plan Municipal de Esqu\u00ed y una participaci\u00f3n del Municipio y de las comunidades en una Mesa Ambiental.<\/p>\n\n\n\n<p>\u201cEste contrato ha sido muy manoseado y muchas veces sospechado. Ni el gobernador, Rolando Figueroa, ni yo quer\u00edamos que eso sucediera\u201d, se\u00f1al\u00f3 Fern\u00e1ndez Capiet, al resaltar la transparencia de la licitaci\u00f3n anunciada este martes y la etapa de di\u00e1logo durante el \u00faltimo a\u00f1o con todos los actores involucrados.<\/p>\n\n\n\n<p>De la presentaci\u00f3n, realizada en el Sal\u00f3n Municipal, participaron periodistas, operadores tur\u00edsticos y representantes de vecinas y vecinos. Todas las personas asistentes pudieron formular preguntas sobre el llamado a licitaci\u00f3n que luego fueron respondidas por el ministro y por quienes lo acompa\u00f1aron en la presentaci\u00f3n.<\/p>\n\n\n\n<p>La licitaci\u00f3n incluye la presentaci\u00f3n de dos sobres con las propuestas t\u00e9cnicas y financieras, incluyendo los antecedentes de quienes se presenten, la propuesta de expansi\u00f3n y desarrollo, el canon, etc, seg\u00fan lo establecen las normativas vigentes. Cada uno de los numerosos \u00edtems planteados en los pliegos recibir\u00e1 un porcentaje, de acuerdo a lo expresado por Fern\u00e1ndez Capiet. Los Pliegos de Bases y Condiciones ser\u00e1n sin cargo y se podr\u00e1n bajar desde la web de Compras Digitales de Neuqu\u00e9n <a href=\"https:\/\/www.contadurianeuquen.gob.ar\/co-di-neu\/\"><strong>(Co.Di.NEU.)<\/strong><\/a>.<\/p>\n\n\n\n<figure class=\"wp-block-gallery has-nested-images columns-default is-cropped wp-block-gallery-2 is-layout-flex wp-block-gallery-is-layout-flex\">\n<figure class=\"wp-block-image size-large\"><img loading=\"lazy\" decoding=\"async\" width=\"1024\" height=\"582\" data-id=\"6193\" src=\"https:\/\/prensa.sma.gob.ar\/wp-content\/uploads\/2025\/03\/WhatsApp-Image-2025-03-25-at-14.23.36-2-1024x582.jpeg\" alt=\"\" class=\"wp-image-6193\" srcset=\"https:\/\/prensa.sma.gob.ar\/wp-content\/uploads\/2025\/03\/WhatsApp-Image-2025-03-25-at-14.23.36-2-1024x582.jpeg 1024w, https:\/\/prensa.sma.gob.ar\/wp-content\/uploads\/2025\/03\/WhatsApp-Image-2025-03-25-at-14.23.36-2-300x170.jpeg 300w, https:\/\/prensa.sma.gob.ar\/wp-content\/uploads\/2025\/03\/WhatsApp-Image-2025-03-25-at-14.23.36-2-768x436.jpeg 768w, https:\/\/prensa.sma.gob.ar\/wp-content\/uploads\/2025\/03\/WhatsApp-Image-2025-03-25-at-14.23.36-2-1536x873.jpeg 1536w, https:\/\/prensa.sma.gob.ar\/wp-content\/uploads\/2025\/03\/WhatsApp-Image-2025-03-25-at-14.23.36-2-739x420.jpeg 739w, https:\/\/prensa.sma.gob.ar\/wp-content\/uploads\/2025\/03\/WhatsApp-Image-2025-03-25-at-14.23.36-2-696x395.jpeg 696w, https:\/\/prensa.sma.gob.ar\/wp-content\/uploads\/2025\/03\/WhatsApp-Image-2025-03-25-at-14.23.36-2-1068x607.jpeg 1068w, https:\/\/prensa.sma.gob.ar\/wp-content\/uploads\/2025\/03\/WhatsApp-Image-2025-03-25-at-14.23.36-2.jpeg 1600w\" sizes=\"auto, (max-width: 1024px) 100vw, 1024px\" \/><\/figure>\n\n\n\n<figure class=\"wp-block-image size-large\"><img loading=\"lazy\" decoding=\"async\" width=\"1024\" height=\"576\" data-id=\"6196\" src=\"https:\/\/prensa.sma.gob.ar\/wp-content\/uploads\/2025\/03\/WhatsApp-Image-2025-03-25-at-14.23.35-1-1024x576.jpeg\" alt=\"\" class=\"wp-image-6196\" srcset=\"https:\/\/prensa.sma.gob.ar\/wp-content\/uploads\/2025\/03\/WhatsApp-Image-2025-03-25-at-14.23.35-1-1024x576.jpeg 1024w, https:\/\/prensa.sma.gob.ar\/wp-content\/uploads\/2025\/03\/WhatsApp-Image-2025-03-25-at-14.23.35-1-300x169.jpeg 300w, https:\/\/prensa.sma.gob.ar\/wp-content\/uploads\/2025\/03\/WhatsApp-Image-2025-03-25-at-14.23.35-1-768x432.jpeg 768w, https:\/\/prensa.sma.gob.ar\/wp-content\/uploads\/2025\/03\/WhatsApp-Image-2025-03-25-at-14.23.35-1-1536x864.jpeg 1536w, https:\/\/prensa.sma.gob.ar\/wp-content\/uploads\/2025\/03\/WhatsApp-Image-2025-03-25-at-14.23.35-1-747x420.jpeg 747w, https:\/\/prensa.sma.gob.ar\/wp-content\/uploads\/2025\/03\/WhatsApp-Image-2025-03-25-at-14.23.35-1-696x392.jpeg 696w, https:\/\/prensa.sma.gob.ar\/wp-content\/uploads\/2025\/03\/WhatsApp-Image-2025-03-25-at-14.23.35-1-1068x601.jpeg 1068w, https:\/\/prensa.sma.gob.ar\/wp-content\/uploads\/2025\/03\/WhatsApp-Image-2025-03-25-at-14.23.35-1.jpeg 1600w\" sizes=\"auto, (max-width: 1024px) 100vw, 1024px\" \/><\/figure>\n\n\n\n<figure class=\"wp-block-image size-large\"><img loading=\"lazy\" decoding=\"async\" width=\"1024\" height=\"614\" data-id=\"6184\" src=\"https:\/\/prensa.sma.gob.ar\/wp-content\/uploads\/2025\/03\/WhatsApp-Image-2025-03-25-at-14.25.41-1024x614.jpeg\" alt=\"\" class=\"wp-image-6184\" srcset=\"https:\/\/prensa.sma.gob.ar\/wp-content\/uploads\/2025\/03\/WhatsApp-Image-2025-03-25-at-14.25.41-1024x614.jpeg 1024w, https:\/\/prensa.sma.gob.ar\/wp-content\/uploads\/2025\/03\/WhatsApp-Image-2025-03-25-at-14.25.41-300x180.jpeg 300w, https:\/\/prensa.sma.gob.ar\/wp-content\/uploads\/2025\/03\/WhatsApp-Image-2025-03-25-at-14.25.41-768x461.jpeg 768w, https:\/\/prensa.sma.gob.ar\/wp-content\/uploads\/2025\/03\/WhatsApp-Image-2025-03-25-at-14.25.41-1536x922.jpeg 1536w, https:\/\/prensa.sma.gob.ar\/wp-content\/uploads\/2025\/03\/WhatsApp-Image-2025-03-25-at-14.25.41-700x420.jpeg 700w, https:\/\/prensa.sma.gob.ar\/wp-content\/uploads\/2025\/03\/WhatsApp-Image-2025-03-25-at-14.25.41-696x418.jpeg 696w, https:\/\/prensa.sma.gob.ar\/wp-content\/uploads\/2025\/03\/WhatsApp-Image-2025-03-25-at-14.25.41-1068x641.jpeg 1068w, https:\/\/prensa.sma.gob.ar\/wp-content\/uploads\/2025\/03\/WhatsApp-Image-2025-03-25-at-14.25.41.jpeg 1600w\" sizes=\"auto, (max-width: 1024px) 100vw, 1024px\" \/><\/figure>\n<\/figure>\n\n\n\n<p>Fern\u00e1ndez Capiet record\u00f3 que \u201cel contrato actual prev\u00e9 un canon para la provincia de 50.000 d\u00f3lares por a\u00f1o\u201d y que, para el nuevo pliego, \u201chemos planteado que el canon ser\u00e1 variable, con un m\u00ednimo del 2% de lo facturado neto de IVA, de ah\u00ed para arriba el oferente tendr\u00e1 que hacer su propia oferta, con una modalidad de cancelaci\u00f3n en tres cuotas anuales\u201d.<\/p>\n\n\n\n<p>Agreg\u00f3 que \u201clas tarifas ser\u00e1n fijadas por el concesionario, pero ser\u00e1n homologadas por la Provincia\u201d. Y afirm\u00f3 que se mantendr\u00e1 la cesi\u00f3n por parte del concesionario de pases anuales, siguiendo el lineamiento del contrato actual. Tambi\u00e9n destac\u00f3 que \u201chabr\u00e1 un fuerte foco puesto en los recaudos del cuidado del ambiente y puso como ejemplo la creaci\u00f3n de la Mesa Ambiental\u201d en la que trabajaran provincia, el concesionario, el Municipio y las comunidades.<\/p>\n\n\n\n<p>Tras la exposici\u00f3n del ministro Fern\u00e1ndez Capiet, los asistentes hicieron preguntas y tambi\u00e9n dieron su mirada los representantes de las comunidades mapuche y de los sindicatos. Todos los sectores coincidieron en agradecer al Gobierno provincial a trav\u00e9s de los ministros de Turismo, Fern\u00e1ndez Capiet, y del ministro de Gobierno, Jorge Tobares, por haber abierto el di\u00e1logo para la elaboraci\u00f3n de este pliego.<\/p>\n\n\n\n<figure class=\"wp-block-gallery has-nested-images columns-default is-cropped wp-block-gallery-3 is-layout-flex wp-block-gallery-is-layout-flex\">\n<figure class=\"wp-block-image size-large\"><img loading=\"lazy\" decoding=\"async\" width=\"1024\" height=\"576\" data-id=\"6191\" src=\"https:\/\/prensa.sma.gob.ar\/wp-content\/uploads\/2025\/03\/WhatsApp-Image-2025-03-25-at-14.23.37-1024x576.jpeg\" alt=\"\" class=\"wp-image-6191\" srcset=\"https:\/\/prensa.sma.gob.ar\/wp-content\/uploads\/2025\/03\/WhatsApp-Image-2025-03-25-at-14.23.37-1024x576.jpeg 1024w, https:\/\/prensa.sma.gob.ar\/wp-content\/uploads\/2025\/03\/WhatsApp-Image-2025-03-25-at-14.23.37-300x169.jpeg 300w, https:\/\/prensa.sma.gob.ar\/wp-content\/uploads\/2025\/03\/WhatsApp-Image-2025-03-25-at-14.23.37-768x432.jpeg 768w, https:\/\/prensa.sma.gob.ar\/wp-content\/uploads\/2025\/03\/WhatsApp-Image-2025-03-25-at-14.23.37-1536x864.jpeg 1536w, https:\/\/prensa.sma.gob.ar\/wp-content\/uploads\/2025\/03\/WhatsApp-Image-2025-03-25-at-14.23.37-747x420.jpeg 747w, https:\/\/prensa.sma.gob.ar\/wp-content\/uploads\/2025\/03\/WhatsApp-Image-2025-03-25-at-14.23.37-696x392.jpeg 696w, https:\/\/prensa.sma.gob.ar\/wp-content\/uploads\/2025\/03\/WhatsApp-Image-2025-03-25-at-14.23.37-1068x601.jpeg 1068w, https:\/\/prensa.sma.gob.ar\/wp-content\/uploads\/2025\/03\/WhatsApp-Image-2025-03-25-at-14.23.37.jpeg 1600w\" sizes=\"auto, (max-width: 1024px) 100vw, 1024px\" \/><\/figure>\n\n\n\n<figure class=\"wp-block-image size-large\"><img loading=\"lazy\" decoding=\"async\" width=\"1024\" height=\"576\" data-id=\"6197\" src=\"https:\/\/prensa.sma.gob.ar\/wp-content\/uploads\/2025\/03\/WhatsApp-Image-2025-03-25-at-14.23.35-1024x576.jpeg\" alt=\"\" class=\"wp-image-6197\" srcset=\"https:\/\/prensa.sma.gob.ar\/wp-content\/uploads\/2025\/03\/WhatsApp-Image-2025-03-25-at-14.23.35-1024x576.jpeg 1024w, https:\/\/prensa.sma.gob.ar\/wp-content\/uploads\/2025\/03\/WhatsApp-Image-2025-03-25-at-14.23.35-300x169.jpeg 300w, https:\/\/prensa.sma.gob.ar\/wp-content\/uploads\/2025\/03\/WhatsApp-Image-2025-03-25-at-14.23.35-768x432.jpeg 768w, https:\/\/prensa.sma.gob.ar\/wp-content\/uploads\/2025\/03\/WhatsApp-Image-2025-03-25-at-14.23.35-1536x864.jpeg 1536w, https:\/\/prensa.sma.gob.ar\/wp-content\/uploads\/2025\/03\/WhatsApp-Image-2025-03-25-at-14.23.35-747x420.jpeg 747w, https:\/\/prensa.sma.gob.ar\/wp-content\/uploads\/2025\/03\/WhatsApp-Image-2025-03-25-at-14.23.35-696x392.jpeg 696w, https:\/\/prensa.sma.gob.ar\/wp-content\/uploads\/2025\/03\/WhatsApp-Image-2025-03-25-at-14.23.35-1068x601.jpeg 1068w, https:\/\/prensa.sma.gob.ar\/wp-content\/uploads\/2025\/03\/WhatsApp-Image-2025-03-25-at-14.23.35.jpeg 1600w\" sizes=\"auto, (max-width: 1024px) 100vw, 1024px\" \/><\/figure>\n\n\n\n<figure class=\"wp-block-image size-large\"><img loading=\"lazy\" decoding=\"async\" width=\"1024\" height=\"576\" data-id=\"6190\" src=\"https:\/\/prensa.sma.gob.ar\/wp-content\/uploads\/2025\/03\/WhatsApp-Image-2025-03-25-at-14.23.37-1-1024x576.jpeg\" alt=\"\" class=\"wp-image-6190\" srcset=\"https:\/\/prensa.sma.gob.ar\/wp-content\/uploads\/2025\/03\/WhatsApp-Image-2025-03-25-at-14.23.37-1-1024x576.jpeg 1024w, https:\/\/prensa.sma.gob.ar\/wp-content\/uploads\/2025\/03\/WhatsApp-Image-2025-03-25-at-14.23.37-1-300x169.jpeg 300w, https:\/\/prensa.sma.gob.ar\/wp-content\/uploads\/2025\/03\/WhatsApp-Image-2025-03-25-at-14.23.37-1-768x432.jpeg 768w, https:\/\/prensa.sma.gob.ar\/wp-content\/uploads\/2025\/03\/WhatsApp-Image-2025-03-25-at-14.23.37-1-1536x864.jpeg 1536w, https:\/\/prensa.sma.gob.ar\/wp-content\/uploads\/2025\/03\/WhatsApp-Image-2025-03-25-at-14.23.37-1-747x420.jpeg 747w, https:\/\/prensa.sma.gob.ar\/wp-content\/uploads\/2025\/03\/WhatsApp-Image-2025-03-25-at-14.23.37-1-696x392.jpeg 696w, https:\/\/prensa.sma.gob.ar\/wp-content\/uploads\/2025\/03\/WhatsApp-Image-2025-03-25-at-14.23.37-1-1068x601.jpeg 1068w, https:\/\/prensa.sma.gob.ar\/wp-content\/uploads\/2025\/03\/WhatsApp-Image-2025-03-25-at-14.23.37-1.jpeg 1600w\" sizes=\"auto, (max-width: 1024px) 100vw, 1024px\" \/><\/figure>\n<\/figure>\n","protected":false},"excerpt":{"rendered":"<p>El Gobierno de la provincia de Neuqu\u00e9n llam\u00f3 a Licitaci\u00f3n P\u00fablica Nacional e Internacional para la concesi\u00f3n de la explotaci\u00f3n, inversi\u00f3n y mantenimiento del Centro de Esqu\u00ed y Complejo Chapelco. El anuncio lo realiz\u00f3 este martes el ministro de Turismo de la provincia, Gustavo Fern\u00e1ndez Capiet, acompa\u00f1ado por el intendente de San Mart\u00edn de los [&hellip;]<\/p>\n","protected":false},"author":2,"featured_media":6192,"comment_status":"closed","ping_status":"open","sticky":false,"template":"","format":"standard","meta":{"footnotes":""},"categories":[16,14,17],"tags":[],"class_list":{"0":"post-6180","1":"post","2":"type-post","3":"status-publish","4":"format-standard","5":"has-post-thumbnail","7":"category-destacadas","8":"category-noticias","9":"category-portada"},"_links":{"self":[{"href":"https:\/\/prensa.sma.gob.ar\/index.php?rest_route=\/wp\/v2\/posts\/6180","targetHints":{"allow":["GET"]}}],"collection":[{"href":"https:\/\/prensa.sma.gob.ar\/index.php?rest_route=\/wp\/v2\/posts"}],"about":[{"href":"https:\/\/prensa.sma.gob.ar\/index.php?rest_route=\/wp\/v2\/types\/post"}],"author":[{"embeddable":true,"href":"https:\/\/prensa.sma.gob.ar\/index.php?rest_route=\/wp\/v2\/users\/2"}],"replies":[{"embeddable":true,"href":"https:\/\/prensa.sma.gob.ar\/index.php?rest_route=%2Fwp%2Fv2%2Fcomments&post=6180"}],"version-history":[{"count":2,"href":"https:\/\/prensa.sma.gob.ar\/index.php?rest_route=\/wp\/v2\/posts\/6180\/revisions"}],"predecessor-version":[{"id":6200,"href":"https:\/\/prensa.sma.gob.ar\/index.php?rest_route=\/wp\/v2\/posts\/6180\/revisions\/6200"}],"wp:featuredmedia":[{"embeddable":true,"href":"https:\/\/prensa.sma.gob.ar\/index.php?rest_route=\/wp\/v2\/media\/6192"}],"wp:attachment":[{"href":"https:\/\/prensa.sma.gob.ar\/index.php?rest_route=%2Fwp%2Fv2%2Fmedia&parent=6180"}],"wp:term":[{"taxonomy":"category","embeddable":true,"href":"https:\/\/prensa.sma.gob.ar\/index.php?rest_route=%2Fwp%2Fv2%2Fcategories&post=6180"},{"taxonomy":"post_tag","embeddable":true,"href":"https:\/\/prensa.sma.gob.ar\/index.php?rest_route=%2Fwp%2Fv2%2Ftags&post=6180"}],"curies":[{"name":"wp","href":"https:\/\/api.w.org\/{rel}","templated":true}]}}