{"id":6202,"date":"2025-03-26T13:06:16","date_gmt":"2025-03-26T13:06:16","guid":{"rendered":"https:\/\/prensa.sma.gob.ar\/?p=6202"},"modified":"2025-03-26T13:21:30","modified_gmt":"2025-03-26T13:21:30","slug":"se-realizo-el-recambio-de-piezas-vitales-en-el-proceso-de-tratamiento-de-efluentes","status":"publish","type":"post","link":"https:\/\/prensa.sma.gob.ar\/?p=6202","title":{"rendered":"Se realiz\u00f3 el recambio de piezas vitales en el proceso de tratamiento de efluentes"},"content":{"rendered":"\n<p>Con aportes del Municipio y de la Cooperativa de Agua Potable y Saneamiento, se realiz\u00f3 en la Planta de Tratamiento de Efluentes N\u00ba 1 (PTE1) el recambio de l\u00e1mparas ultravioletas (UV), piezas claves en el \u00faltimo paso del proceso de desinfecci\u00f3n del l\u00edquido tratado.<\/p>\n\n\n\n<p>Las tareas de recambio se realizaron este martes, con t\u00e9cnicos de la empresa proveedora de las 32 l\u00e1mparas y con personal de la Cooperativa, que tambi\u00e9n realiz\u00f3 trabajos de limpieza de los tubos donde se colocan los dispositivos UV.<\/p>\n\n\n\n<p>El intendente municipal, Carlos Saloniti, visit\u00f3 la PTE1, acompa\u00f1ado del secretario de Gobierno, Federico Vita; de Carlos Inchauspe, integrante del Consejo de Administraci\u00f3n de la Cooperativa; y de personal del Organismo de Control.<\/p>\n\n\n\n<p>Inchauspe se\u00f1al\u00f3 que estas l\u00e1mparas \u201cson el \u00faltimo paso del proceso de desinfecci\u00f3n del l\u00edquido tratado\u201d y que, con su funcionamiento pleno, \u201cestamos enviando (al arroyo Pocahullo) un l\u00edquido libre de bacterias, virus y todo tipo de contaminante, por eso es fundamental su funcionamiento\u201d. Agreg\u00f3 que \u201clas l\u00e1mparas se gastan, se queman, se vuelven obsoletas, tienen vida \u00fatil y por eso esta reposici\u00f3n es importante para obtener los resultados \u00f3ptimos en el proceso\u201d.<\/p>\n\n\n\n<figure class=\"wp-block-gallery has-nested-images columns-default is-cropped wp-block-gallery-1 is-layout-flex wp-block-gallery-is-layout-flex\">\n<figure class=\"wp-block-image size-large\"><img loading=\"lazy\" decoding=\"async\" width=\"1024\" height=\"552\" data-id=\"6210\" src=\"https:\/\/prensa.sma.gob.ar\/wp-content\/uploads\/2025\/03\/WhatsApp-Image-2025-03-25-at-11.24.48-1-1024x552.jpeg\" alt=\"\" class=\"wp-image-6210\" srcset=\"https:\/\/prensa.sma.gob.ar\/wp-content\/uploads\/2025\/03\/WhatsApp-Image-2025-03-25-at-11.24.48-1-1024x552.jpeg 1024w, https:\/\/prensa.sma.gob.ar\/wp-content\/uploads\/2025\/03\/WhatsApp-Image-2025-03-25-at-11.24.48-1-300x162.jpeg 300w, https:\/\/prensa.sma.gob.ar\/wp-content\/uploads\/2025\/03\/WhatsApp-Image-2025-03-25-at-11.24.48-1-768x414.jpeg 768w, https:\/\/prensa.sma.gob.ar\/wp-content\/uploads\/2025\/03\/WhatsApp-Image-2025-03-25-at-11.24.48-1-1536x828.jpeg 1536w, https:\/\/prensa.sma.gob.ar\/wp-content\/uploads\/2025\/03\/WhatsApp-Image-2025-03-25-at-11.24.48-1-779x420.jpeg 779w, https:\/\/prensa.sma.gob.ar\/wp-content\/uploads\/2025\/03\/WhatsApp-Image-2025-03-25-at-11.24.48-1-696x375.jpeg 696w, https:\/\/prensa.sma.gob.ar\/wp-content\/uploads\/2025\/03\/WhatsApp-Image-2025-03-25-at-11.24.48-1-1068x576.jpeg 1068w, https:\/\/prensa.sma.gob.ar\/wp-content\/uploads\/2025\/03\/WhatsApp-Image-2025-03-25-at-11.24.48-1.jpeg 1600w\" sizes=\"auto, (max-width: 1024px) 100vw, 1024px\" \/><\/figure>\n\n\n\n<figure class=\"wp-block-image size-large\"><img loading=\"lazy\" decoding=\"async\" width=\"1024\" height=\"580\" data-id=\"6203\" src=\"https:\/\/prensa.sma.gob.ar\/wp-content\/uploads\/2025\/03\/WhatsApp-Image-2025-03-25-at-11.24.49-4-1024x580.jpeg\" alt=\"\" class=\"wp-image-6203\" srcset=\"https:\/\/prensa.sma.gob.ar\/wp-content\/uploads\/2025\/03\/WhatsApp-Image-2025-03-25-at-11.24.49-4-1024x580.jpeg 1024w, https:\/\/prensa.sma.gob.ar\/wp-content\/uploads\/2025\/03\/WhatsApp-Image-2025-03-25-at-11.24.49-4-300x170.jpeg 300w, https:\/\/prensa.sma.gob.ar\/wp-content\/uploads\/2025\/03\/WhatsApp-Image-2025-03-25-at-11.24.49-4-768x435.jpeg 768w, https:\/\/prensa.sma.gob.ar\/wp-content\/uploads\/2025\/03\/WhatsApp-Image-2025-03-25-at-11.24.49-4-1536x871.jpeg 1536w, https:\/\/prensa.sma.gob.ar\/wp-content\/uploads\/2025\/03\/WhatsApp-Image-2025-03-25-at-11.24.49-4-741x420.jpeg 741w, https:\/\/prensa.sma.gob.ar\/wp-content\/uploads\/2025\/03\/WhatsApp-Image-2025-03-25-at-11.24.49-4-696x395.jpeg 696w, https:\/\/prensa.sma.gob.ar\/wp-content\/uploads\/2025\/03\/WhatsApp-Image-2025-03-25-at-11.24.49-4-1068x605.jpeg 1068w, https:\/\/prensa.sma.gob.ar\/wp-content\/uploads\/2025\/03\/WhatsApp-Image-2025-03-25-at-11.24.49-4.jpeg 1600w\" sizes=\"auto, (max-width: 1024px) 100vw, 1024px\" \/><\/figure>\n\n\n\n<figure class=\"wp-block-image size-large\"><img loading=\"lazy\" decoding=\"async\" width=\"1024\" height=\"576\" data-id=\"6208\" src=\"https:\/\/prensa.sma.gob.ar\/wp-content\/uploads\/2025\/03\/WhatsApp-Image-2025-03-25-at-11.24.49-1024x576.jpeg\" alt=\"\" class=\"wp-image-6208\" srcset=\"https:\/\/prensa.sma.gob.ar\/wp-content\/uploads\/2025\/03\/WhatsApp-Image-2025-03-25-at-11.24.49-1024x576.jpeg 1024w, https:\/\/prensa.sma.gob.ar\/wp-content\/uploads\/2025\/03\/WhatsApp-Image-2025-03-25-at-11.24.49-300x169.jpeg 300w, https:\/\/prensa.sma.gob.ar\/wp-content\/uploads\/2025\/03\/WhatsApp-Image-2025-03-25-at-11.24.49-768x432.jpeg 768w, https:\/\/prensa.sma.gob.ar\/wp-content\/uploads\/2025\/03\/WhatsApp-Image-2025-03-25-at-11.24.49-1536x864.jpeg 1536w, https:\/\/prensa.sma.gob.ar\/wp-content\/uploads\/2025\/03\/WhatsApp-Image-2025-03-25-at-11.24.49-747x420.jpeg 747w, https:\/\/prensa.sma.gob.ar\/wp-content\/uploads\/2025\/03\/WhatsApp-Image-2025-03-25-at-11.24.49-696x392.jpeg 696w, https:\/\/prensa.sma.gob.ar\/wp-content\/uploads\/2025\/03\/WhatsApp-Image-2025-03-25-at-11.24.49-1068x601.jpeg 1068w, https:\/\/prensa.sma.gob.ar\/wp-content\/uploads\/2025\/03\/WhatsApp-Image-2025-03-25-at-11.24.49.jpeg 1600w\" sizes=\"auto, (max-width: 1024px) 100vw, 1024px\" \/><\/figure>\n<\/figure>\n\n\n\n<p>El intendente Saloniti destac\u00f3 que el Municipio aport\u00f3 14 millones de pesos para este recambio y que \u201cesto es producto de un trabajo diario con la Cooperativa de Agua, tanto en el dep\u00f3sito de los barros como en este caso las l\u00e1mparas\u201d. Reafirm\u00f3 que el reemplazo de estas piezas UV \u201cera imprescindible, no s\u00f3lo por el valor que tiene sino por lo que cost\u00f3 que est\u00e9n ac\u00e1\u201d.<\/p>\n\n\n\n<p>Destac\u00f3 el trabajo conjunto con la Cooperativa de Agua y concluy\u00f3 que \u201cnuestra ciudad es una de las que tiene niveles ambientales m\u00e1s elevados y eso genera presiones en quienes est\u00e1n al frente del Municipio y de la Cooperativa; son situaciones de tensi\u00f3n porque hay que correr con velocidad para mantener esos niveles que exigen las normativas\u201d. Reafirm\u00f3 que, \u201cm\u00e1s all\u00e1 de las diferencias que podemos tener en el trabajo, nos une con la Cooperativa seguir haciendo cosas por San Mart\u00edn\u201d.<\/p>\n\n\n\n<p>El jefe comunal record\u00f3 que \u201cmantener los est\u00e1ndares ambientales de San Mart\u00edn de los Andes en materia de agua y saneamiento requiere mucho costo y mucho trabajo\u201d y destac\u00f3 que \u201clo importante es que el vecino dimensione el trabajo que hacen la Cooperativa de Agua, el Municipio y el Organismo de Control\u201d.<\/p>\n\n\n\n<figure class=\"wp-block-gallery has-nested-images columns-default is-cropped wp-block-gallery-2 is-layout-flex wp-block-gallery-is-layout-flex\">\n<figure class=\"wp-block-image size-large\"><img loading=\"lazy\" decoding=\"async\" width=\"1024\" height=\"576\" data-id=\"6205\" src=\"https:\/\/prensa.sma.gob.ar\/wp-content\/uploads\/2025\/03\/WhatsApp-Image-2025-03-25-at-11.24.49-2-1024x576.jpeg\" alt=\"\" class=\"wp-image-6205\" srcset=\"https:\/\/prensa.sma.gob.ar\/wp-content\/uploads\/2025\/03\/WhatsApp-Image-2025-03-25-at-11.24.49-2-1024x576.jpeg 1024w, https:\/\/prensa.sma.gob.ar\/wp-content\/uploads\/2025\/03\/WhatsApp-Image-2025-03-25-at-11.24.49-2-300x169.jpeg 300w, https:\/\/prensa.sma.gob.ar\/wp-content\/uploads\/2025\/03\/WhatsApp-Image-2025-03-25-at-11.24.49-2-768x432.jpeg 768w, https:\/\/prensa.sma.gob.ar\/wp-content\/uploads\/2025\/03\/WhatsApp-Image-2025-03-25-at-11.24.49-2-1536x864.jpeg 1536w, https:\/\/prensa.sma.gob.ar\/wp-content\/uploads\/2025\/03\/WhatsApp-Image-2025-03-25-at-11.24.49-2-747x420.jpeg 747w, https:\/\/prensa.sma.gob.ar\/wp-content\/uploads\/2025\/03\/WhatsApp-Image-2025-03-25-at-11.24.49-2-696x392.jpeg 696w, https:\/\/prensa.sma.gob.ar\/wp-content\/uploads\/2025\/03\/WhatsApp-Image-2025-03-25-at-11.24.49-2-1068x601.jpeg 1068w, https:\/\/prensa.sma.gob.ar\/wp-content\/uploads\/2025\/03\/WhatsApp-Image-2025-03-25-at-11.24.49-2.jpeg 1600w\" sizes=\"auto, (max-width: 1024px) 100vw, 1024px\" \/><\/figure>\n\n\n\n<figure class=\"wp-block-image size-large\"><img loading=\"lazy\" decoding=\"async\" width=\"1024\" height=\"576\" data-id=\"6206\" src=\"https:\/\/prensa.sma.gob.ar\/wp-content\/uploads\/2025\/03\/WhatsApp-Image-2025-03-25-at-11.24.49-1-1024x576.jpeg\" alt=\"\" class=\"wp-image-6206\" srcset=\"https:\/\/prensa.sma.gob.ar\/wp-content\/uploads\/2025\/03\/WhatsApp-Image-2025-03-25-at-11.24.49-1-1024x576.jpeg 1024w, https:\/\/prensa.sma.gob.ar\/wp-content\/uploads\/2025\/03\/WhatsApp-Image-2025-03-25-at-11.24.49-1-300x169.jpeg 300w, https:\/\/prensa.sma.gob.ar\/wp-content\/uploads\/2025\/03\/WhatsApp-Image-2025-03-25-at-11.24.49-1-768x432.jpeg 768w, https:\/\/prensa.sma.gob.ar\/wp-content\/uploads\/2025\/03\/WhatsApp-Image-2025-03-25-at-11.24.49-1-1536x864.jpeg 1536w, https:\/\/prensa.sma.gob.ar\/wp-content\/uploads\/2025\/03\/WhatsApp-Image-2025-03-25-at-11.24.49-1-747x420.jpeg 747w, https:\/\/prensa.sma.gob.ar\/wp-content\/uploads\/2025\/03\/WhatsApp-Image-2025-03-25-at-11.24.49-1-696x392.jpeg 696w, https:\/\/prensa.sma.gob.ar\/wp-content\/uploads\/2025\/03\/WhatsApp-Image-2025-03-25-at-11.24.49-1-1068x601.jpeg 1068w, https:\/\/prensa.sma.gob.ar\/wp-content\/uploads\/2025\/03\/WhatsApp-Image-2025-03-25-at-11.24.49-1.jpeg 1600w\" sizes=\"auto, (max-width: 1024px) 100vw, 1024px\" \/><\/figure>\n\n\n\n<figure class=\"wp-block-image size-large\"><img loading=\"lazy\" decoding=\"async\" width=\"1024\" height=\"611\" data-id=\"6215\" src=\"https:\/\/prensa.sma.gob.ar\/wp-content\/uploads\/2025\/03\/WhatsApp-Image-2025-03-25-at-11.24.47-1024x611.jpeg\" alt=\"\" class=\"wp-image-6215\" srcset=\"https:\/\/prensa.sma.gob.ar\/wp-content\/uploads\/2025\/03\/WhatsApp-Image-2025-03-25-at-11.24.47-1024x611.jpeg 1024w, https:\/\/prensa.sma.gob.ar\/wp-content\/uploads\/2025\/03\/WhatsApp-Image-2025-03-25-at-11.24.47-300x179.jpeg 300w, https:\/\/prensa.sma.gob.ar\/wp-content\/uploads\/2025\/03\/WhatsApp-Image-2025-03-25-at-11.24.47-768x458.jpeg 768w, https:\/\/prensa.sma.gob.ar\/wp-content\/uploads\/2025\/03\/WhatsApp-Image-2025-03-25-at-11.24.47-1536x917.jpeg 1536w, https:\/\/prensa.sma.gob.ar\/wp-content\/uploads\/2025\/03\/WhatsApp-Image-2025-03-25-at-11.24.47-704x420.jpeg 704w, https:\/\/prensa.sma.gob.ar\/wp-content\/uploads\/2025\/03\/WhatsApp-Image-2025-03-25-at-11.24.47-696x415.jpeg 696w, https:\/\/prensa.sma.gob.ar\/wp-content\/uploads\/2025\/03\/WhatsApp-Image-2025-03-25-at-11.24.47-1068x637.jpeg 1068w, https:\/\/prensa.sma.gob.ar\/wp-content\/uploads\/2025\/03\/WhatsApp-Image-2025-03-25-at-11.24.47.jpeg 1600w\" sizes=\"auto, (max-width: 1024px) 100vw, 1024px\" \/><\/figure>\n<\/figure>\n\n\n\n<p>\u201cHay que seguir trabajando para lograr los recursos, porque el principal problema que tenemos es conseguir el financiamiento para las obras que se necesitan, como la ampliaci\u00f3n de la PT3, que requieren una inversi\u00f3n millonaria\u201d, afirm\u00f3, y record\u00f3 que \u201cacabamos de firmar un convenio con la provincia sobre agua y saneamiento, que va permitir buscar las fuentes de financiamiento.<\/p>\n\n\n\n<p>Recalc\u00f3 que \u201cSan Mart\u00edn, a diferencia de otras ciudades, tiene un est\u00e1ndar de calidad del agua muy alto y entonces el costo es m\u00e1s alto\u201d y record\u00f3 que \u201c, seg\u00fan un relevamiento que hizo la Provincia, nuestra ciudad tienen el mayor \u00edndice de cobrabilidad, donde casi el 95% de la gente paga el agua y el saneamiento\u201d.<\/p>\n\n\n\n<p>\u201cEn este convenio que firmaron todos los municipios con el gobierno provincial, lo que se intenta es que todas las ciudades sigan el modelo de saneamiento de San Mart\u00edn, que por supuesto es m\u00e1s caro, pero hace al verdadero cuidado del ambiente\u201d, se\u00f1al\u00f3.<\/p>\n\n\n\n<figure class=\"wp-block-gallery has-nested-images columns-default is-cropped wp-block-gallery-3 is-layout-flex wp-block-gallery-is-layout-flex\">\n<figure class=\"wp-block-image size-large\"><img loading=\"lazy\" decoding=\"async\" width=\"1024\" height=\"592\" data-id=\"6213\" src=\"https:\/\/prensa.sma.gob.ar\/wp-content\/uploads\/2025\/03\/WhatsApp-Image-2025-03-25-at-11.24.47-2-1024x592.jpeg\" alt=\"\" class=\"wp-image-6213\" srcset=\"https:\/\/prensa.sma.gob.ar\/wp-content\/uploads\/2025\/03\/WhatsApp-Image-2025-03-25-at-11.24.47-2-1024x592.jpeg 1024w, https:\/\/prensa.sma.gob.ar\/wp-content\/uploads\/2025\/03\/WhatsApp-Image-2025-03-25-at-11.24.47-2-300x173.jpeg 300w, https:\/\/prensa.sma.gob.ar\/wp-content\/uploads\/2025\/03\/WhatsApp-Image-2025-03-25-at-11.24.47-2-768x444.jpeg 768w, https:\/\/prensa.sma.gob.ar\/wp-content\/uploads\/2025\/03\/WhatsApp-Image-2025-03-25-at-11.24.47-2-1536x888.jpeg 1536w, https:\/\/prensa.sma.gob.ar\/wp-content\/uploads\/2025\/03\/WhatsApp-Image-2025-03-25-at-11.24.47-2-726x420.jpeg 726w, https:\/\/prensa.sma.gob.ar\/wp-content\/uploads\/2025\/03\/WhatsApp-Image-2025-03-25-at-11.24.47-2-696x402.jpeg 696w, https:\/\/prensa.sma.gob.ar\/wp-content\/uploads\/2025\/03\/WhatsApp-Image-2025-03-25-at-11.24.47-2-1068x617.jpeg 1068w, https:\/\/prensa.sma.gob.ar\/wp-content\/uploads\/2025\/03\/WhatsApp-Image-2025-03-25-at-11.24.47-2.jpeg 1600w\" sizes=\"auto, (max-width: 1024px) 100vw, 1024px\" \/><\/figure>\n\n\n\n<figure class=\"wp-block-image size-large\"><img loading=\"lazy\" decoding=\"async\" width=\"1024\" height=\"576\" data-id=\"6212\" src=\"https:\/\/prensa.sma.gob.ar\/wp-content\/uploads\/2025\/03\/WhatsApp-Image-2025-03-25-at-11.24.47-3-1024x576.jpeg\" alt=\"\" class=\"wp-image-6212\" srcset=\"https:\/\/prensa.sma.gob.ar\/wp-content\/uploads\/2025\/03\/WhatsApp-Image-2025-03-25-at-11.24.47-3-1024x576.jpeg 1024w, https:\/\/prensa.sma.gob.ar\/wp-content\/uploads\/2025\/03\/WhatsApp-Image-2025-03-25-at-11.24.47-3-300x169.jpeg 300w, https:\/\/prensa.sma.gob.ar\/wp-content\/uploads\/2025\/03\/WhatsApp-Image-2025-03-25-at-11.24.47-3-768x432.jpeg 768w, https:\/\/prensa.sma.gob.ar\/wp-content\/uploads\/2025\/03\/WhatsApp-Image-2025-03-25-at-11.24.47-3-1536x864.jpeg 1536w, https:\/\/prensa.sma.gob.ar\/wp-content\/uploads\/2025\/03\/WhatsApp-Image-2025-03-25-at-11.24.47-3-747x420.jpeg 747w, https:\/\/prensa.sma.gob.ar\/wp-content\/uploads\/2025\/03\/WhatsApp-Image-2025-03-25-at-11.24.47-3-696x392.jpeg 696w, https:\/\/prensa.sma.gob.ar\/wp-content\/uploads\/2025\/03\/WhatsApp-Image-2025-03-25-at-11.24.47-3-1068x601.jpeg 1068w, https:\/\/prensa.sma.gob.ar\/wp-content\/uploads\/2025\/03\/WhatsApp-Image-2025-03-25-at-11.24.47-3.jpeg 1600w\" sizes=\"auto, (max-width: 1024px) 100vw, 1024px\" \/><\/figure>\n\n\n\n<figure class=\"wp-block-image size-large\"><img loading=\"lazy\" decoding=\"async\" width=\"1024\" height=\"619\" data-id=\"6214\" src=\"https:\/\/prensa.sma.gob.ar\/wp-content\/uploads\/2025\/03\/WhatsApp-Image-2025-03-25-at-11.24.47-1-1024x619.jpeg\" alt=\"\" class=\"wp-image-6214\" srcset=\"https:\/\/prensa.sma.gob.ar\/wp-content\/uploads\/2025\/03\/WhatsApp-Image-2025-03-25-at-11.24.47-1-1024x619.jpeg 1024w, https:\/\/prensa.sma.gob.ar\/wp-content\/uploads\/2025\/03\/WhatsApp-Image-2025-03-25-at-11.24.47-1-300x181.jpeg 300w, https:\/\/prensa.sma.gob.ar\/wp-content\/uploads\/2025\/03\/WhatsApp-Image-2025-03-25-at-11.24.47-1-768x464.jpeg 768w, https:\/\/prensa.sma.gob.ar\/wp-content\/uploads\/2025\/03\/WhatsApp-Image-2025-03-25-at-11.24.47-1-1536x928.jpeg 1536w, https:\/\/prensa.sma.gob.ar\/wp-content\/uploads\/2025\/03\/WhatsApp-Image-2025-03-25-at-11.24.47-1-695x420.jpeg 695w, https:\/\/prensa.sma.gob.ar\/wp-content\/uploads\/2025\/03\/WhatsApp-Image-2025-03-25-at-11.24.47-1-696x421.jpeg 696w, https:\/\/prensa.sma.gob.ar\/wp-content\/uploads\/2025\/03\/WhatsApp-Image-2025-03-25-at-11.24.47-1-1068x645.jpeg 1068w, https:\/\/prensa.sma.gob.ar\/wp-content\/uploads\/2025\/03\/WhatsApp-Image-2025-03-25-at-11.24.47-1.jpeg 1600w\" sizes=\"auto, (max-width: 1024px) 100vw, 1024px\" \/><\/figure>\n<\/figure>\n","protected":false},"excerpt":{"rendered":"<p>Con aportes del Municipio y de la Cooperativa de Agua Potable y Saneamiento, se realiz\u00f3 en la Planta de Tratamiento de Efluentes N\u00ba 1 (PTE1) el recambio de l\u00e1mparas ultravioletas (UV), piezas claves en el \u00faltimo paso del proceso de desinfecci\u00f3n del l\u00edquido tratado. Las tareas de recambio se realizaron este martes, con t\u00e9cnicos de [&hellip;]<\/p>\n","protected":false},"author":2,"featured_media":6209,"comment_status":"closed","ping_status":"open","sticky":false,"template":"","format":"standard","meta":{"footnotes":""},"categories":[45,16,14,20,17],"tags":[],"class_list":{"0":"post-6202","1":"post","2":"type-post","3":"status-publish","4":"format-standard","5":"has-post-thumbnail","7":"category-ambiente","8":"category-destacadas","9":"category-noticias","10":"category-organismo-de-control-municipal","11":"category-portada"},"_links":{"self":[{"href":"https:\/\/prensa.sma.gob.ar\/index.php?rest_route=\/wp\/v2\/posts\/6202","targetHints":{"allow":["GET"]}}],"collection":[{"href":"https:\/\/prensa.sma.gob.ar\/index.php?rest_route=\/wp\/v2\/posts"}],"about":[{"href":"https:\/\/prensa.sma.gob.ar\/index.php?rest_route=\/wp\/v2\/types\/post"}],"author":[{"embeddable":true,"href":"https:\/\/prensa.sma.gob.ar\/index.php?rest_route=\/wp\/v2\/users\/2"}],"replies":[{"embeddable":true,"href":"https:\/\/prensa.sma.gob.ar\/index.php?rest_route=%2Fwp%2Fv2%2Fcomments&post=6202"}],"version-history":[{"count":2,"href":"https:\/\/prensa.sma.gob.ar\/index.php?rest_route=\/wp\/v2\/posts\/6202\/revisions"}],"predecessor-version":[{"id":6217,"href":"https:\/\/prensa.sma.gob.ar\/index.php?rest_route=\/wp\/v2\/posts\/6202\/revisions\/6217"}],"wp:featuredmedia":[{"embeddable":true,"href":"https:\/\/prensa.sma.gob.ar\/index.php?rest_route=\/wp\/v2\/media\/6209"}],"wp:attachment":[{"href":"https:\/\/prensa.sma.gob.ar\/index.php?rest_route=%2Fwp%2Fv2%2Fmedia&parent=6202"}],"wp:term":[{"taxonomy":"category","embeddable":true,"href":"https:\/\/prensa.sma.gob.ar\/index.php?rest_route=%2Fwp%2Fv2%2Fcategories&post=6202"},{"taxonomy":"post_tag","embeddable":true,"href":"https:\/\/prensa.sma.gob.ar\/index.php?rest_route=%2Fwp%2Fv2%2Ftags&post=6202"}],"curies":[{"name":"wp","href":"https:\/\/api.w.org\/{rel}","templated":true}]}}