{"id":6218,"date":"2025-03-26T13:49:20","date_gmt":"2025-03-26T13:49:20","guid":{"rendered":"https:\/\/prensa.sma.gob.ar\/?p=6218"},"modified":"2025-03-26T13:50:21","modified_gmt":"2025-03-26T13:50:21","slug":"el-servicio-urbano-de-la-linea-9-ingresa-al-barrio-intercultural","status":"publish","type":"post","link":"https:\/\/prensa.sma.gob.ar\/?p=6218","title":{"rendered":"El servicio urbano de la l\u00ednea 9 ingresa al Barrio Intercultural"},"content":{"rendered":"\n<p>A partir de este mi\u00e9rcoles, el servicio urbano que une la Terminal de \u00d3mnibus con el Intercultural ingresa al barrio, tal como lo hab\u00edan pedido las vecinas y vecinos al Municipio.<\/p>\n\n\n\n<p>El Municipio se hab\u00eda comprometido para que los colectivos de la L\u00ednea 9 ingresen al barrio para facilitar la movilidad de quienes viven m\u00e1s alejados de la entrada al barrio, hasta donde llegaba el colectivo.<\/p>\n\n\n\n<p>La semana pasada, el intendente Carlos Saloniti recibi\u00f3 a representantes de la Comunidad Curruhuinca y de Vecinos Sin techo, del Barrio Intercultural, para buscar soluciones a varios temas planteados por las vecinas y los vecinos, entre ellos el ingreso del colectivo.<\/p>\n\n\n\n<p>En este sentido, el intendente Saloniti destac\u00f3 que la Tasa Vial y el Estacionamiento Medido permiten que el Municipio pueda atenuar el impacto financiero del transporte y atender algunas necesidades m\u00e1s urgentes de los barrios con mayor crecimiento poblacional.<\/p>\n\n\n<div class=\"wp-block-image\">\n<figure class=\"aligncenter size-large is-resized\"><img loading=\"lazy\" decoding=\"async\" width=\"738\" height=\"1024\" src=\"https:\/\/prensa.sma.gob.ar\/wp-content\/uploads\/2025\/03\/WhatsApp-Image-2025-03-26-at-10.14.53-738x1024.jpeg\" alt=\"\" class=\"wp-image-6220\" style=\"width:307px;height:auto\" srcset=\"https:\/\/prensa.sma.gob.ar\/wp-content\/uploads\/2025\/03\/WhatsApp-Image-2025-03-26-at-10.14.53-738x1024.jpeg 738w, https:\/\/prensa.sma.gob.ar\/wp-content\/uploads\/2025\/03\/WhatsApp-Image-2025-03-26-at-10.14.53-216x300.jpeg 216w, https:\/\/prensa.sma.gob.ar\/wp-content\/uploads\/2025\/03\/WhatsApp-Image-2025-03-26-at-10.14.53-768x1066.jpeg 768w, https:\/\/prensa.sma.gob.ar\/wp-content\/uploads\/2025\/03\/WhatsApp-Image-2025-03-26-at-10.14.53-1107x1536.jpeg 1107w, https:\/\/prensa.sma.gob.ar\/wp-content\/uploads\/2025\/03\/WhatsApp-Image-2025-03-26-at-10.14.53-303x420.jpeg 303w, https:\/\/prensa.sma.gob.ar\/wp-content\/uploads\/2025\/03\/WhatsApp-Image-2025-03-26-at-10.14.53-696x966.jpeg 696w, https:\/\/prensa.sma.gob.ar\/wp-content\/uploads\/2025\/03\/WhatsApp-Image-2025-03-26-at-10.14.53-1068x1482.jpeg 1068w, https:\/\/prensa.sma.gob.ar\/wp-content\/uploads\/2025\/03\/WhatsApp-Image-2025-03-26-at-10.14.53.jpeg 1153w\" sizes=\"auto, (max-width: 738px) 100vw, 738px\" \/><\/figure>\n<\/div>","protected":false},"excerpt":{"rendered":"<p>A partir de este mi\u00e9rcoles, el servicio urbano que une la Terminal de \u00d3mnibus con el Intercultural ingresa al barrio, tal como lo hab\u00edan pedido las vecinas y vecinos al Municipio. El Municipio se hab\u00eda comprometido para que los colectivos de la L\u00ednea 9 ingresen al barrio para facilitar la movilidad de quienes viven m\u00e1s [&hellip;]<\/p>\n","protected":false},"author":2,"featured_media":6219,"comment_status":"closed","ping_status":"open","sticky":false,"template":"","format":"standard","meta":{"footnotes":""},"categories":[16,14],"tags":[],"class_list":{"0":"post-6218","1":"post","2":"type-post","3":"status-publish","4":"format-standard","5":"has-post-thumbnail","7":"category-destacadas","8":"category-noticias"},"_links":{"self":[{"href":"https:\/\/prensa.sma.gob.ar\/index.php?rest_route=\/wp\/v2\/posts\/6218","targetHints":{"allow":["GET"]}}],"collection":[{"href":"https:\/\/prensa.sma.gob.ar\/index.php?rest_route=\/wp\/v2\/posts"}],"about":[{"href":"https:\/\/prensa.sma.gob.ar\/index.php?rest_route=\/wp\/v2\/types\/post"}],"author":[{"embeddable":true,"href":"https:\/\/prensa.sma.gob.ar\/index.php?rest_route=\/wp\/v2\/users\/2"}],"replies":[{"embeddable":true,"href":"https:\/\/prensa.sma.gob.ar\/index.php?rest_route=%2Fwp%2Fv2%2Fcomments&post=6218"}],"version-history":[{"count":1,"href":"https:\/\/prensa.sma.gob.ar\/index.php?rest_route=\/wp\/v2\/posts\/6218\/revisions"}],"predecessor-version":[{"id":6221,"href":"https:\/\/prensa.sma.gob.ar\/index.php?rest_route=\/wp\/v2\/posts\/6218\/revisions\/6221"}],"wp:featuredmedia":[{"embeddable":true,"href":"https:\/\/prensa.sma.gob.ar\/index.php?rest_route=\/wp\/v2\/media\/6219"}],"wp:attachment":[{"href":"https:\/\/prensa.sma.gob.ar\/index.php?rest_route=%2Fwp%2Fv2%2Fmedia&parent=6218"}],"wp:term":[{"taxonomy":"category","embeddable":true,"href":"https:\/\/prensa.sma.gob.ar\/index.php?rest_route=%2Fwp%2Fv2%2Fcategories&post=6218"},{"taxonomy":"post_tag","embeddable":true,"href":"https:\/\/prensa.sma.gob.ar\/index.php?rest_route=%2Fwp%2Fv2%2Ftags&post=6218"}],"curies":[{"name":"wp","href":"https:\/\/api.w.org\/{rel}","templated":true}]}}