{"id":622,"date":"2024-06-20T00:16:18","date_gmt":"2024-06-20T00:16:18","guid":{"rendered":"https:\/\/prensa.sma.gob.ar\/?p=622"},"modified":"2024-06-24T00:17:14","modified_gmt":"2024-06-24T00:17:14","slug":"recorrido-sirve-camion-iveco","status":"publish","type":"post","link":"https:\/\/prensa.sma.gob.ar\/?p=622","title":{"rendered":"Recorrido SIRVe cami\u00f3n IVECO"},"content":{"rendered":"\n<p>LUNES, entre las 8:00 y las 13:00, ZONA CENTRO: Arroyo Pocahullo al Cerro Comandante D\u00edaz; Barrio Cantera por ruta Provincial N\u00ba 19, bajando por cuesta F\u00e9lix Amador; Av. Koessler y Los Cipreses.<\/p>\n\n\n\n<p>MARTES, entre las 8:00 y las 13:00: Desde Arroyo Pocahullo al cerro Curruhuinca; calle 3 de Caballer\u00eda y aleda\u00f1os.<\/p>\n\n\n\n<p><a><\/a>MI\u00c9RCOLES, entre las 8:00 y las 13:00: Barrio El Arenal; Villa Paur; Chacra 4 y Los Radales.<\/p>\n\n\n\n<p>JUEVES, entre las 8:00 y las 13:00: Barrio Kumelkayen; Las Moras; Alihu\u00e9n Bajo, de Bickel a Los Faldeos; Vega Maip\u00fa y barrio Nahuil\u00e9n.<\/p>\n\n\n\n<p>VIERNES, entre las 8:00 y las 13:00: Villa Vega San Mart\u00edn; La Cascada; Miciu; Las Rosas y San Fernando.<\/p>\n\n\n\n<p>S\u00c1BADO, entre las 8:00 y las 13:00: Chacra 28; Chacra 30; Chacra 32 y Santo Domingo.<\/p>\n\n\n\n<p><\/p>\n\n\n\n<p>ANTE CUALQUIER INQUIETUD, COMUNICARSE CON LAS OFICINAS DE SIRVE:<\/p>\n\n\n\n<p>02972 \u2013 427315 &#8211; Int 890.<\/p>\n","protected":false},"excerpt":{"rendered":"<p>LUNES, entre las 8:00 y las 13:00, ZONA CENTRO: Arroyo Pocahullo al Cerro Comandante D\u00edaz; Barrio Cantera por ruta Provincial N\u00ba 19, bajando por cuesta F\u00e9lix Amador; Av. Koessler y Los Cipreses. MARTES, entre las 8:00 y las 13:00: Desde Arroyo Pocahullo al cerro Curruhuinca; calle 3 de Caballer\u00eda y aleda\u00f1os. MI\u00c9RCOLES, entre las 8:00 [&hellip;]<\/p>\n","protected":false},"author":2,"featured_media":623,"comment_status":"closed","ping_status":"open","sticky":false,"template":"","format":"standard","meta":{"footnotes":""},"categories":[14,19],"tags":[],"class_list":{"0":"post-622","1":"post","2":"type-post","3":"status-publish","4":"format-standard","5":"has-post-thumbnail","7":"category-noticias","8":"category-obras-y-servicios-publicos"},"_links":{"self":[{"href":"https:\/\/prensa.sma.gob.ar\/index.php?rest_route=\/wp\/v2\/posts\/622","targetHints":{"allow":["GET"]}}],"collection":[{"href":"https:\/\/prensa.sma.gob.ar\/index.php?rest_route=\/wp\/v2\/posts"}],"about":[{"href":"https:\/\/prensa.sma.gob.ar\/index.php?rest_route=\/wp\/v2\/types\/post"}],"author":[{"embeddable":true,"href":"https:\/\/prensa.sma.gob.ar\/index.php?rest_route=\/wp\/v2\/users\/2"}],"replies":[{"embeddable":true,"href":"https:\/\/prensa.sma.gob.ar\/index.php?rest_route=%2Fwp%2Fv2%2Fcomments&post=622"}],"version-history":[{"count":1,"href":"https:\/\/prensa.sma.gob.ar\/index.php?rest_route=\/wp\/v2\/posts\/622\/revisions"}],"predecessor-version":[{"id":624,"href":"https:\/\/prensa.sma.gob.ar\/index.php?rest_route=\/wp\/v2\/posts\/622\/revisions\/624"}],"wp:featuredmedia":[{"embeddable":true,"href":"https:\/\/prensa.sma.gob.ar\/index.php?rest_route=\/wp\/v2\/media\/623"}],"wp:attachment":[{"href":"https:\/\/prensa.sma.gob.ar\/index.php?rest_route=%2Fwp%2Fv2%2Fmedia&parent=622"}],"wp:term":[{"taxonomy":"category","embeddable":true,"href":"https:\/\/prensa.sma.gob.ar\/index.php?rest_route=%2Fwp%2Fv2%2Fcategories&post=622"},{"taxonomy":"post_tag","embeddable":true,"href":"https:\/\/prensa.sma.gob.ar\/index.php?rest_route=%2Fwp%2Fv2%2Ftags&post=622"}],"curies":[{"name":"wp","href":"https:\/\/api.w.org\/{rel}","templated":true}]}}