{"id":6222,"date":"2025-03-26T16:03:45","date_gmt":"2025-03-26T16:03:45","guid":{"rendered":"https:\/\/prensa.sma.gob.ar\/?p=6222"},"modified":"2025-03-26T16:03:47","modified_gmt":"2025-03-26T16:03:47","slug":"nueva-reunion-con-el-grupo-coordinador-del-consejo-de-juntas-vecinales","status":"publish","type":"post","link":"https:\/\/prensa.sma.gob.ar\/?p=6222","title":{"rendered":"Nueva reuni\u00f3n con el Grupo Coordinador del Consejo de Juntas Vecinales"},"content":{"rendered":"\n<p>El intendente Carlos Saloniti recibi\u00f3 a tres representantes del grupo coordinador del Consejo de Juntas Vecinales, para hacer un seguimiento de temas y tomar nota de otras preocupaciones manifestadas por este organismo.<\/p>\n\n\n\n<p>El jefe comunal recibi\u00f3 en su despacho a Noelia Galdames, Mar\u00eda Jos\u00e9 Fabro y \u00c1ngel Costa, ante quienes reafirm\u00f3 la legitimidad institucional del Consejo de Juntas Vecinales como uno de los nexos con las vecinas y vecinos.<\/p>\n\n\n\n<p>Durante el encuentro, Saloniti explic\u00f3 detalles de los recientes convenios firmados con el Gobierno provincial para la renovaci\u00f3n de todas las luminarias de la ciudad por luces LED y para la realizaci\u00f3n de obras que mejoren el servicio de agua en diferentes barrios. Adelant\u00f3 que en los pr\u00f3ximos d\u00edas se realizar\u00e1 una reuni\u00f3n con t\u00e9cnicos y vecinas y vecinos para atender los pedidos de agua que m\u00e1s a\u00f1os llevan esperando una soluci\u00f3n.<\/p>\n\n\n\n<p>Los representantes del Consejo de Juntas Vecinales realizaron un balance de la reciente reuni\u00f3n con los nuevos subsecretarios de Obras P\u00fablicas y de Servicios P\u00fablicos, Leonardo Manr\u00edquez y Mart\u00edn Betancur, de quienes destacaron su predisposici\u00f3n a trabajar y atender las demandas de las vecinas y vecinos.<\/p>\n\n\n\n<p>Saloniti reiter\u00f3 que se profundizar\u00e1 el trabajo en los barrios a trav\u00e9s de las \u00e1reas institucionales y reafirm\u00f3 que la Subsecretar\u00eda de Juntas Vecinales es el nexo entre el Consejo de Juntas, las comisiones de los vecinos y las otras \u00e1reas del Municipio.<\/p>\n\n\n\n<p>El encuentro, realizado este martes, se enmarca en la serie de reuniones que el jefe comunal mantiene con el Consejo de Juntas Vecinales, \u00f3rgano aut\u00f3nomo integrado por representantes de las comisiones vecinales de los diferentes barrios de nuestra ciudad.<\/p>\n\n\n\n<figure class=\"wp-block-gallery has-nested-images columns-default is-cropped wp-block-gallery-1 is-layout-flex wp-block-gallery-is-layout-flex\">\n<figure class=\"wp-block-image size-large\"><img loading=\"lazy\" decoding=\"async\" width=\"1024\" height=\"576\" data-id=\"6227\" src=\"https:\/\/prensa.sma.gob.ar\/wp-content\/uploads\/2025\/03\/WhatsApp-Image-2025-03-25-at-09.59.24-1024x576.jpeg\" alt=\"\" class=\"wp-image-6227\" srcset=\"https:\/\/prensa.sma.gob.ar\/wp-content\/uploads\/2025\/03\/WhatsApp-Image-2025-03-25-at-09.59.24-1024x576.jpeg 1024w, https:\/\/prensa.sma.gob.ar\/wp-content\/uploads\/2025\/03\/WhatsApp-Image-2025-03-25-at-09.59.24-300x169.jpeg 300w, https:\/\/prensa.sma.gob.ar\/wp-content\/uploads\/2025\/03\/WhatsApp-Image-2025-03-25-at-09.59.24-768x432.jpeg 768w, https:\/\/prensa.sma.gob.ar\/wp-content\/uploads\/2025\/03\/WhatsApp-Image-2025-03-25-at-09.59.24-1536x864.jpeg 1536w, https:\/\/prensa.sma.gob.ar\/wp-content\/uploads\/2025\/03\/WhatsApp-Image-2025-03-25-at-09.59.24-747x420.jpeg 747w, https:\/\/prensa.sma.gob.ar\/wp-content\/uploads\/2025\/03\/WhatsApp-Image-2025-03-25-at-09.59.24-696x392.jpeg 696w, https:\/\/prensa.sma.gob.ar\/wp-content\/uploads\/2025\/03\/WhatsApp-Image-2025-03-25-at-09.59.24-1068x601.jpeg 1068w, https:\/\/prensa.sma.gob.ar\/wp-content\/uploads\/2025\/03\/WhatsApp-Image-2025-03-25-at-09.59.24.jpeg 1600w\" sizes=\"auto, (max-width: 1024px) 100vw, 1024px\" \/><\/figure>\n\n\n\n<figure class=\"wp-block-image size-large\"><img loading=\"lazy\" decoding=\"async\" width=\"1024\" height=\"576\" data-id=\"6223\" src=\"https:\/\/prensa.sma.gob.ar\/wp-content\/uploads\/2025\/03\/WhatsApp-Image-2025-03-25-at-09.59.25-1-1024x576.jpeg\" alt=\"\" class=\"wp-image-6223\" srcset=\"https:\/\/prensa.sma.gob.ar\/wp-content\/uploads\/2025\/03\/WhatsApp-Image-2025-03-25-at-09.59.25-1-1024x576.jpeg 1024w, https:\/\/prensa.sma.gob.ar\/wp-content\/uploads\/2025\/03\/WhatsApp-Image-2025-03-25-at-09.59.25-1-300x169.jpeg 300w, https:\/\/prensa.sma.gob.ar\/wp-content\/uploads\/2025\/03\/WhatsApp-Image-2025-03-25-at-09.59.25-1-768x432.jpeg 768w, https:\/\/prensa.sma.gob.ar\/wp-content\/uploads\/2025\/03\/WhatsApp-Image-2025-03-25-at-09.59.25-1-1536x864.jpeg 1536w, https:\/\/prensa.sma.gob.ar\/wp-content\/uploads\/2025\/03\/WhatsApp-Image-2025-03-25-at-09.59.25-1-747x420.jpeg 747w, https:\/\/prensa.sma.gob.ar\/wp-content\/uploads\/2025\/03\/WhatsApp-Image-2025-03-25-at-09.59.25-1-696x392.jpeg 696w, https:\/\/prensa.sma.gob.ar\/wp-content\/uploads\/2025\/03\/WhatsApp-Image-2025-03-25-at-09.59.25-1-1068x601.jpeg 1068w, https:\/\/prensa.sma.gob.ar\/wp-content\/uploads\/2025\/03\/WhatsApp-Image-2025-03-25-at-09.59.25-1.jpeg 1600w\" sizes=\"auto, (max-width: 1024px) 100vw, 1024px\" \/><\/figure>\n\n\n\n<figure class=\"wp-block-image size-large\"><img loading=\"lazy\" decoding=\"async\" width=\"1024\" height=\"599\" data-id=\"6225\" src=\"https:\/\/prensa.sma.gob.ar\/wp-content\/uploads\/2025\/03\/WhatsApp-Image-2025-03-25-at-09.59.24-2-1024x599.jpeg\" alt=\"\" class=\"wp-image-6225\" srcset=\"https:\/\/prensa.sma.gob.ar\/wp-content\/uploads\/2025\/03\/WhatsApp-Image-2025-03-25-at-09.59.24-2-1024x599.jpeg 1024w, https:\/\/prensa.sma.gob.ar\/wp-content\/uploads\/2025\/03\/WhatsApp-Image-2025-03-25-at-09.59.24-2-300x176.jpeg 300w, https:\/\/prensa.sma.gob.ar\/wp-content\/uploads\/2025\/03\/WhatsApp-Image-2025-03-25-at-09.59.24-2-768x449.jpeg 768w, https:\/\/prensa.sma.gob.ar\/wp-content\/uploads\/2025\/03\/WhatsApp-Image-2025-03-25-at-09.59.24-2-1536x899.jpeg 1536w, https:\/\/prensa.sma.gob.ar\/wp-content\/uploads\/2025\/03\/WhatsApp-Image-2025-03-25-at-09.59.24-2-718x420.jpeg 718w, https:\/\/prensa.sma.gob.ar\/wp-content\/uploads\/2025\/03\/WhatsApp-Image-2025-03-25-at-09.59.24-2-696x407.jpeg 696w, https:\/\/prensa.sma.gob.ar\/wp-content\/uploads\/2025\/03\/WhatsApp-Image-2025-03-25-at-09.59.24-2-1068x625.jpeg 1068w, https:\/\/prensa.sma.gob.ar\/wp-content\/uploads\/2025\/03\/WhatsApp-Image-2025-03-25-at-09.59.24-2.jpeg 1600w\" sizes=\"auto, (max-width: 1024px) 100vw, 1024px\" \/><\/figure>\n<\/figure>\n","protected":false},"excerpt":{"rendered":"<p>El intendente Carlos Saloniti recibi\u00f3 a tres representantes del grupo coordinador del Consejo de Juntas Vecinales, para hacer un seguimiento de temas y tomar nota de otras preocupaciones manifestadas por este organismo. El jefe comunal recibi\u00f3 en su despacho a Noelia Galdames, Mar\u00eda Jos\u00e9 Fabro y \u00c1ngel Costa, ante quienes reafirm\u00f3 la legitimidad institucional del [&hellip;]<\/p>\n","protected":false},"author":2,"featured_media":6228,"comment_status":"closed","ping_status":"open","sticky":false,"template":"","format":"standard","meta":{"footnotes":""},"categories":[16,39,14],"tags":[],"class_list":{"0":"post-6222","1":"post","2":"type-post","3":"status-publish","4":"format-standard","5":"has-post-thumbnail","7":"category-destacadas","8":"category-subs-juntas-vecinales","9":"category-noticias"},"_links":{"self":[{"href":"https:\/\/prensa.sma.gob.ar\/index.php?rest_route=\/wp\/v2\/posts\/6222","targetHints":{"allow":["GET"]}}],"collection":[{"href":"https:\/\/prensa.sma.gob.ar\/index.php?rest_route=\/wp\/v2\/posts"}],"about":[{"href":"https:\/\/prensa.sma.gob.ar\/index.php?rest_route=\/wp\/v2\/types\/post"}],"author":[{"embeddable":true,"href":"https:\/\/prensa.sma.gob.ar\/index.php?rest_route=\/wp\/v2\/users\/2"}],"replies":[{"embeddable":true,"href":"https:\/\/prensa.sma.gob.ar\/index.php?rest_route=%2Fwp%2Fv2%2Fcomments&post=6222"}],"version-history":[{"count":1,"href":"https:\/\/prensa.sma.gob.ar\/index.php?rest_route=\/wp\/v2\/posts\/6222\/revisions"}],"predecessor-version":[{"id":6229,"href":"https:\/\/prensa.sma.gob.ar\/index.php?rest_route=\/wp\/v2\/posts\/6222\/revisions\/6229"}],"wp:featuredmedia":[{"embeddable":true,"href":"https:\/\/prensa.sma.gob.ar\/index.php?rest_route=\/wp\/v2\/media\/6228"}],"wp:attachment":[{"href":"https:\/\/prensa.sma.gob.ar\/index.php?rest_route=%2Fwp%2Fv2%2Fmedia&parent=6222"}],"wp:term":[{"taxonomy":"category","embeddable":true,"href":"https:\/\/prensa.sma.gob.ar\/index.php?rest_route=%2Fwp%2Fv2%2Fcategories&post=6222"},{"taxonomy":"post_tag","embeddable":true,"href":"https:\/\/prensa.sma.gob.ar\/index.php?rest_route=%2Fwp%2Fv2%2Ftags&post=6222"}],"curies":[{"name":"wp","href":"https:\/\/api.w.org\/{rel}","templated":true}]}}