{"id":6298,"date":"2025-03-30T15:45:13","date_gmt":"2025-03-30T15:45:13","guid":{"rendered":"https:\/\/prensa.sma.gob.ar\/?p=6298"},"modified":"2025-03-30T15:45:14","modified_gmt":"2025-03-30T15:45:14","slug":"la-plaza-berbel-se-pone-a-tono-para-celebrar-los-100-anos-de-don-marcelo","status":"publish","type":"post","link":"https:\/\/prensa.sma.gob.ar\/?p=6298","title":{"rendered":"La plaza Berbel se pone a tono para celebrar los 100 a\u00f1os de Don Marcelo"},"content":{"rendered":"\n<p>Organizado por la Comisi\u00f3n Vecinal Vega Maip\u00fa y Nahuilen, y con el apoyo de vecinos y vecinas del barrio, se realiz\u00f3 una jornada de limpieza y plantaci\u00f3n de especies en los canteros de la plaza Marcelo Berbel.<\/p>\n\n\n\n<p>En una pr\u00f3xima jornada se instalar\u00e1n los juegos que est\u00e1n siendo reparados en la Carpinter\u00eda Municipal, se realizar\u00e1 el recambio de maderas de los bancos.<\/p>\n\n\n\n<p>La Subsecretar\u00eda de Juntas Vecinales espera tener la plaza lista para el acto por el 100\u00b0 aniversario del nacimiento del poeta neuquino, escritor, compositor y m\u00fasico Marcelo Berbel, que organiza la Secretar\u00eda de Cultura del Municipio.<\/p>\n\n\n\n<p>La coordinaci\u00f3n de los trabajos de plantaci\u00f3n y renovaci\u00f3n de los espacios de la plaza est\u00e1 a cargo de M\u00f3nica Sosa, trabajadora de la Subsecretar\u00eda de Juntas Vecinales del Municipio.<\/p>\n\n\n\n<figure class=\"wp-block-gallery has-nested-images columns-default is-cropped wp-block-gallery-1 is-layout-flex wp-block-gallery-is-layout-flex\">\n<figure class=\"wp-block-image size-large\"><img loading=\"lazy\" decoding=\"async\" width=\"1024\" height=\"1024\" data-id=\"6304\" src=\"https:\/\/prensa.sma.gob.ar\/wp-content\/uploads\/2025\/03\/PLAZA-5-1024x1024.jpg\" alt=\"\" class=\"wp-image-6304\" srcset=\"https:\/\/prensa.sma.gob.ar\/wp-content\/uploads\/2025\/03\/PLAZA-5-1024x1024.jpg 1024w, https:\/\/prensa.sma.gob.ar\/wp-content\/uploads\/2025\/03\/PLAZA-5-300x300.jpg 300w, https:\/\/prensa.sma.gob.ar\/wp-content\/uploads\/2025\/03\/PLAZA-5-150x150.jpg 150w, https:\/\/prensa.sma.gob.ar\/wp-content\/uploads\/2025\/03\/PLAZA-5-768x768.jpg 768w, https:\/\/prensa.sma.gob.ar\/wp-content\/uploads\/2025\/03\/PLAZA-5-420x420.jpg 420w, https:\/\/prensa.sma.gob.ar\/wp-content\/uploads\/2025\/03\/PLAZA-5-696x696.jpg 696w, https:\/\/prensa.sma.gob.ar\/wp-content\/uploads\/2025\/03\/PLAZA-5-1068x1068.jpg 1068w, https:\/\/prensa.sma.gob.ar\/wp-content\/uploads\/2025\/03\/PLAZA-5.jpg 1440w\" sizes=\"auto, (max-width: 1024px) 100vw, 1024px\" \/><\/figure>\n\n\n\n<figure class=\"wp-block-image size-large\"><img loading=\"lazy\" decoding=\"async\" width=\"1024\" height=\"1024\" data-id=\"6302\" src=\"https:\/\/prensa.sma.gob.ar\/wp-content\/uploads\/2025\/03\/PLAZA-1-1024x1024.jpg\" alt=\"\" class=\"wp-image-6302\" srcset=\"https:\/\/prensa.sma.gob.ar\/wp-content\/uploads\/2025\/03\/PLAZA-1-1024x1024.jpg 1024w, https:\/\/prensa.sma.gob.ar\/wp-content\/uploads\/2025\/03\/PLAZA-1-300x300.jpg 300w, https:\/\/prensa.sma.gob.ar\/wp-content\/uploads\/2025\/03\/PLAZA-1-150x150.jpg 150w, https:\/\/prensa.sma.gob.ar\/wp-content\/uploads\/2025\/03\/PLAZA-1-768x768.jpg 768w, https:\/\/prensa.sma.gob.ar\/wp-content\/uploads\/2025\/03\/PLAZA-1-420x420.jpg 420w, https:\/\/prensa.sma.gob.ar\/wp-content\/uploads\/2025\/03\/PLAZA-1-696x696.jpg 696w, https:\/\/prensa.sma.gob.ar\/wp-content\/uploads\/2025\/03\/PLAZA-1-1068x1068.jpg 1068w, https:\/\/prensa.sma.gob.ar\/wp-content\/uploads\/2025\/03\/PLAZA-1.jpg 1440w\" sizes=\"auto, (max-width: 1024px) 100vw, 1024px\" \/><\/figure>\n\n\n\n<figure class=\"wp-block-image size-large\"><img loading=\"lazy\" decoding=\"async\" width=\"1024\" height=\"1024\" data-id=\"6301\" src=\"https:\/\/prensa.sma.gob.ar\/wp-content\/uploads\/2025\/03\/PLAZA-4-1024x1024.jpg\" alt=\"\" class=\"wp-image-6301\" srcset=\"https:\/\/prensa.sma.gob.ar\/wp-content\/uploads\/2025\/03\/PLAZA-4-1024x1024.jpg 1024w, https:\/\/prensa.sma.gob.ar\/wp-content\/uploads\/2025\/03\/PLAZA-4-300x300.jpg 300w, https:\/\/prensa.sma.gob.ar\/wp-content\/uploads\/2025\/03\/PLAZA-4-150x150.jpg 150w, https:\/\/prensa.sma.gob.ar\/wp-content\/uploads\/2025\/03\/PLAZA-4-768x768.jpg 768w, https:\/\/prensa.sma.gob.ar\/wp-content\/uploads\/2025\/03\/PLAZA-4-420x420.jpg 420w, https:\/\/prensa.sma.gob.ar\/wp-content\/uploads\/2025\/03\/PLAZA-4-696x696.jpg 696w, https:\/\/prensa.sma.gob.ar\/wp-content\/uploads\/2025\/03\/PLAZA-4-1068x1068.jpg 1068w, https:\/\/prensa.sma.gob.ar\/wp-content\/uploads\/2025\/03\/PLAZA-4.jpg 1440w\" sizes=\"auto, (max-width: 1024px) 100vw, 1024px\" \/><\/figure>\n\n\n\n<figure class=\"wp-block-image size-large\"><img loading=\"lazy\" decoding=\"async\" width=\"1024\" height=\"1024\" data-id=\"6300\" src=\"https:\/\/prensa.sma.gob.ar\/wp-content\/uploads\/2025\/03\/PLAZA-6-1024x1024.jpg\" alt=\"\" class=\"wp-image-6300\" srcset=\"https:\/\/prensa.sma.gob.ar\/wp-content\/uploads\/2025\/03\/PLAZA-6-1024x1024.jpg 1024w, https:\/\/prensa.sma.gob.ar\/wp-content\/uploads\/2025\/03\/PLAZA-6-300x300.jpg 300w, https:\/\/prensa.sma.gob.ar\/wp-content\/uploads\/2025\/03\/PLAZA-6-150x150.jpg 150w, https:\/\/prensa.sma.gob.ar\/wp-content\/uploads\/2025\/03\/PLAZA-6-768x768.jpg 768w, https:\/\/prensa.sma.gob.ar\/wp-content\/uploads\/2025\/03\/PLAZA-6-420x420.jpg 420w, https:\/\/prensa.sma.gob.ar\/wp-content\/uploads\/2025\/03\/PLAZA-6-696x696.jpg 696w, https:\/\/prensa.sma.gob.ar\/wp-content\/uploads\/2025\/03\/PLAZA-6-1068x1068.jpg 1068w, https:\/\/prensa.sma.gob.ar\/wp-content\/uploads\/2025\/03\/PLAZA-6.jpg 1440w\" sizes=\"auto, (max-width: 1024px) 100vw, 1024px\" \/><\/figure>\n\n\n\n<figure class=\"wp-block-image size-large\"><img loading=\"lazy\" decoding=\"async\" width=\"1024\" height=\"1024\" data-id=\"6299\" src=\"https:\/\/prensa.sma.gob.ar\/wp-content\/uploads\/2025\/03\/PLAZA-2-1024x1024.jpg\" alt=\"\" class=\"wp-image-6299\" srcset=\"https:\/\/prensa.sma.gob.ar\/wp-content\/uploads\/2025\/03\/PLAZA-2-1024x1024.jpg 1024w, https:\/\/prensa.sma.gob.ar\/wp-content\/uploads\/2025\/03\/PLAZA-2-300x300.jpg 300w, https:\/\/prensa.sma.gob.ar\/wp-content\/uploads\/2025\/03\/PLAZA-2-150x150.jpg 150w, https:\/\/prensa.sma.gob.ar\/wp-content\/uploads\/2025\/03\/PLAZA-2-768x768.jpg 768w, https:\/\/prensa.sma.gob.ar\/wp-content\/uploads\/2025\/03\/PLAZA-2-420x420.jpg 420w, https:\/\/prensa.sma.gob.ar\/wp-content\/uploads\/2025\/03\/PLAZA-2-696x696.jpg 696w, https:\/\/prensa.sma.gob.ar\/wp-content\/uploads\/2025\/03\/PLAZA-2-1068x1068.jpg 1068w, https:\/\/prensa.sma.gob.ar\/wp-content\/uploads\/2025\/03\/PLAZA-2.jpg 1440w\" sizes=\"auto, (max-width: 1024px) 100vw, 1024px\" \/><\/figure>\n\n\n\n<figure class=\"wp-block-image size-large\"><img loading=\"lazy\" decoding=\"async\" width=\"1024\" height=\"1024\" data-id=\"6303\" src=\"https:\/\/prensa.sma.gob.ar\/wp-content\/uploads\/2025\/03\/PLAZA-3-1024x1024.jpg\" alt=\"\" class=\"wp-image-6303\" srcset=\"https:\/\/prensa.sma.gob.ar\/wp-content\/uploads\/2025\/03\/PLAZA-3-1024x1024.jpg 1024w, https:\/\/prensa.sma.gob.ar\/wp-content\/uploads\/2025\/03\/PLAZA-3-300x300.jpg 300w, https:\/\/prensa.sma.gob.ar\/wp-content\/uploads\/2025\/03\/PLAZA-3-150x150.jpg 150w, https:\/\/prensa.sma.gob.ar\/wp-content\/uploads\/2025\/03\/PLAZA-3-768x768.jpg 768w, https:\/\/prensa.sma.gob.ar\/wp-content\/uploads\/2025\/03\/PLAZA-3-420x420.jpg 420w, https:\/\/prensa.sma.gob.ar\/wp-content\/uploads\/2025\/03\/PLAZA-3-696x696.jpg 696w, https:\/\/prensa.sma.gob.ar\/wp-content\/uploads\/2025\/03\/PLAZA-3-1068x1068.jpg 1068w, https:\/\/prensa.sma.gob.ar\/wp-content\/uploads\/2025\/03\/PLAZA-3.jpg 1440w\" sizes=\"auto, (max-width: 1024px) 100vw, 1024px\" \/><\/figure>\n<\/figure>\n","protected":false},"excerpt":{"rendered":"<p>Organizado por la Comisi\u00f3n Vecinal Vega Maip\u00fa y Nahuilen, y con el apoyo de vecinos y vecinas del barrio, se realiz\u00f3 una jornada de limpieza y plantaci\u00f3n de especies en los canteros de la plaza Marcelo Berbel. En una pr\u00f3xima jornada se instalar\u00e1n los juegos que est\u00e1n siendo reparados en la Carpinter\u00eda Municipal, se realizar\u00e1 [&hellip;]<\/p>\n","protected":false},"author":2,"featured_media":6303,"comment_status":"closed","ping_status":"open","sticky":false,"template":"","format":"standard","meta":{"footnotes":""},"categories":[16,39,14,21],"tags":[],"class_list":{"0":"post-6298","1":"post","2":"type-post","3":"status-publish","4":"format-standard","5":"has-post-thumbnail","7":"category-destacadas","8":"category-subs-juntas-vecinales","9":"category-noticias","10":"category-parques"},"_links":{"self":[{"href":"https:\/\/prensa.sma.gob.ar\/index.php?rest_route=\/wp\/v2\/posts\/6298","targetHints":{"allow":["GET"]}}],"collection":[{"href":"https:\/\/prensa.sma.gob.ar\/index.php?rest_route=\/wp\/v2\/posts"}],"about":[{"href":"https:\/\/prensa.sma.gob.ar\/index.php?rest_route=\/wp\/v2\/types\/post"}],"author":[{"embeddable":true,"href":"https:\/\/prensa.sma.gob.ar\/index.php?rest_route=\/wp\/v2\/users\/2"}],"replies":[{"embeddable":true,"href":"https:\/\/prensa.sma.gob.ar\/index.php?rest_route=%2Fwp%2Fv2%2Fcomments&post=6298"}],"version-history":[{"count":1,"href":"https:\/\/prensa.sma.gob.ar\/index.php?rest_route=\/wp\/v2\/posts\/6298\/revisions"}],"predecessor-version":[{"id":6305,"href":"https:\/\/prensa.sma.gob.ar\/index.php?rest_route=\/wp\/v2\/posts\/6298\/revisions\/6305"}],"wp:featuredmedia":[{"embeddable":true,"href":"https:\/\/prensa.sma.gob.ar\/index.php?rest_route=\/wp\/v2\/media\/6303"}],"wp:attachment":[{"href":"https:\/\/prensa.sma.gob.ar\/index.php?rest_route=%2Fwp%2Fv2%2Fmedia&parent=6298"}],"wp:term":[{"taxonomy":"category","embeddable":true,"href":"https:\/\/prensa.sma.gob.ar\/index.php?rest_route=%2Fwp%2Fv2%2Fcategories&post=6298"},{"taxonomy":"post_tag","embeddable":true,"href":"https:\/\/prensa.sma.gob.ar\/index.php?rest_route=%2Fwp%2Fv2%2Ftags&post=6298"}],"curies":[{"name":"wp","href":"https:\/\/api.w.org\/{rel}","templated":true}]}}