{"id":6307,"date":"2025-03-31T14:19:28","date_gmt":"2025-03-31T14:19:28","guid":{"rendered":"https:\/\/prensa.sma.gob.ar\/?p=6307"},"modified":"2025-03-31T14:45:23","modified_gmt":"2025-03-31T14:45:23","slug":"el-jefe-del-comando-radioelectrico-de-la-policia-se-reunio-con-vecinas-y-vecinos-de-cordones-del-chapelco","status":"publish","type":"post","link":"https:\/\/prensa.sma.gob.ar\/?p=6307","title":{"rendered":"El jefe del Comando Radioel\u00e9ctrico se reuni\u00f3 con vecinas y vecinos de Cordones del Chapelco"},"content":{"rendered":"\n<p>Representantes de las Comisiones Vecinales de Cordones del Chapelco analizaron con el jefe del Comando Radioel\u00e9ctrico de la Polic\u00eda de Neuqu\u00e9n, Marcos Guzm\u00e1n, temas espec\u00edficos de seguridad en esta zona de la ciudad y el funcionamiento del WhatsApp de Alertas Vecinales en los barrios.<\/p>\n\n\n\n<p>Durante la reuni\u00f3n, realizada en la Delegaci\u00f3n de Cordones de Chapelco, el comisario Guzm\u00e1n afirm\u00f3 que los grupos de Alerta Temprana seguir\u00e1n funcionando de la misma manera, ya que han demostrado ser efectivos en la prevenci\u00f3n de delitos.<\/p>\n\n\n\n<p>El jefe policial destac\u00f3 tambi\u00e9n la importancia de que, en caso de emergencia, las vecinas y vecinos se comuniquen con el m\u00f3vil del circuito correspondiente a cada barrio y recomend\u00f3 tener siempre a mano el n\u00famero del celular del patrullero.<\/p>\n\n\n\n<p>Guzm\u00e1n mencion\u00f3 que la Polic\u00eda provincial cuenta con seis m\u00f3viles, incluyendo una camioneta 4&#215;4, y veinte personas por turno, divididas en dos personas por m\u00f3vil. Tambi\u00e9n cuenta con cuatro motos, ocho bicicletas y un taller de reparaciones de veh\u00edculos para toda la zona sur.<\/p>\n","protected":false},"excerpt":{"rendered":"<p>Representantes de las Comisiones Vecinales de Cordones del Chapelco analizaron con el jefe del Comando Radioel\u00e9ctrico de la Polic\u00eda de Neuqu\u00e9n, Marcos Guzm\u00e1n, temas espec\u00edficos de seguridad en esta zona de la ciudad y el funcionamiento del WhatsApp de Alertas Vecinales en los barrios. Durante la reuni\u00f3n, realizada en la Delegaci\u00f3n de Cordones de Chapelco, [&hellip;]<\/p>\n","protected":false},"author":2,"featured_media":6308,"comment_status":"closed","ping_status":"open","sticky":false,"template":"","format":"standard","meta":{"footnotes":""},"categories":[16,39,14],"tags":[],"class_list":{"0":"post-6307","1":"post","2":"type-post","3":"status-publish","4":"format-standard","5":"has-post-thumbnail","7":"category-destacadas","8":"category-subs-juntas-vecinales","9":"category-noticias"},"_links":{"self":[{"href":"https:\/\/prensa.sma.gob.ar\/index.php?rest_route=\/wp\/v2\/posts\/6307","targetHints":{"allow":["GET"]}}],"collection":[{"href":"https:\/\/prensa.sma.gob.ar\/index.php?rest_route=\/wp\/v2\/posts"}],"about":[{"href":"https:\/\/prensa.sma.gob.ar\/index.php?rest_route=\/wp\/v2\/types\/post"}],"author":[{"embeddable":true,"href":"https:\/\/prensa.sma.gob.ar\/index.php?rest_route=\/wp\/v2\/users\/2"}],"replies":[{"embeddable":true,"href":"https:\/\/prensa.sma.gob.ar\/index.php?rest_route=%2Fwp%2Fv2%2Fcomments&post=6307"}],"version-history":[{"count":2,"href":"https:\/\/prensa.sma.gob.ar\/index.php?rest_route=\/wp\/v2\/posts\/6307\/revisions"}],"predecessor-version":[{"id":6310,"href":"https:\/\/prensa.sma.gob.ar\/index.php?rest_route=\/wp\/v2\/posts\/6307\/revisions\/6310"}],"wp:featuredmedia":[{"embeddable":true,"href":"https:\/\/prensa.sma.gob.ar\/index.php?rest_route=\/wp\/v2\/media\/6308"}],"wp:attachment":[{"href":"https:\/\/prensa.sma.gob.ar\/index.php?rest_route=%2Fwp%2Fv2%2Fmedia&parent=6307"}],"wp:term":[{"taxonomy":"category","embeddable":true,"href":"https:\/\/prensa.sma.gob.ar\/index.php?rest_route=%2Fwp%2Fv2%2Fcategories&post=6307"},{"taxonomy":"post_tag","embeddable":true,"href":"https:\/\/prensa.sma.gob.ar\/index.php?rest_route=%2Fwp%2Fv2%2Ftags&post=6307"}],"curies":[{"name":"wp","href":"https:\/\/api.w.org\/{rel}","templated":true}]}}