{"id":6312,"date":"2025-04-01T13:52:42","date_gmt":"2025-04-01T13:52:42","guid":{"rendered":"https:\/\/prensa.sma.gob.ar\/?p=6312"},"modified":"2025-04-01T13:55:43","modified_gmt":"2025-04-01T13:55:43","slug":"lorena-gonzalez-asumio-como-subsecretaria-de-juntas-vecinales","status":"publish","type":"post","link":"https:\/\/prensa.sma.gob.ar\/?p=6312","title":{"rendered":"Lorena Gonz\u00e1lez asumi\u00f3 como subsecretaria de Juntas Vecinales"},"content":{"rendered":"\n<p>El intendente Carlos Saloniti design\u00f3 a Lorena Gonz\u00e1lez, trabajadora municipal desde hace 13 a\u00f1os, para ocupar la m\u00e1xima responsabilidad en la Subsecretar\u00eda de Juntas Vecinales.<\/p>\n\n\n\n<p>La nueva subsecretaria mantuvo este martes una primera reuni\u00f3n con el secretario de Gobierno, Federico Vita, para reforzar las l\u00edneas de trabajo basadas en la decisi\u00f3n de que el \u00e1rea sea el nexo con las comisiones vecinales y con el Consejo de Juntas Vecinales.<\/p>\n\n\n\n<p>Lorena Gonz\u00e1lez ingres\u00f3 por concurso al Municipio en 2012. Trabaj\u00f3 dos a\u00f1os en el \u00e1rea de Tesorer\u00eda, de la Secretar\u00eda de Econom\u00eda y Hacienda, y desde 2014 se desempe\u00f1a en Juntas Vecinales. Tras un per\u00edodo &nbsp;subrogando en el Concejo Deliberante Gonz\u00e1lez, tambi\u00e9n particip\u00f3 del equipo de guardias de la Secretar\u00eda de Desarrollo Social.<\/p>\n\n\n\n<p>Como jefa de \u00e1rea de Juntas Vecinales, la nueva Subsecretaria trabaj\u00f3 en el fortalecimiento del v\u00ednculo del Municipio con las vecinas y vecinos, articulando con las diferentes \u00e1reas operativas del Ejecutivo Municipal.<\/p>\n\n\n\n<figure class=\"wp-block-gallery has-nested-images columns-default is-cropped wp-block-gallery-1 is-layout-flex wp-block-gallery-is-layout-flex\">\n<figure class=\"wp-block-image size-large\"><img loading=\"lazy\" decoding=\"async\" width=\"1024\" height=\"573\" data-id=\"6315\" src=\"https:\/\/prensa.sma.gob.ar\/wp-content\/uploads\/2025\/04\/WhatsApp-Image-2025-04-01-at-09.37.33-1024x573.jpeg\" alt=\"\" class=\"wp-image-6315\" srcset=\"https:\/\/prensa.sma.gob.ar\/wp-content\/uploads\/2025\/04\/WhatsApp-Image-2025-04-01-at-09.37.33-1024x573.jpeg 1024w, https:\/\/prensa.sma.gob.ar\/wp-content\/uploads\/2025\/04\/WhatsApp-Image-2025-04-01-at-09.37.33-300x168.jpeg 300w, https:\/\/prensa.sma.gob.ar\/wp-content\/uploads\/2025\/04\/WhatsApp-Image-2025-04-01-at-09.37.33-768x430.jpeg 768w, https:\/\/prensa.sma.gob.ar\/wp-content\/uploads\/2025\/04\/WhatsApp-Image-2025-04-01-at-09.37.33-1536x860.jpeg 1536w, https:\/\/prensa.sma.gob.ar\/wp-content\/uploads\/2025\/04\/WhatsApp-Image-2025-04-01-at-09.37.33-750x420.jpeg 750w, https:\/\/prensa.sma.gob.ar\/wp-content\/uploads\/2025\/04\/WhatsApp-Image-2025-04-01-at-09.37.33-696x390.jpeg 696w, https:\/\/prensa.sma.gob.ar\/wp-content\/uploads\/2025\/04\/WhatsApp-Image-2025-04-01-at-09.37.33-1068x598.jpeg 1068w, https:\/\/prensa.sma.gob.ar\/wp-content\/uploads\/2025\/04\/WhatsApp-Image-2025-04-01-at-09.37.33.jpeg 1600w\" sizes=\"auto, (max-width: 1024px) 100vw, 1024px\" \/><\/figure>\n\n\n\n<figure class=\"wp-block-image size-large\"><img loading=\"lazy\" decoding=\"async\" width=\"1024\" height=\"576\" data-id=\"6313\" src=\"https:\/\/prensa.sma.gob.ar\/wp-content\/uploads\/2025\/04\/WhatsApp-Image-2025-04-01-at-09.37.34-1-1024x576.jpeg\" alt=\"\" class=\"wp-image-6313\" srcset=\"https:\/\/prensa.sma.gob.ar\/wp-content\/uploads\/2025\/04\/WhatsApp-Image-2025-04-01-at-09.37.34-1-1024x576.jpeg 1024w, https:\/\/prensa.sma.gob.ar\/wp-content\/uploads\/2025\/04\/WhatsApp-Image-2025-04-01-at-09.37.34-1-300x169.jpeg 300w, https:\/\/prensa.sma.gob.ar\/wp-content\/uploads\/2025\/04\/WhatsApp-Image-2025-04-01-at-09.37.34-1-768x432.jpeg 768w, https:\/\/prensa.sma.gob.ar\/wp-content\/uploads\/2025\/04\/WhatsApp-Image-2025-04-01-at-09.37.34-1-1536x864.jpeg 1536w, https:\/\/prensa.sma.gob.ar\/wp-content\/uploads\/2025\/04\/WhatsApp-Image-2025-04-01-at-09.37.34-1-747x420.jpeg 747w, https:\/\/prensa.sma.gob.ar\/wp-content\/uploads\/2025\/04\/WhatsApp-Image-2025-04-01-at-09.37.34-1-696x392.jpeg 696w, https:\/\/prensa.sma.gob.ar\/wp-content\/uploads\/2025\/04\/WhatsApp-Image-2025-04-01-at-09.37.34-1-1068x601.jpeg 1068w, https:\/\/prensa.sma.gob.ar\/wp-content\/uploads\/2025\/04\/WhatsApp-Image-2025-04-01-at-09.37.34-1.jpeg 1600w\" sizes=\"auto, (max-width: 1024px) 100vw, 1024px\" \/><\/figure>\n\n\n\n<figure class=\"wp-block-image size-large\"><img loading=\"lazy\" decoding=\"async\" width=\"1024\" height=\"598\" data-id=\"6314\" src=\"https:\/\/prensa.sma.gob.ar\/wp-content\/uploads\/2025\/04\/WhatsApp-Image-2025-04-01-at-09.37.34-1024x598.jpeg\" alt=\"\" class=\"wp-image-6314\" srcset=\"https:\/\/prensa.sma.gob.ar\/wp-content\/uploads\/2025\/04\/WhatsApp-Image-2025-04-01-at-09.37.34-1024x598.jpeg 1024w, https:\/\/prensa.sma.gob.ar\/wp-content\/uploads\/2025\/04\/WhatsApp-Image-2025-04-01-at-09.37.34-300x175.jpeg 300w, https:\/\/prensa.sma.gob.ar\/wp-content\/uploads\/2025\/04\/WhatsApp-Image-2025-04-01-at-09.37.34-768x449.jpeg 768w, https:\/\/prensa.sma.gob.ar\/wp-content\/uploads\/2025\/04\/WhatsApp-Image-2025-04-01-at-09.37.34-1536x898.jpeg 1536w, https:\/\/prensa.sma.gob.ar\/wp-content\/uploads\/2025\/04\/WhatsApp-Image-2025-04-01-at-09.37.34-719x420.jpeg 719w, https:\/\/prensa.sma.gob.ar\/wp-content\/uploads\/2025\/04\/WhatsApp-Image-2025-04-01-at-09.37.34-696x407.jpeg 696w, https:\/\/prensa.sma.gob.ar\/wp-content\/uploads\/2025\/04\/WhatsApp-Image-2025-04-01-at-09.37.34-1068x624.jpeg 1068w, https:\/\/prensa.sma.gob.ar\/wp-content\/uploads\/2025\/04\/WhatsApp-Image-2025-04-01-at-09.37.34.jpeg 1600w\" sizes=\"auto, (max-width: 1024px) 100vw, 1024px\" \/><\/figure>\n<\/figure>\n","protected":false},"excerpt":{"rendered":"<p>El intendente Carlos Saloniti design\u00f3 a Lorena Gonz\u00e1lez, trabajadora municipal desde hace 13 a\u00f1os, para ocupar la m\u00e1xima responsabilidad en la Subsecretar\u00eda de Juntas Vecinales. La nueva subsecretaria mantuvo este martes una primera reuni\u00f3n con el secretario de Gobierno, Federico Vita, para reforzar las l\u00edneas de trabajo basadas en la decisi\u00f3n de que el \u00e1rea [&hellip;]<\/p>\n","protected":false},"author":2,"featured_media":6314,"comment_status":"closed","ping_status":"open","sticky":false,"template":"","format":"standard","meta":{"footnotes":""},"categories":[16,11,39,14],"tags":[],"class_list":{"0":"post-6312","1":"post","2":"type-post","3":"status-publish","4":"format-standard","5":"has-post-thumbnail","7":"category-destacadas","8":"category-gobierno","9":"category-subs-juntas-vecinales","10":"category-noticias"},"_links":{"self":[{"href":"https:\/\/prensa.sma.gob.ar\/index.php?rest_route=\/wp\/v2\/posts\/6312","targetHints":{"allow":["GET"]}}],"collection":[{"href":"https:\/\/prensa.sma.gob.ar\/index.php?rest_route=\/wp\/v2\/posts"}],"about":[{"href":"https:\/\/prensa.sma.gob.ar\/index.php?rest_route=\/wp\/v2\/types\/post"}],"author":[{"embeddable":true,"href":"https:\/\/prensa.sma.gob.ar\/index.php?rest_route=\/wp\/v2\/users\/2"}],"replies":[{"embeddable":true,"href":"https:\/\/prensa.sma.gob.ar\/index.php?rest_route=%2Fwp%2Fv2%2Fcomments&post=6312"}],"version-history":[{"count":1,"href":"https:\/\/prensa.sma.gob.ar\/index.php?rest_route=\/wp\/v2\/posts\/6312\/revisions"}],"predecessor-version":[{"id":6316,"href":"https:\/\/prensa.sma.gob.ar\/index.php?rest_route=\/wp\/v2\/posts\/6312\/revisions\/6316"}],"wp:featuredmedia":[{"embeddable":true,"href":"https:\/\/prensa.sma.gob.ar\/index.php?rest_route=\/wp\/v2\/media\/6314"}],"wp:attachment":[{"href":"https:\/\/prensa.sma.gob.ar\/index.php?rest_route=%2Fwp%2Fv2%2Fmedia&parent=6312"}],"wp:term":[{"taxonomy":"category","embeddable":true,"href":"https:\/\/prensa.sma.gob.ar\/index.php?rest_route=%2Fwp%2Fv2%2Fcategories&post=6312"},{"taxonomy":"post_tag","embeddable":true,"href":"https:\/\/prensa.sma.gob.ar\/index.php?rest_route=%2Fwp%2Fv2%2Ftags&post=6312"}],"curies":[{"name":"wp","href":"https:\/\/api.w.org\/{rel}","templated":true}]}}