{"id":6317,"date":"2025-04-01T18:22:05","date_gmt":"2025-04-01T18:22:05","guid":{"rendered":"https:\/\/prensa.sma.gob.ar\/?p=6317"},"modified":"2025-04-01T22:03:02","modified_gmt":"2025-04-01T22:03:02","slug":"el-intendente-saloniti-firmo-el-convenio-para-el-financiamiento-de-la-red-de-gas-en-valle-chapelco","status":"publish","type":"post","link":"https:\/\/prensa.sma.gob.ar\/?p=6317","title":{"rendered":"El intendente Saloniti firm\u00f3 el convenio para el financiamiento de la red de gas en Valle Chapelco"},"content":{"rendered":"\n<p>El intendente Municipal, Carlos Saloniti, firm\u00f3 este martes en Neuqu\u00e9n un convenio por un aporte reintegrable ante el Gobierno de la Provincia del Neuqu\u00e9n que ser\u00e1n destinados a la instalaci\u00f3n de la red de gas en el Barrio Valle Chapelco.<\/p>\n\n\n\n<p>El convenio permitir\u00e1 dotar de gas natural a las 350 familias que habitan en Valle Chapelco, quienes actualmente dependen de sistemas de calefacci\u00f3n alternativos como la le\u00f1a, lo que implica mayores costos y riesgos. La obra ya cuenta con la aprobaci\u00f3n de Camuzzi Gas del Sur S.A.<\/p>\n\n\n\n<p>El pr\u00e9stamo devengar\u00e1 intereses a una tasa variable, con un margen fijo que no superar\u00e1 el 4% nominal anual. Como garant\u00eda, el municipio podr\u00e1 afectar recursos de transferencias autom\u00e1ticas y otros ingresos de libre disponibilidad.<\/p>\n\n\n\n<p>El intendente Saloniti destac\u00f3 la importancia de este convenio para beneficiar a las familias sanmartinenses del barrio y agradeci\u00f3 la respuesta del Gobierno provincial a esta demanda, que se materializar\u00e1 con un esquema de financiamiento sostenible.<\/p>\n\n\n\n<figure class=\"wp-block-gallery has-nested-images columns-default is-cropped wp-block-gallery-1 is-layout-flex wp-block-gallery-is-layout-flex\">\n<figure class=\"wp-block-image size-large\"><img loading=\"lazy\" decoding=\"async\" width=\"1024\" height=\"708\" data-id=\"6321\" src=\"https:\/\/prensa.sma.gob.ar\/wp-content\/uploads\/2025\/04\/IMG-20250401-WA0134-1024x708.jpg\" alt=\"\" class=\"wp-image-6321\" srcset=\"https:\/\/prensa.sma.gob.ar\/wp-content\/uploads\/2025\/04\/IMG-20250401-WA0134-1024x708.jpg 1024w, https:\/\/prensa.sma.gob.ar\/wp-content\/uploads\/2025\/04\/IMG-20250401-WA0134-300x208.jpg 300w, https:\/\/prensa.sma.gob.ar\/wp-content\/uploads\/2025\/04\/IMG-20250401-WA0134-768x531.jpg 768w, https:\/\/prensa.sma.gob.ar\/wp-content\/uploads\/2025\/04\/IMG-20250401-WA0134-1536x1063.jpg 1536w, https:\/\/prensa.sma.gob.ar\/wp-content\/uploads\/2025\/04\/IMG-20250401-WA0134-607x420.jpg 607w, https:\/\/prensa.sma.gob.ar\/wp-content\/uploads\/2025\/04\/IMG-20250401-WA0134-218x150.jpg 218w, https:\/\/prensa.sma.gob.ar\/wp-content\/uploads\/2025\/04\/IMG-20250401-WA0134-696x482.jpg 696w, https:\/\/prensa.sma.gob.ar\/wp-content\/uploads\/2025\/04\/IMG-20250401-WA0134-1068x739.jpg 1068w, https:\/\/prensa.sma.gob.ar\/wp-content\/uploads\/2025\/04\/IMG-20250401-WA0134.jpg 1600w\" sizes=\"auto, (max-width: 1024px) 100vw, 1024px\" \/><\/figure>\n\n\n\n<figure class=\"wp-block-image size-large\"><img loading=\"lazy\" decoding=\"async\" width=\"1024\" height=\"755\" data-id=\"6318\" src=\"https:\/\/prensa.sma.gob.ar\/wp-content\/uploads\/2025\/04\/IMG-20250401-WA0133-1024x755.jpg\" alt=\"\" class=\"wp-image-6318\" srcset=\"https:\/\/prensa.sma.gob.ar\/wp-content\/uploads\/2025\/04\/IMG-20250401-WA0133-1024x755.jpg 1024w, https:\/\/prensa.sma.gob.ar\/wp-content\/uploads\/2025\/04\/IMG-20250401-WA0133-300x221.jpg 300w, https:\/\/prensa.sma.gob.ar\/wp-content\/uploads\/2025\/04\/IMG-20250401-WA0133-768x566.jpg 768w, https:\/\/prensa.sma.gob.ar\/wp-content\/uploads\/2025\/04\/IMG-20250401-WA0133-1536x1132.jpg 1536w, https:\/\/prensa.sma.gob.ar\/wp-content\/uploads\/2025\/04\/IMG-20250401-WA0133-570x420.jpg 570w, https:\/\/prensa.sma.gob.ar\/wp-content\/uploads\/2025\/04\/IMG-20250401-WA0133-80x60.jpg 80w, https:\/\/prensa.sma.gob.ar\/wp-content\/uploads\/2025\/04\/IMG-20250401-WA0133-696x513.jpg 696w, https:\/\/prensa.sma.gob.ar\/wp-content\/uploads\/2025\/04\/IMG-20250401-WA0133-1068x787.jpg 1068w, https:\/\/prensa.sma.gob.ar\/wp-content\/uploads\/2025\/04\/IMG-20250401-WA0133.jpg 1600w\" sizes=\"auto, (max-width: 1024px) 100vw, 1024px\" \/><\/figure>\n\n\n\n<figure class=\"wp-block-image size-large\"><img loading=\"lazy\" decoding=\"async\" width=\"1024\" height=\"684\" data-id=\"6319\" src=\"https:\/\/prensa.sma.gob.ar\/wp-content\/uploads\/2025\/04\/IMG-20250401-WA0136-1024x684.jpg\" alt=\"\" class=\"wp-image-6319\" srcset=\"https:\/\/prensa.sma.gob.ar\/wp-content\/uploads\/2025\/04\/IMG-20250401-WA0136-1024x684.jpg 1024w, https:\/\/prensa.sma.gob.ar\/wp-content\/uploads\/2025\/04\/IMG-20250401-WA0136-300x200.jpg 300w, https:\/\/prensa.sma.gob.ar\/wp-content\/uploads\/2025\/04\/IMG-20250401-WA0136-768x513.jpg 768w, https:\/\/prensa.sma.gob.ar\/wp-content\/uploads\/2025\/04\/IMG-20250401-WA0136-1536x1026.jpg 1536w, https:\/\/prensa.sma.gob.ar\/wp-content\/uploads\/2025\/04\/IMG-20250401-WA0136-629x420.jpg 629w, https:\/\/prensa.sma.gob.ar\/wp-content\/uploads\/2025\/04\/IMG-20250401-WA0136-696x465.jpg 696w, https:\/\/prensa.sma.gob.ar\/wp-content\/uploads\/2025\/04\/IMG-20250401-WA0136-1068x714.jpg 1068w, https:\/\/prensa.sma.gob.ar\/wp-content\/uploads\/2025\/04\/IMG-20250401-WA0136.jpg 1600w\" sizes=\"auto, (max-width: 1024px) 100vw, 1024px\" \/><\/figure>\n<\/figure>\n","protected":false},"excerpt":{"rendered":"<p>El intendente Municipal, Carlos Saloniti, firm\u00f3 este martes en Neuqu\u00e9n un convenio por un aporte reintegrable ante el Gobierno de la Provincia del Neuqu\u00e9n que ser\u00e1n destinados a la instalaci\u00f3n de la red de gas en el Barrio Valle Chapelco. El convenio permitir\u00e1 dotar de gas natural a las 350 familias que habitan en Valle [&hellip;]<\/p>\n","protected":false},"author":2,"featured_media":6320,"comment_status":"closed","ping_status":"open","sticky":false,"template":"","format":"standard","meta":{"footnotes":""},"categories":[16,39,14,19,17],"tags":[],"class_list":{"0":"post-6317","1":"post","2":"type-post","3":"status-publish","4":"format-standard","5":"has-post-thumbnail","7":"category-destacadas","8":"category-subs-juntas-vecinales","9":"category-noticias","10":"category-obras-y-servicios-publicos","11":"category-portada"},"_links":{"self":[{"href":"https:\/\/prensa.sma.gob.ar\/index.php?rest_route=\/wp\/v2\/posts\/6317","targetHints":{"allow":["GET"]}}],"collection":[{"href":"https:\/\/prensa.sma.gob.ar\/index.php?rest_route=\/wp\/v2\/posts"}],"about":[{"href":"https:\/\/prensa.sma.gob.ar\/index.php?rest_route=\/wp\/v2\/types\/post"}],"author":[{"embeddable":true,"href":"https:\/\/prensa.sma.gob.ar\/index.php?rest_route=\/wp\/v2\/users\/2"}],"replies":[{"embeddable":true,"href":"https:\/\/prensa.sma.gob.ar\/index.php?rest_route=%2Fwp%2Fv2%2Fcomments&post=6317"}],"version-history":[{"count":1,"href":"https:\/\/prensa.sma.gob.ar\/index.php?rest_route=\/wp\/v2\/posts\/6317\/revisions"}],"predecessor-version":[{"id":6322,"href":"https:\/\/prensa.sma.gob.ar\/index.php?rest_route=\/wp\/v2\/posts\/6317\/revisions\/6322"}],"wp:featuredmedia":[{"embeddable":true,"href":"https:\/\/prensa.sma.gob.ar\/index.php?rest_route=\/wp\/v2\/media\/6320"}],"wp:attachment":[{"href":"https:\/\/prensa.sma.gob.ar\/index.php?rest_route=%2Fwp%2Fv2%2Fmedia&parent=6317"}],"wp:term":[{"taxonomy":"category","embeddable":true,"href":"https:\/\/prensa.sma.gob.ar\/index.php?rest_route=%2Fwp%2Fv2%2Fcategories&post=6317"},{"taxonomy":"post_tag","embeddable":true,"href":"https:\/\/prensa.sma.gob.ar\/index.php?rest_route=%2Fwp%2Fv2%2Ftags&post=6317"}],"curies":[{"name":"wp","href":"https:\/\/api.w.org\/{rel}","templated":true}]}}