{"id":6371,"date":"2025-04-02T22:43:35","date_gmt":"2025-04-02T22:43:35","guid":{"rendered":"https:\/\/prensa.sma.gob.ar\/?p=6371"},"modified":"2025-04-03T11:23:02","modified_gmt":"2025-04-03T11:23:02","slug":"gran-concurrencia-y-mucha-emocion-en-el-dia-del-veterano-y-de-los-caidos-en-la-guerra-de-las-malvinas","status":"publish","type":"post","link":"https:\/\/prensa.sma.gob.ar\/?p=6371","title":{"rendered":"Gran concurrencia y mucha emoci\u00f3n en el D\u00eda del Veterano y de los Ca\u00eddos en la Guerra de las Malvinas"},"content":{"rendered":"\n<p>Una gran concurrencia de vecinas y vecinos acompa\u00f1\u00f3 este mi\u00e9rcoles a los excombatientes de la Guerra de Malvinas, al cumplirse el 43\u00b0 aniversario del comienzo de las acciones militares en el Atl\u00e1ntico Sur argentino.<\/p>\n\n\n\n<p>El acto incluy\u00f3 las actividades principales en la plaza San Mart\u00edn, la inauguraci\u00f3n de un monumento en Av. Costanera y Juez del Valle y la colocaci\u00f3n de una ofrenda floral en el aeropuerto Aviador Carlos Campos.<\/p>\n\n\n\n<p>Los testimonios de los veteranos de la Guerra, las an\u00e9cdotas, el minuto de silencio, la entrega de obsequios y la colocaci\u00f3n de ofrendas florales dio un marco de mucha emoci\u00f3n entre quienes asistieron al acto que, complemento de la emotividad que, en la noche anterior, hab\u00eda tenido la Vigilia por Malvinas.<\/p>\n\n\n\n<figure class=\"wp-block-gallery has-nested-images columns-default is-cropped wp-block-gallery-1 is-layout-flex wp-block-gallery-is-layout-flex\">\n<figure class=\"wp-block-image size-large\"><img loading=\"lazy\" decoding=\"async\" width=\"1024\" height=\"576\" data-id=\"6415\" src=\"https:\/\/prensa.sma.gob.ar\/wp-content\/uploads\/2025\/04\/WhatsApp-Image-2025-04-02-at-13.28.52-1024x576.jpeg\" alt=\"\" class=\"wp-image-6415\" srcset=\"https:\/\/prensa.sma.gob.ar\/wp-content\/uploads\/2025\/04\/WhatsApp-Image-2025-04-02-at-13.28.52-1024x576.jpeg 1024w, https:\/\/prensa.sma.gob.ar\/wp-content\/uploads\/2025\/04\/WhatsApp-Image-2025-04-02-at-13.28.52-300x169.jpeg 300w, https:\/\/prensa.sma.gob.ar\/wp-content\/uploads\/2025\/04\/WhatsApp-Image-2025-04-02-at-13.28.52-768x432.jpeg 768w, https:\/\/prensa.sma.gob.ar\/wp-content\/uploads\/2025\/04\/WhatsApp-Image-2025-04-02-at-13.28.52-1536x864.jpeg 1536w, https:\/\/prensa.sma.gob.ar\/wp-content\/uploads\/2025\/04\/WhatsApp-Image-2025-04-02-at-13.28.52-747x420.jpeg 747w, https:\/\/prensa.sma.gob.ar\/wp-content\/uploads\/2025\/04\/WhatsApp-Image-2025-04-02-at-13.28.52-696x392.jpeg 696w, https:\/\/prensa.sma.gob.ar\/wp-content\/uploads\/2025\/04\/WhatsApp-Image-2025-04-02-at-13.28.52-1068x601.jpeg 1068w, https:\/\/prensa.sma.gob.ar\/wp-content\/uploads\/2025\/04\/WhatsApp-Image-2025-04-02-at-13.28.52.jpeg 1600w\" sizes=\"auto, (max-width: 1024px) 100vw, 1024px\" \/><\/figure>\n\n\n\n<figure class=\"wp-block-image size-large\"><img loading=\"lazy\" decoding=\"async\" width=\"1024\" height=\"576\" data-id=\"6414\" src=\"https:\/\/prensa.sma.gob.ar\/wp-content\/uploads\/2025\/04\/WhatsApp-Image-2025-04-02-at-13.28.54-1024x576.jpeg\" alt=\"\" class=\"wp-image-6414\" srcset=\"https:\/\/prensa.sma.gob.ar\/wp-content\/uploads\/2025\/04\/WhatsApp-Image-2025-04-02-at-13.28.54-1024x576.jpeg 1024w, https:\/\/prensa.sma.gob.ar\/wp-content\/uploads\/2025\/04\/WhatsApp-Image-2025-04-02-at-13.28.54-300x169.jpeg 300w, https:\/\/prensa.sma.gob.ar\/wp-content\/uploads\/2025\/04\/WhatsApp-Image-2025-04-02-at-13.28.54-768x432.jpeg 768w, https:\/\/prensa.sma.gob.ar\/wp-content\/uploads\/2025\/04\/WhatsApp-Image-2025-04-02-at-13.28.54-1536x864.jpeg 1536w, https:\/\/prensa.sma.gob.ar\/wp-content\/uploads\/2025\/04\/WhatsApp-Image-2025-04-02-at-13.28.54-747x420.jpeg 747w, https:\/\/prensa.sma.gob.ar\/wp-content\/uploads\/2025\/04\/WhatsApp-Image-2025-04-02-at-13.28.54-696x392.jpeg 696w, https:\/\/prensa.sma.gob.ar\/wp-content\/uploads\/2025\/04\/WhatsApp-Image-2025-04-02-at-13.28.54-1068x601.jpeg 1068w, https:\/\/prensa.sma.gob.ar\/wp-content\/uploads\/2025\/04\/WhatsApp-Image-2025-04-02-at-13.28.54.jpeg 1600w\" sizes=\"auto, (max-width: 1024px) 100vw, 1024px\" \/><\/figure>\n\n\n\n<figure class=\"wp-block-image size-large\"><img loading=\"lazy\" decoding=\"async\" width=\"1024\" height=\"576\" data-id=\"6413\" src=\"https:\/\/prensa.sma.gob.ar\/wp-content\/uploads\/2025\/04\/WhatsApp-Image-2025-04-02-at-13.28.551-1024x576.jpeg\" alt=\"\" class=\"wp-image-6413\" srcset=\"https:\/\/prensa.sma.gob.ar\/wp-content\/uploads\/2025\/04\/WhatsApp-Image-2025-04-02-at-13.28.551-1024x576.jpeg 1024w, https:\/\/prensa.sma.gob.ar\/wp-content\/uploads\/2025\/04\/WhatsApp-Image-2025-04-02-at-13.28.551-300x169.jpeg 300w, https:\/\/prensa.sma.gob.ar\/wp-content\/uploads\/2025\/04\/WhatsApp-Image-2025-04-02-at-13.28.551-768x432.jpeg 768w, https:\/\/prensa.sma.gob.ar\/wp-content\/uploads\/2025\/04\/WhatsApp-Image-2025-04-02-at-13.28.551-1536x864.jpeg 1536w, https:\/\/prensa.sma.gob.ar\/wp-content\/uploads\/2025\/04\/WhatsApp-Image-2025-04-02-at-13.28.551-747x420.jpeg 747w, https:\/\/prensa.sma.gob.ar\/wp-content\/uploads\/2025\/04\/WhatsApp-Image-2025-04-02-at-13.28.551-696x392.jpeg 696w, https:\/\/prensa.sma.gob.ar\/wp-content\/uploads\/2025\/04\/WhatsApp-Image-2025-04-02-at-13.28.551-1068x601.jpeg 1068w, https:\/\/prensa.sma.gob.ar\/wp-content\/uploads\/2025\/04\/WhatsApp-Image-2025-04-02-at-13.28.551.jpeg 1600w\" sizes=\"auto, (max-width: 1024px) 100vw, 1024px\" \/><\/figure>\n\n\n\n<figure class=\"wp-block-image size-large\"><img loading=\"lazy\" decoding=\"async\" width=\"1024\" height=\"555\" data-id=\"6412\" src=\"https:\/\/prensa.sma.gob.ar\/wp-content\/uploads\/2025\/04\/WhatsApp-Image-2025-04-02-at-13.28.552-1024x555.jpeg\" alt=\"\" class=\"wp-image-6412\" srcset=\"https:\/\/prensa.sma.gob.ar\/wp-content\/uploads\/2025\/04\/WhatsApp-Image-2025-04-02-at-13.28.552-1024x555.jpeg 1024w, https:\/\/prensa.sma.gob.ar\/wp-content\/uploads\/2025\/04\/WhatsApp-Image-2025-04-02-at-13.28.552-300x163.jpeg 300w, https:\/\/prensa.sma.gob.ar\/wp-content\/uploads\/2025\/04\/WhatsApp-Image-2025-04-02-at-13.28.552-768x416.jpeg 768w, https:\/\/prensa.sma.gob.ar\/wp-content\/uploads\/2025\/04\/WhatsApp-Image-2025-04-02-at-13.28.552-1536x832.jpeg 1536w, https:\/\/prensa.sma.gob.ar\/wp-content\/uploads\/2025\/04\/WhatsApp-Image-2025-04-02-at-13.28.552-775x420.jpeg 775w, https:\/\/prensa.sma.gob.ar\/wp-content\/uploads\/2025\/04\/WhatsApp-Image-2025-04-02-at-13.28.552-696x377.jpeg 696w, https:\/\/prensa.sma.gob.ar\/wp-content\/uploads\/2025\/04\/WhatsApp-Image-2025-04-02-at-13.28.552-1068x579.jpeg 1068w, https:\/\/prensa.sma.gob.ar\/wp-content\/uploads\/2025\/04\/WhatsApp-Image-2025-04-02-at-13.28.552.jpeg 1600w\" sizes=\"auto, (max-width: 1024px) 100vw, 1024px\" \/><\/figure>\n\n\n\n<figure class=\"wp-block-image size-large\"><img loading=\"lazy\" decoding=\"async\" width=\"1024\" height=\"576\" data-id=\"6411\" src=\"https:\/\/prensa.sma.gob.ar\/wp-content\/uploads\/2025\/04\/WhatsApp-Image-2025-04-02-at-13.28.56-1024x576.jpeg\" alt=\"\" class=\"wp-image-6411\" srcset=\"https:\/\/prensa.sma.gob.ar\/wp-content\/uploads\/2025\/04\/WhatsApp-Image-2025-04-02-at-13.28.56-1024x576.jpeg 1024w, https:\/\/prensa.sma.gob.ar\/wp-content\/uploads\/2025\/04\/WhatsApp-Image-2025-04-02-at-13.28.56-300x169.jpeg 300w, https:\/\/prensa.sma.gob.ar\/wp-content\/uploads\/2025\/04\/WhatsApp-Image-2025-04-02-at-13.28.56-768x432.jpeg 768w, https:\/\/prensa.sma.gob.ar\/wp-content\/uploads\/2025\/04\/WhatsApp-Image-2025-04-02-at-13.28.56-1536x864.jpeg 1536w, https:\/\/prensa.sma.gob.ar\/wp-content\/uploads\/2025\/04\/WhatsApp-Image-2025-04-02-at-13.28.56-747x420.jpeg 747w, https:\/\/prensa.sma.gob.ar\/wp-content\/uploads\/2025\/04\/WhatsApp-Image-2025-04-02-at-13.28.56-696x392.jpeg 696w, https:\/\/prensa.sma.gob.ar\/wp-content\/uploads\/2025\/04\/WhatsApp-Image-2025-04-02-at-13.28.56-1068x601.jpeg 1068w, https:\/\/prensa.sma.gob.ar\/wp-content\/uploads\/2025\/04\/WhatsApp-Image-2025-04-02-at-13.28.56.jpeg 1600w\" sizes=\"auto, (max-width: 1024px) 100vw, 1024px\" \/><\/figure>\n\n\n\n<figure class=\"wp-block-image size-large\"><img loading=\"lazy\" decoding=\"async\" width=\"1024\" height=\"576\" data-id=\"6410\" src=\"https:\/\/prensa.sma.gob.ar\/wp-content\/uploads\/2025\/04\/WhatsApp-Image-2025-04-02-at-13.28.561-1024x576.jpeg\" alt=\"\" class=\"wp-image-6410\" srcset=\"https:\/\/prensa.sma.gob.ar\/wp-content\/uploads\/2025\/04\/WhatsApp-Image-2025-04-02-at-13.28.561-1024x576.jpeg 1024w, https:\/\/prensa.sma.gob.ar\/wp-content\/uploads\/2025\/04\/WhatsApp-Image-2025-04-02-at-13.28.561-300x169.jpeg 300w, https:\/\/prensa.sma.gob.ar\/wp-content\/uploads\/2025\/04\/WhatsApp-Image-2025-04-02-at-13.28.561-768x432.jpeg 768w, https:\/\/prensa.sma.gob.ar\/wp-content\/uploads\/2025\/04\/WhatsApp-Image-2025-04-02-at-13.28.561-1536x864.jpeg 1536w, https:\/\/prensa.sma.gob.ar\/wp-content\/uploads\/2025\/04\/WhatsApp-Image-2025-04-02-at-13.28.561-747x420.jpeg 747w, https:\/\/prensa.sma.gob.ar\/wp-content\/uploads\/2025\/04\/WhatsApp-Image-2025-04-02-at-13.28.561-696x392.jpeg 696w, https:\/\/prensa.sma.gob.ar\/wp-content\/uploads\/2025\/04\/WhatsApp-Image-2025-04-02-at-13.28.561-1068x601.jpeg 1068w, https:\/\/prensa.sma.gob.ar\/wp-content\/uploads\/2025\/04\/WhatsApp-Image-2025-04-02-at-13.28.561.jpeg 1600w\" sizes=\"auto, (max-width: 1024px) 100vw, 1024px\" \/><\/figure>\n<\/figure>\n\n\n\n<p>Asistieron o estuvieron representados los excombatientes residentes en San Mart\u00edn de los Andes Jos\u00e9 Gabriel Beber; Jorge Alberto Bisso; Alberto Bruno; Oscar Eduardo Castro; Antonio Agust\u00edn Duarte; Rafael Jorge Hern\u00e1ndez; Ernesto Pablo Hrvatin; Alberto Faustino Mirabal; Mario C\u00e9sar Orozco; Miguel \u00c1ngel Puentes; Luis San Martin; Antonio Daniel V\u00e1zquez; Jos\u00e9 Eduardo Videla y Walter Diego Zamora. Los nombres de cada uno de ellos quedaron plasmados en un monumento donado por la filial local del club Estudiantes de La Plata.<\/p>\n\n\n\n<p>Entre otras autoridades, asistieron la vicepresidente primera del Concejo Deliberante, Mar\u00eda Laura Da Pieve, en representaci\u00f3n del intendente Carlos Saloniti, quien asisti\u00f3 a reuniones en la ciudad de Neuqu\u00e9n; la intendente del Parque Nacional Lanin, Mar\u00eda de las Nieves Monin Aquin; secretarios y subsecretarios del Ejecutivo Municipal; concejales; jefes de las fuerzas de seguridad en nuestra ciudad; autoridades del Poder Judicial; abanderados de escuelas y representantes de varias instituciones provinciales y municipales. Las interpretaciones del Himno Nacional Argentino, del Himno de la provincia de Neuqu\u00e9n, de la Marcha de Malvinas estuvieron a cargo de la fanfarria militar \u201cEl Hinojal\u201d, del Regimiento de Caballer\u00eda de Exploraci\u00f3n de Monta\u00f1a 4 \u201cCoracero General Lavalle\u201d, dirigida por el mayor Alejandro Daniel Gallo.<\/p>\n\n\n\n<figure class=\"wp-block-gallery has-nested-images columns-default is-cropped wp-block-gallery-2 is-layout-flex wp-block-gallery-is-layout-flex\">\n<figure class=\"wp-block-image size-large\"><img loading=\"lazy\" decoding=\"async\" width=\"1024\" height=\"544\" data-id=\"6409\" src=\"https:\/\/prensa.sma.gob.ar\/wp-content\/uploads\/2025\/04\/WhatsApp-Image-2025-04-02-at-13.28.57-1024x544.jpeg\" alt=\"\" class=\"wp-image-6409\" srcset=\"https:\/\/prensa.sma.gob.ar\/wp-content\/uploads\/2025\/04\/WhatsApp-Image-2025-04-02-at-13.28.57-1024x544.jpeg 1024w, https:\/\/prensa.sma.gob.ar\/wp-content\/uploads\/2025\/04\/WhatsApp-Image-2025-04-02-at-13.28.57-300x159.jpeg 300w, https:\/\/prensa.sma.gob.ar\/wp-content\/uploads\/2025\/04\/WhatsApp-Image-2025-04-02-at-13.28.57-768x408.jpeg 768w, https:\/\/prensa.sma.gob.ar\/wp-content\/uploads\/2025\/04\/WhatsApp-Image-2025-04-02-at-13.28.57-1536x816.jpeg 1536w, https:\/\/prensa.sma.gob.ar\/wp-content\/uploads\/2025\/04\/WhatsApp-Image-2025-04-02-at-13.28.57-791x420.jpeg 791w, https:\/\/prensa.sma.gob.ar\/wp-content\/uploads\/2025\/04\/WhatsApp-Image-2025-04-02-at-13.28.57-696x370.jpeg 696w, https:\/\/prensa.sma.gob.ar\/wp-content\/uploads\/2025\/04\/WhatsApp-Image-2025-04-02-at-13.28.57-1068x567.jpeg 1068w, https:\/\/prensa.sma.gob.ar\/wp-content\/uploads\/2025\/04\/WhatsApp-Image-2025-04-02-at-13.28.57.jpeg 1600w\" sizes=\"auto, (max-width: 1024px) 100vw, 1024px\" \/><\/figure>\n\n\n\n<figure class=\"wp-block-image size-large\"><img loading=\"lazy\" decoding=\"async\" width=\"1024\" height=\"576\" data-id=\"6408\" src=\"https:\/\/prensa.sma.gob.ar\/wp-content\/uploads\/2025\/04\/WhatsApp-Image-2025-04-02-at-13.28.571-1024x576.jpeg\" alt=\"\" class=\"wp-image-6408\" srcset=\"https:\/\/prensa.sma.gob.ar\/wp-content\/uploads\/2025\/04\/WhatsApp-Image-2025-04-02-at-13.28.571-1024x576.jpeg 1024w, https:\/\/prensa.sma.gob.ar\/wp-content\/uploads\/2025\/04\/WhatsApp-Image-2025-04-02-at-13.28.571-300x169.jpeg 300w, https:\/\/prensa.sma.gob.ar\/wp-content\/uploads\/2025\/04\/WhatsApp-Image-2025-04-02-at-13.28.571-768x432.jpeg 768w, https:\/\/prensa.sma.gob.ar\/wp-content\/uploads\/2025\/04\/WhatsApp-Image-2025-04-02-at-13.28.571-1536x864.jpeg 1536w, https:\/\/prensa.sma.gob.ar\/wp-content\/uploads\/2025\/04\/WhatsApp-Image-2025-04-02-at-13.28.571-747x420.jpeg 747w, https:\/\/prensa.sma.gob.ar\/wp-content\/uploads\/2025\/04\/WhatsApp-Image-2025-04-02-at-13.28.571-696x392.jpeg 696w, https:\/\/prensa.sma.gob.ar\/wp-content\/uploads\/2025\/04\/WhatsApp-Image-2025-04-02-at-13.28.571-1068x601.jpeg 1068w, https:\/\/prensa.sma.gob.ar\/wp-content\/uploads\/2025\/04\/WhatsApp-Image-2025-04-02-at-13.28.571.jpeg 1600w\" sizes=\"auto, (max-width: 1024px) 100vw, 1024px\" \/><\/figure>\n\n\n\n<figure class=\"wp-block-image size-large\"><img loading=\"lazy\" decoding=\"async\" width=\"1024\" height=\"576\" data-id=\"6407\" src=\"https:\/\/prensa.sma.gob.ar\/wp-content\/uploads\/2025\/04\/WhatsApp-Image-2025-04-02-at-13.28.58-1024x576.jpeg\" alt=\"\" class=\"wp-image-6407\" srcset=\"https:\/\/prensa.sma.gob.ar\/wp-content\/uploads\/2025\/04\/WhatsApp-Image-2025-04-02-at-13.28.58-1024x576.jpeg 1024w, https:\/\/prensa.sma.gob.ar\/wp-content\/uploads\/2025\/04\/WhatsApp-Image-2025-04-02-at-13.28.58-300x169.jpeg 300w, https:\/\/prensa.sma.gob.ar\/wp-content\/uploads\/2025\/04\/WhatsApp-Image-2025-04-02-at-13.28.58-768x432.jpeg 768w, https:\/\/prensa.sma.gob.ar\/wp-content\/uploads\/2025\/04\/WhatsApp-Image-2025-04-02-at-13.28.58-1536x864.jpeg 1536w, https:\/\/prensa.sma.gob.ar\/wp-content\/uploads\/2025\/04\/WhatsApp-Image-2025-04-02-at-13.28.58-747x420.jpeg 747w, https:\/\/prensa.sma.gob.ar\/wp-content\/uploads\/2025\/04\/WhatsApp-Image-2025-04-02-at-13.28.58-696x392.jpeg 696w, https:\/\/prensa.sma.gob.ar\/wp-content\/uploads\/2025\/04\/WhatsApp-Image-2025-04-02-at-13.28.58-1068x601.jpeg 1068w, https:\/\/prensa.sma.gob.ar\/wp-content\/uploads\/2025\/04\/WhatsApp-Image-2025-04-02-at-13.28.58.jpeg 1600w\" sizes=\"auto, (max-width: 1024px) 100vw, 1024px\" \/><\/figure>\n\n\n\n<figure class=\"wp-block-image size-large\"><img loading=\"lazy\" decoding=\"async\" width=\"1024\" height=\"560\" data-id=\"6406\" src=\"https:\/\/prensa.sma.gob.ar\/wp-content\/uploads\/2025\/04\/WhatsApp-Image-2025-04-02-at-13.28.581-1024x560.jpeg\" alt=\"\" class=\"wp-image-6406\" srcset=\"https:\/\/prensa.sma.gob.ar\/wp-content\/uploads\/2025\/04\/WhatsApp-Image-2025-04-02-at-13.28.581-1024x560.jpeg 1024w, https:\/\/prensa.sma.gob.ar\/wp-content\/uploads\/2025\/04\/WhatsApp-Image-2025-04-02-at-13.28.581-300x164.jpeg 300w, https:\/\/prensa.sma.gob.ar\/wp-content\/uploads\/2025\/04\/WhatsApp-Image-2025-04-02-at-13.28.581-768x420.jpeg 768w, https:\/\/prensa.sma.gob.ar\/wp-content\/uploads\/2025\/04\/WhatsApp-Image-2025-04-02-at-13.28.581-1536x840.jpeg 1536w, https:\/\/prensa.sma.gob.ar\/wp-content\/uploads\/2025\/04\/WhatsApp-Image-2025-04-02-at-13.28.581-696x381.jpeg 696w, https:\/\/prensa.sma.gob.ar\/wp-content\/uploads\/2025\/04\/WhatsApp-Image-2025-04-02-at-13.28.581-1068x584.jpeg 1068w, https:\/\/prensa.sma.gob.ar\/wp-content\/uploads\/2025\/04\/WhatsApp-Image-2025-04-02-at-13.28.581.jpeg 1600w\" sizes=\"auto, (max-width: 1024px) 100vw, 1024px\" \/><\/figure>\n\n\n\n<figure class=\"wp-block-image size-large\"><img loading=\"lazy\" decoding=\"async\" width=\"1024\" height=\"576\" data-id=\"6404\" src=\"https:\/\/prensa.sma.gob.ar\/wp-content\/uploads\/2025\/04\/WhatsApp-Image-2025-04-02-at-13.28.591-1024x576.jpeg\" alt=\"\" class=\"wp-image-6404\" srcset=\"https:\/\/prensa.sma.gob.ar\/wp-content\/uploads\/2025\/04\/WhatsApp-Image-2025-04-02-at-13.28.591-1024x576.jpeg 1024w, https:\/\/prensa.sma.gob.ar\/wp-content\/uploads\/2025\/04\/WhatsApp-Image-2025-04-02-at-13.28.591-300x169.jpeg 300w, https:\/\/prensa.sma.gob.ar\/wp-content\/uploads\/2025\/04\/WhatsApp-Image-2025-04-02-at-13.28.591-768x432.jpeg 768w, https:\/\/prensa.sma.gob.ar\/wp-content\/uploads\/2025\/04\/WhatsApp-Image-2025-04-02-at-13.28.591-1536x864.jpeg 1536w, https:\/\/prensa.sma.gob.ar\/wp-content\/uploads\/2025\/04\/WhatsApp-Image-2025-04-02-at-13.28.591-747x420.jpeg 747w, https:\/\/prensa.sma.gob.ar\/wp-content\/uploads\/2025\/04\/WhatsApp-Image-2025-04-02-at-13.28.591-696x392.jpeg 696w, https:\/\/prensa.sma.gob.ar\/wp-content\/uploads\/2025\/04\/WhatsApp-Image-2025-04-02-at-13.28.591-1068x601.jpeg 1068w, https:\/\/prensa.sma.gob.ar\/wp-content\/uploads\/2025\/04\/WhatsApp-Image-2025-04-02-at-13.28.591.jpeg 1600w\" sizes=\"auto, (max-width: 1024px) 100vw, 1024px\" \/><\/figure>\n\n\n\n<figure class=\"wp-block-image size-large\"><img loading=\"lazy\" decoding=\"async\" width=\"1024\" height=\"576\" data-id=\"6403\" src=\"https:\/\/prensa.sma.gob.ar\/wp-content\/uploads\/2025\/04\/WhatsApp-Image-2025-04-02-at-13.29.00-1024x576.jpeg\" alt=\"\" class=\"wp-image-6403\" srcset=\"https:\/\/prensa.sma.gob.ar\/wp-content\/uploads\/2025\/04\/WhatsApp-Image-2025-04-02-at-13.29.00-1024x576.jpeg 1024w, https:\/\/prensa.sma.gob.ar\/wp-content\/uploads\/2025\/04\/WhatsApp-Image-2025-04-02-at-13.29.00-300x169.jpeg 300w, https:\/\/prensa.sma.gob.ar\/wp-content\/uploads\/2025\/04\/WhatsApp-Image-2025-04-02-at-13.29.00-768x432.jpeg 768w, https:\/\/prensa.sma.gob.ar\/wp-content\/uploads\/2025\/04\/WhatsApp-Image-2025-04-02-at-13.29.00-1536x864.jpeg 1536w, https:\/\/prensa.sma.gob.ar\/wp-content\/uploads\/2025\/04\/WhatsApp-Image-2025-04-02-at-13.29.00-747x420.jpeg 747w, https:\/\/prensa.sma.gob.ar\/wp-content\/uploads\/2025\/04\/WhatsApp-Image-2025-04-02-at-13.29.00-696x392.jpeg 696w, https:\/\/prensa.sma.gob.ar\/wp-content\/uploads\/2025\/04\/WhatsApp-Image-2025-04-02-at-13.29.00-1068x601.jpeg 1068w, https:\/\/prensa.sma.gob.ar\/wp-content\/uploads\/2025\/04\/WhatsApp-Image-2025-04-02-at-13.29.00.jpeg 1600w\" sizes=\"auto, (max-width: 1024px) 100vw, 1024px\" \/><\/figure>\n<\/figure>\n\n\n\n<p>Tras la invocaci\u00f3n religiosa del padre Alberto Rossi, se realiz\u00f3 un minuto de silencio por los ca\u00eddos en Malvinas, acompa\u00f1ado por el trompa del Regimiento de Caballer\u00eda, y se colocaron las ofrendas florales en el espacio conmemorativo de la plaza San Mart\u00edn. Tambi\u00e9n se ley\u00f3 la salutaci\u00f3n del diputado provincial, Veterano de la Guerra de Malvinas, Alberto Bruno.<\/p>\n\n\n\n<p>Durante el acto hicieron uso de la palabra los Veteranos de Guerra Ernesto Hrvatin y Rafael Hern\u00e1ndez; Gast\u00f3n Prieto, vocal de la Asociaci\u00f3n de Veteranos de Malvinas de San Mart\u00edn de los Andes, la concejal Marcela Valenzuela y la alumna Miguela Quentrein, estudiante de 3ro A Turno Noche del CPEM 57.<\/p>\n\n\n\n<figure class=\"wp-block-gallery has-nested-images columns-default is-cropped wp-block-gallery-3 is-layout-flex wp-block-gallery-is-layout-flex\">\n<figure class=\"wp-block-image size-large\"><img loading=\"lazy\" decoding=\"async\" width=\"1024\" height=\"576\" data-id=\"6402\" src=\"https:\/\/prensa.sma.gob.ar\/wp-content\/uploads\/2025\/04\/WhatsApp-Image-2025-04-02-at-13.29.01-1024x576.jpeg\" alt=\"\" class=\"wp-image-6402\" srcset=\"https:\/\/prensa.sma.gob.ar\/wp-content\/uploads\/2025\/04\/WhatsApp-Image-2025-04-02-at-13.29.01-1024x576.jpeg 1024w, https:\/\/prensa.sma.gob.ar\/wp-content\/uploads\/2025\/04\/WhatsApp-Image-2025-04-02-at-13.29.01-300x169.jpeg 300w, https:\/\/prensa.sma.gob.ar\/wp-content\/uploads\/2025\/04\/WhatsApp-Image-2025-04-02-at-13.29.01-768x432.jpeg 768w, https:\/\/prensa.sma.gob.ar\/wp-content\/uploads\/2025\/04\/WhatsApp-Image-2025-04-02-at-13.29.01-1536x864.jpeg 1536w, https:\/\/prensa.sma.gob.ar\/wp-content\/uploads\/2025\/04\/WhatsApp-Image-2025-04-02-at-13.29.01-747x420.jpeg 747w, https:\/\/prensa.sma.gob.ar\/wp-content\/uploads\/2025\/04\/WhatsApp-Image-2025-04-02-at-13.29.01-696x392.jpeg 696w, https:\/\/prensa.sma.gob.ar\/wp-content\/uploads\/2025\/04\/WhatsApp-Image-2025-04-02-at-13.29.01-1068x601.jpeg 1068w, https:\/\/prensa.sma.gob.ar\/wp-content\/uploads\/2025\/04\/WhatsApp-Image-2025-04-02-at-13.29.01.jpeg 1600w\" sizes=\"auto, (max-width: 1024px) 100vw, 1024px\" \/><\/figure>\n\n\n\n<figure class=\"wp-block-image size-large\"><img loading=\"lazy\" decoding=\"async\" width=\"1024\" height=\"660\" data-id=\"6401\" src=\"https:\/\/prensa.sma.gob.ar\/wp-content\/uploads\/2025\/04\/WhatsApp-Image-2025-04-02-at-13.29.011-1024x660.jpeg\" alt=\"\" class=\"wp-image-6401\" srcset=\"https:\/\/prensa.sma.gob.ar\/wp-content\/uploads\/2025\/04\/WhatsApp-Image-2025-04-02-at-13.29.011-1024x660.jpeg 1024w, https:\/\/prensa.sma.gob.ar\/wp-content\/uploads\/2025\/04\/WhatsApp-Image-2025-04-02-at-13.29.011-300x194.jpeg 300w, https:\/\/prensa.sma.gob.ar\/wp-content\/uploads\/2025\/04\/WhatsApp-Image-2025-04-02-at-13.29.011-768x495.jpeg 768w, https:\/\/prensa.sma.gob.ar\/wp-content\/uploads\/2025\/04\/WhatsApp-Image-2025-04-02-at-13.29.011-1536x991.jpeg 1536w, https:\/\/prensa.sma.gob.ar\/wp-content\/uploads\/2025\/04\/WhatsApp-Image-2025-04-02-at-13.29.011-651x420.jpeg 651w, https:\/\/prensa.sma.gob.ar\/wp-content\/uploads\/2025\/04\/WhatsApp-Image-2025-04-02-at-13.29.011-696x449.jpeg 696w, https:\/\/prensa.sma.gob.ar\/wp-content\/uploads\/2025\/04\/WhatsApp-Image-2025-04-02-at-13.29.011-1068x689.jpeg 1068w, https:\/\/prensa.sma.gob.ar\/wp-content\/uploads\/2025\/04\/WhatsApp-Image-2025-04-02-at-13.29.011.jpeg 1600w\" sizes=\"auto, (max-width: 1024px) 100vw, 1024px\" \/><\/figure>\n\n\n\n<figure class=\"wp-block-image size-large\"><img loading=\"lazy\" decoding=\"async\" width=\"1024\" height=\"619\" data-id=\"6400\" src=\"https:\/\/prensa.sma.gob.ar\/wp-content\/uploads\/2025\/04\/WhatsApp-Image-2025-04-02-at-13.29.012-1024x619.jpeg\" alt=\"\" class=\"wp-image-6400\" srcset=\"https:\/\/prensa.sma.gob.ar\/wp-content\/uploads\/2025\/04\/WhatsApp-Image-2025-04-02-at-13.29.012-1024x619.jpeg 1024w, https:\/\/prensa.sma.gob.ar\/wp-content\/uploads\/2025\/04\/WhatsApp-Image-2025-04-02-at-13.29.012-300x181.jpeg 300w, https:\/\/prensa.sma.gob.ar\/wp-content\/uploads\/2025\/04\/WhatsApp-Image-2025-04-02-at-13.29.012-768x464.jpeg 768w, https:\/\/prensa.sma.gob.ar\/wp-content\/uploads\/2025\/04\/WhatsApp-Image-2025-04-02-at-13.29.012-1536x928.jpeg 1536w, https:\/\/prensa.sma.gob.ar\/wp-content\/uploads\/2025\/04\/WhatsApp-Image-2025-04-02-at-13.29.012-695x420.jpeg 695w, https:\/\/prensa.sma.gob.ar\/wp-content\/uploads\/2025\/04\/WhatsApp-Image-2025-04-02-at-13.29.012-696x421.jpeg 696w, https:\/\/prensa.sma.gob.ar\/wp-content\/uploads\/2025\/04\/WhatsApp-Image-2025-04-02-at-13.29.012-1068x645.jpeg 1068w, https:\/\/prensa.sma.gob.ar\/wp-content\/uploads\/2025\/04\/WhatsApp-Image-2025-04-02-at-13.29.012.jpeg 1600w\" sizes=\"auto, (max-width: 1024px) 100vw, 1024px\" \/><\/figure>\n\n\n\n<figure class=\"wp-block-image size-large\"><img loading=\"lazy\" decoding=\"async\" width=\"1024\" height=\"607\" data-id=\"6399\" src=\"https:\/\/prensa.sma.gob.ar\/wp-content\/uploads\/2025\/04\/WhatsApp-Image-2025-04-02-at-13.29.02-1024x607.jpeg\" alt=\"\" class=\"wp-image-6399\" srcset=\"https:\/\/prensa.sma.gob.ar\/wp-content\/uploads\/2025\/04\/WhatsApp-Image-2025-04-02-at-13.29.02-1024x607.jpeg 1024w, https:\/\/prensa.sma.gob.ar\/wp-content\/uploads\/2025\/04\/WhatsApp-Image-2025-04-02-at-13.29.02-300x178.jpeg 300w, https:\/\/prensa.sma.gob.ar\/wp-content\/uploads\/2025\/04\/WhatsApp-Image-2025-04-02-at-13.29.02-768x455.jpeg 768w, https:\/\/prensa.sma.gob.ar\/wp-content\/uploads\/2025\/04\/WhatsApp-Image-2025-04-02-at-13.29.02-1536x910.jpeg 1536w, https:\/\/prensa.sma.gob.ar\/wp-content\/uploads\/2025\/04\/WhatsApp-Image-2025-04-02-at-13.29.02-709x420.jpeg 709w, https:\/\/prensa.sma.gob.ar\/wp-content\/uploads\/2025\/04\/WhatsApp-Image-2025-04-02-at-13.29.02-696x412.jpeg 696w, https:\/\/prensa.sma.gob.ar\/wp-content\/uploads\/2025\/04\/WhatsApp-Image-2025-04-02-at-13.29.02-1068x633.jpeg 1068w, https:\/\/prensa.sma.gob.ar\/wp-content\/uploads\/2025\/04\/WhatsApp-Image-2025-04-02-at-13.29.02.jpeg 1600w\" sizes=\"auto, (max-width: 1024px) 100vw, 1024px\" \/><\/figure>\n\n\n\n<figure class=\"wp-block-image size-large\"><img loading=\"lazy\" decoding=\"async\" width=\"1024\" height=\"576\" data-id=\"6398\" src=\"https:\/\/prensa.sma.gob.ar\/wp-content\/uploads\/2025\/04\/WhatsApp-Image-2025-04-02-at-13.29.021-1024x576.jpeg\" alt=\"\" class=\"wp-image-6398\" srcset=\"https:\/\/prensa.sma.gob.ar\/wp-content\/uploads\/2025\/04\/WhatsApp-Image-2025-04-02-at-13.29.021-1024x576.jpeg 1024w, https:\/\/prensa.sma.gob.ar\/wp-content\/uploads\/2025\/04\/WhatsApp-Image-2025-04-02-at-13.29.021-300x169.jpeg 300w, https:\/\/prensa.sma.gob.ar\/wp-content\/uploads\/2025\/04\/WhatsApp-Image-2025-04-02-at-13.29.021-768x432.jpeg 768w, https:\/\/prensa.sma.gob.ar\/wp-content\/uploads\/2025\/04\/WhatsApp-Image-2025-04-02-at-13.29.021-1536x864.jpeg 1536w, https:\/\/prensa.sma.gob.ar\/wp-content\/uploads\/2025\/04\/WhatsApp-Image-2025-04-02-at-13.29.021-747x420.jpeg 747w, https:\/\/prensa.sma.gob.ar\/wp-content\/uploads\/2025\/04\/WhatsApp-Image-2025-04-02-at-13.29.021-696x392.jpeg 696w, https:\/\/prensa.sma.gob.ar\/wp-content\/uploads\/2025\/04\/WhatsApp-Image-2025-04-02-at-13.29.021-1068x601.jpeg 1068w, https:\/\/prensa.sma.gob.ar\/wp-content\/uploads\/2025\/04\/WhatsApp-Image-2025-04-02-at-13.29.021.jpeg 1600w\" sizes=\"auto, (max-width: 1024px) 100vw, 1024px\" \/><\/figure>\n\n\n\n<figure class=\"wp-block-image size-large\"><img loading=\"lazy\" decoding=\"async\" width=\"1024\" height=\"576\" data-id=\"6397\" src=\"https:\/\/prensa.sma.gob.ar\/wp-content\/uploads\/2025\/04\/WhatsApp-Image-2025-04-02-at-13.29.03-1024x576.jpeg\" alt=\"\" class=\"wp-image-6397\" srcset=\"https:\/\/prensa.sma.gob.ar\/wp-content\/uploads\/2025\/04\/WhatsApp-Image-2025-04-02-at-13.29.03-1024x576.jpeg 1024w, https:\/\/prensa.sma.gob.ar\/wp-content\/uploads\/2025\/04\/WhatsApp-Image-2025-04-02-at-13.29.03-300x169.jpeg 300w, https:\/\/prensa.sma.gob.ar\/wp-content\/uploads\/2025\/04\/WhatsApp-Image-2025-04-02-at-13.29.03-768x432.jpeg 768w, https:\/\/prensa.sma.gob.ar\/wp-content\/uploads\/2025\/04\/WhatsApp-Image-2025-04-02-at-13.29.03-1536x864.jpeg 1536w, https:\/\/prensa.sma.gob.ar\/wp-content\/uploads\/2025\/04\/WhatsApp-Image-2025-04-02-at-13.29.03-747x420.jpeg 747w, https:\/\/prensa.sma.gob.ar\/wp-content\/uploads\/2025\/04\/WhatsApp-Image-2025-04-02-at-13.29.03-696x392.jpeg 696w, https:\/\/prensa.sma.gob.ar\/wp-content\/uploads\/2025\/04\/WhatsApp-Image-2025-04-02-at-13.29.03-1068x601.jpeg 1068w, https:\/\/prensa.sma.gob.ar\/wp-content\/uploads\/2025\/04\/WhatsApp-Image-2025-04-02-at-13.29.03.jpeg 1600w\" sizes=\"auto, (max-width: 1024px) 100vw, 1024px\" \/><\/figure>\n<\/figure>\n\n\n\n<p>Otro momento destacado del acto se vivi\u00f3 con los representantes de la filial Pinchas de los Andes, filial local del club Estudiantes de la Plata, quienes donaron una placa con los nombres de todos los veteranos de guerra de San Mart\u00edn de los Andes. All\u00ed se entr\u00f3 una porci\u00f3n de turba de Malvinas a cada excombatiente. Adem\u00e1s, fue descubierto el monumento a los H\u00e9roes de Malvinas, en la Costanera. En representaci\u00f3n de los hinchas, habl\u00f3 Juli\u00e1n Sato.<\/p>\n\n\n\n<p>Adem\u00e1s, los miembros de la Asociaci\u00f3n de Veteranos de Malvinas de San Mart\u00edn de los Andes hicieron entrega en custodia al Concejo Deliberante de una bandera, como muestra de agradecimiento a ese cuerpo legislativo por el apoyo recibido. Fue recibida por el concejal Pablo Padilla, movilizado durante el per\u00edodo en que se extendi\u00f3 el conflicto. Finalmente, se realiz\u00f3 una ceremonia en el aeropuerto Aviador Carlos Campos con la colocaci\u00f3n de una ofrenda floral.<\/p>\n\n\n\n<figure class=\"wp-block-gallery has-nested-images columns-default is-cropped wp-block-gallery-4 is-layout-flex wp-block-gallery-is-layout-flex\">\n<figure class=\"wp-block-image size-large\"><img loading=\"lazy\" decoding=\"async\" width=\"1024\" height=\"676\" data-id=\"6396\" src=\"https:\/\/prensa.sma.gob.ar\/wp-content\/uploads\/2025\/04\/WhatsApp-Image-2025-04-02-at-13.29.031-1024x676.jpeg\" alt=\"\" class=\"wp-image-6396\" srcset=\"https:\/\/prensa.sma.gob.ar\/wp-content\/uploads\/2025\/04\/WhatsApp-Image-2025-04-02-at-13.29.031-1024x676.jpeg 1024w, https:\/\/prensa.sma.gob.ar\/wp-content\/uploads\/2025\/04\/WhatsApp-Image-2025-04-02-at-13.29.031-300x198.jpeg 300w, https:\/\/prensa.sma.gob.ar\/wp-content\/uploads\/2025\/04\/WhatsApp-Image-2025-04-02-at-13.29.031-768x507.jpeg 768w, https:\/\/prensa.sma.gob.ar\/wp-content\/uploads\/2025\/04\/WhatsApp-Image-2025-04-02-at-13.29.031-1536x1015.jpeg 1536w, https:\/\/prensa.sma.gob.ar\/wp-content\/uploads\/2025\/04\/WhatsApp-Image-2025-04-02-at-13.29.031-636x420.jpeg 636w, https:\/\/prensa.sma.gob.ar\/wp-content\/uploads\/2025\/04\/WhatsApp-Image-2025-04-02-at-13.29.031-696x460.jpeg 696w, https:\/\/prensa.sma.gob.ar\/wp-content\/uploads\/2025\/04\/WhatsApp-Image-2025-04-02-at-13.29.031-1068x706.jpeg 1068w, https:\/\/prensa.sma.gob.ar\/wp-content\/uploads\/2025\/04\/WhatsApp-Image-2025-04-02-at-13.29.031.jpeg 1600w\" sizes=\"auto, (max-width: 1024px) 100vw, 1024px\" \/><\/figure>\n\n\n\n<figure class=\"wp-block-image size-large\"><img loading=\"lazy\" decoding=\"async\" width=\"1024\" height=\"645\" data-id=\"6395\" src=\"https:\/\/prensa.sma.gob.ar\/wp-content\/uploads\/2025\/04\/WhatsApp-Image-2025-04-02-at-13.29.032-1024x645.jpeg\" alt=\"\" class=\"wp-image-6395\" srcset=\"https:\/\/prensa.sma.gob.ar\/wp-content\/uploads\/2025\/04\/WhatsApp-Image-2025-04-02-at-13.29.032-1024x645.jpeg 1024w, https:\/\/prensa.sma.gob.ar\/wp-content\/uploads\/2025\/04\/WhatsApp-Image-2025-04-02-at-13.29.032-300x189.jpeg 300w, https:\/\/prensa.sma.gob.ar\/wp-content\/uploads\/2025\/04\/WhatsApp-Image-2025-04-02-at-13.29.032-768x484.jpeg 768w, https:\/\/prensa.sma.gob.ar\/wp-content\/uploads\/2025\/04\/WhatsApp-Image-2025-04-02-at-13.29.032-1536x968.jpeg 1536w, https:\/\/prensa.sma.gob.ar\/wp-content\/uploads\/2025\/04\/WhatsApp-Image-2025-04-02-at-13.29.032-667x420.jpeg 667w, https:\/\/prensa.sma.gob.ar\/wp-content\/uploads\/2025\/04\/WhatsApp-Image-2025-04-02-at-13.29.032-696x438.jpeg 696w, https:\/\/prensa.sma.gob.ar\/wp-content\/uploads\/2025\/04\/WhatsApp-Image-2025-04-02-at-13.29.032-1068x673.jpeg 1068w, https:\/\/prensa.sma.gob.ar\/wp-content\/uploads\/2025\/04\/WhatsApp-Image-2025-04-02-at-13.29.032.jpeg 1600w\" sizes=\"auto, (max-width: 1024px) 100vw, 1024px\" \/><\/figure>\n\n\n\n<figure class=\"wp-block-image size-large\"><img loading=\"lazy\" decoding=\"async\" width=\"1024\" height=\"608\" data-id=\"6394\" src=\"https:\/\/prensa.sma.gob.ar\/wp-content\/uploads\/2025\/04\/WhatsApp-Image-2025-04-02-at-13.29.04-1024x608.jpeg\" alt=\"\" class=\"wp-image-6394\" srcset=\"https:\/\/prensa.sma.gob.ar\/wp-content\/uploads\/2025\/04\/WhatsApp-Image-2025-04-02-at-13.29.04-1024x608.jpeg 1024w, https:\/\/prensa.sma.gob.ar\/wp-content\/uploads\/2025\/04\/WhatsApp-Image-2025-04-02-at-13.29.04-300x178.jpeg 300w, https:\/\/prensa.sma.gob.ar\/wp-content\/uploads\/2025\/04\/WhatsApp-Image-2025-04-02-at-13.29.04-768x456.jpeg 768w, https:\/\/prensa.sma.gob.ar\/wp-content\/uploads\/2025\/04\/WhatsApp-Image-2025-04-02-at-13.29.04-1536x912.jpeg 1536w, https:\/\/prensa.sma.gob.ar\/wp-content\/uploads\/2025\/04\/WhatsApp-Image-2025-04-02-at-13.29.04-707x420.jpeg 707w, https:\/\/prensa.sma.gob.ar\/wp-content\/uploads\/2025\/04\/WhatsApp-Image-2025-04-02-at-13.29.04-696x413.jpeg 696w, https:\/\/prensa.sma.gob.ar\/wp-content\/uploads\/2025\/04\/WhatsApp-Image-2025-04-02-at-13.29.04-1068x634.jpeg 1068w, https:\/\/prensa.sma.gob.ar\/wp-content\/uploads\/2025\/04\/WhatsApp-Image-2025-04-02-at-13.29.04.jpeg 1600w\" sizes=\"auto, (max-width: 1024px) 100vw, 1024px\" \/><\/figure>\n\n\n\n<figure class=\"wp-block-image size-large\"><img loading=\"lazy\" decoding=\"async\" width=\"1024\" height=\"598\" data-id=\"6393\" src=\"https:\/\/prensa.sma.gob.ar\/wp-content\/uploads\/2025\/04\/WhatsApp-Image-2025-04-02-at-13.29.041-1024x598.jpeg\" alt=\"\" class=\"wp-image-6393\" srcset=\"https:\/\/prensa.sma.gob.ar\/wp-content\/uploads\/2025\/04\/WhatsApp-Image-2025-04-02-at-13.29.041-1024x598.jpeg 1024w, https:\/\/prensa.sma.gob.ar\/wp-content\/uploads\/2025\/04\/WhatsApp-Image-2025-04-02-at-13.29.041-300x175.jpeg 300w, https:\/\/prensa.sma.gob.ar\/wp-content\/uploads\/2025\/04\/WhatsApp-Image-2025-04-02-at-13.29.041-768x448.jpeg 768w, https:\/\/prensa.sma.gob.ar\/wp-content\/uploads\/2025\/04\/WhatsApp-Image-2025-04-02-at-13.29.041-1536x897.jpeg 1536w, https:\/\/prensa.sma.gob.ar\/wp-content\/uploads\/2025\/04\/WhatsApp-Image-2025-04-02-at-13.29.041-719x420.jpeg 719w, https:\/\/prensa.sma.gob.ar\/wp-content\/uploads\/2025\/04\/WhatsApp-Image-2025-04-02-at-13.29.041-696x406.jpeg 696w, https:\/\/prensa.sma.gob.ar\/wp-content\/uploads\/2025\/04\/WhatsApp-Image-2025-04-02-at-13.29.041-1068x623.jpeg 1068w, https:\/\/prensa.sma.gob.ar\/wp-content\/uploads\/2025\/04\/WhatsApp-Image-2025-04-02-at-13.29.041.jpeg 1600w\" sizes=\"auto, (max-width: 1024px) 100vw, 1024px\" \/><\/figure>\n\n\n\n<figure class=\"wp-block-image size-large\"><img loading=\"lazy\" decoding=\"async\" width=\"1024\" height=\"596\" data-id=\"6392\" src=\"https:\/\/prensa.sma.gob.ar\/wp-content\/uploads\/2025\/04\/WhatsApp-Image-2025-04-02-at-13.29.05-1024x596.jpeg\" alt=\"\" class=\"wp-image-6392\" srcset=\"https:\/\/prensa.sma.gob.ar\/wp-content\/uploads\/2025\/04\/WhatsApp-Image-2025-04-02-at-13.29.05-1024x596.jpeg 1024w, https:\/\/prensa.sma.gob.ar\/wp-content\/uploads\/2025\/04\/WhatsApp-Image-2025-04-02-at-13.29.05-300x175.jpeg 300w, https:\/\/prensa.sma.gob.ar\/wp-content\/uploads\/2025\/04\/WhatsApp-Image-2025-04-02-at-13.29.05-768x447.jpeg 768w, https:\/\/prensa.sma.gob.ar\/wp-content\/uploads\/2025\/04\/WhatsApp-Image-2025-04-02-at-13.29.05-1536x895.jpeg 1536w, https:\/\/prensa.sma.gob.ar\/wp-content\/uploads\/2025\/04\/WhatsApp-Image-2025-04-02-at-13.29.05-721x420.jpeg 721w, https:\/\/prensa.sma.gob.ar\/wp-content\/uploads\/2025\/04\/WhatsApp-Image-2025-04-02-at-13.29.05-696x405.jpeg 696w, https:\/\/prensa.sma.gob.ar\/wp-content\/uploads\/2025\/04\/WhatsApp-Image-2025-04-02-at-13.29.05-1068x622.jpeg 1068w, https:\/\/prensa.sma.gob.ar\/wp-content\/uploads\/2025\/04\/WhatsApp-Image-2025-04-02-at-13.29.05.jpeg 1600w\" sizes=\"auto, (max-width: 1024px) 100vw, 1024px\" \/><\/figure>\n\n\n\n<figure class=\"wp-block-image size-large\"><img loading=\"lazy\" decoding=\"async\" width=\"1024\" height=\"576\" data-id=\"6391\" src=\"https:\/\/prensa.sma.gob.ar\/wp-content\/uploads\/2025\/04\/WhatsApp-Image-2025-04-02-at-13.29.051-1024x576.jpeg\" alt=\"\" class=\"wp-image-6391\" srcset=\"https:\/\/prensa.sma.gob.ar\/wp-content\/uploads\/2025\/04\/WhatsApp-Image-2025-04-02-at-13.29.051-1024x576.jpeg 1024w, https:\/\/prensa.sma.gob.ar\/wp-content\/uploads\/2025\/04\/WhatsApp-Image-2025-04-02-at-13.29.051-300x169.jpeg 300w, https:\/\/prensa.sma.gob.ar\/wp-content\/uploads\/2025\/04\/WhatsApp-Image-2025-04-02-at-13.29.051-768x432.jpeg 768w, https:\/\/prensa.sma.gob.ar\/wp-content\/uploads\/2025\/04\/WhatsApp-Image-2025-04-02-at-13.29.051-1536x864.jpeg 1536w, https:\/\/prensa.sma.gob.ar\/wp-content\/uploads\/2025\/04\/WhatsApp-Image-2025-04-02-at-13.29.051-747x420.jpeg 747w, https:\/\/prensa.sma.gob.ar\/wp-content\/uploads\/2025\/04\/WhatsApp-Image-2025-04-02-at-13.29.051-696x392.jpeg 696w, https:\/\/prensa.sma.gob.ar\/wp-content\/uploads\/2025\/04\/WhatsApp-Image-2025-04-02-at-13.29.051-1068x601.jpeg 1068w, https:\/\/prensa.sma.gob.ar\/wp-content\/uploads\/2025\/04\/WhatsApp-Image-2025-04-02-at-13.29.051.jpeg 1600w\" sizes=\"auto, (max-width: 1024px) 100vw, 1024px\" \/><\/figure>\n\n\n\n<figure class=\"wp-block-image size-large\"><img loading=\"lazy\" decoding=\"async\" width=\"1024\" height=\"576\" data-id=\"6390\" src=\"https:\/\/prensa.sma.gob.ar\/wp-content\/uploads\/2025\/04\/WhatsApp-Image-2025-04-02-at-13.29.06-1024x576.jpeg\" alt=\"\" class=\"wp-image-6390\" srcset=\"https:\/\/prensa.sma.gob.ar\/wp-content\/uploads\/2025\/04\/WhatsApp-Image-2025-04-02-at-13.29.06-1024x576.jpeg 1024w, https:\/\/prensa.sma.gob.ar\/wp-content\/uploads\/2025\/04\/WhatsApp-Image-2025-04-02-at-13.29.06-300x169.jpeg 300w, https:\/\/prensa.sma.gob.ar\/wp-content\/uploads\/2025\/04\/WhatsApp-Image-2025-04-02-at-13.29.06-768x432.jpeg 768w, https:\/\/prensa.sma.gob.ar\/wp-content\/uploads\/2025\/04\/WhatsApp-Image-2025-04-02-at-13.29.06-1536x864.jpeg 1536w, https:\/\/prensa.sma.gob.ar\/wp-content\/uploads\/2025\/04\/WhatsApp-Image-2025-04-02-at-13.29.06-747x420.jpeg 747w, https:\/\/prensa.sma.gob.ar\/wp-content\/uploads\/2025\/04\/WhatsApp-Image-2025-04-02-at-13.29.06-696x392.jpeg 696w, https:\/\/prensa.sma.gob.ar\/wp-content\/uploads\/2025\/04\/WhatsApp-Image-2025-04-02-at-13.29.06-1068x601.jpeg 1068w, https:\/\/prensa.sma.gob.ar\/wp-content\/uploads\/2025\/04\/WhatsApp-Image-2025-04-02-at-13.29.06.jpeg 1600w\" sizes=\"auto, (max-width: 1024px) 100vw, 1024px\" \/><\/figure>\n\n\n\n<figure class=\"wp-block-image size-large\"><img loading=\"lazy\" decoding=\"async\" width=\"1024\" height=\"572\" data-id=\"6389\" src=\"https:\/\/prensa.sma.gob.ar\/wp-content\/uploads\/2025\/04\/WhatsApp-Image-2025-04-02-at-13.29.061-1024x572.jpeg\" alt=\"\" class=\"wp-image-6389\" srcset=\"https:\/\/prensa.sma.gob.ar\/wp-content\/uploads\/2025\/04\/WhatsApp-Image-2025-04-02-at-13.29.061-1024x572.jpeg 1024w, https:\/\/prensa.sma.gob.ar\/wp-content\/uploads\/2025\/04\/WhatsApp-Image-2025-04-02-at-13.29.061-300x167.jpeg 300w, https:\/\/prensa.sma.gob.ar\/wp-content\/uploads\/2025\/04\/WhatsApp-Image-2025-04-02-at-13.29.061-768x429.jpeg 768w, https:\/\/prensa.sma.gob.ar\/wp-content\/uploads\/2025\/04\/WhatsApp-Image-2025-04-02-at-13.29.061-1536x857.jpeg 1536w, https:\/\/prensa.sma.gob.ar\/wp-content\/uploads\/2025\/04\/WhatsApp-Image-2025-04-02-at-13.29.061-753x420.jpeg 753w, https:\/\/prensa.sma.gob.ar\/wp-content\/uploads\/2025\/04\/WhatsApp-Image-2025-04-02-at-13.29.061-696x388.jpeg 696w, https:\/\/prensa.sma.gob.ar\/wp-content\/uploads\/2025\/04\/WhatsApp-Image-2025-04-02-at-13.29.061-1068x596.jpeg 1068w, https:\/\/prensa.sma.gob.ar\/wp-content\/uploads\/2025\/04\/WhatsApp-Image-2025-04-02-at-13.29.061.jpeg 1600w\" sizes=\"auto, (max-width: 1024px) 100vw, 1024px\" \/><\/figure>\n\n\n\n<figure class=\"wp-block-image size-large\"><img loading=\"lazy\" decoding=\"async\" width=\"1024\" height=\"576\" data-id=\"6388\" src=\"https:\/\/prensa.sma.gob.ar\/wp-content\/uploads\/2025\/04\/WhatsApp-Image-2025-04-02-at-13.29.062-1024x576.jpeg\" alt=\"\" class=\"wp-image-6388\" srcset=\"https:\/\/prensa.sma.gob.ar\/wp-content\/uploads\/2025\/04\/WhatsApp-Image-2025-04-02-at-13.29.062-1024x576.jpeg 1024w, https:\/\/prensa.sma.gob.ar\/wp-content\/uploads\/2025\/04\/WhatsApp-Image-2025-04-02-at-13.29.062-300x169.jpeg 300w, https:\/\/prensa.sma.gob.ar\/wp-content\/uploads\/2025\/04\/WhatsApp-Image-2025-04-02-at-13.29.062-768x432.jpeg 768w, https:\/\/prensa.sma.gob.ar\/wp-content\/uploads\/2025\/04\/WhatsApp-Image-2025-04-02-at-13.29.062-1536x864.jpeg 1536w, https:\/\/prensa.sma.gob.ar\/wp-content\/uploads\/2025\/04\/WhatsApp-Image-2025-04-02-at-13.29.062-747x420.jpeg 747w, https:\/\/prensa.sma.gob.ar\/wp-content\/uploads\/2025\/04\/WhatsApp-Image-2025-04-02-at-13.29.062-696x392.jpeg 696w, https:\/\/prensa.sma.gob.ar\/wp-content\/uploads\/2025\/04\/WhatsApp-Image-2025-04-02-at-13.29.062-1068x601.jpeg 1068w, https:\/\/prensa.sma.gob.ar\/wp-content\/uploads\/2025\/04\/WhatsApp-Image-2025-04-02-at-13.29.062.jpeg 1600w\" sizes=\"auto, (max-width: 1024px) 100vw, 1024px\" \/><\/figure>\n\n\n\n<figure class=\"wp-block-image size-large\"><img loading=\"lazy\" decoding=\"async\" width=\"1024\" height=\"642\" data-id=\"6387\" src=\"https:\/\/prensa.sma.gob.ar\/wp-content\/uploads\/2025\/04\/WhatsApp-Image-2025-04-02-at-13.29.08-1024x642.jpeg\" alt=\"\" class=\"wp-image-6387\" srcset=\"https:\/\/prensa.sma.gob.ar\/wp-content\/uploads\/2025\/04\/WhatsApp-Image-2025-04-02-at-13.29.08-1024x642.jpeg 1024w, https:\/\/prensa.sma.gob.ar\/wp-content\/uploads\/2025\/04\/WhatsApp-Image-2025-04-02-at-13.29.08-300x188.jpeg 300w, https:\/\/prensa.sma.gob.ar\/wp-content\/uploads\/2025\/04\/WhatsApp-Image-2025-04-02-at-13.29.08-768x481.jpeg 768w, https:\/\/prensa.sma.gob.ar\/wp-content\/uploads\/2025\/04\/WhatsApp-Image-2025-04-02-at-13.29.08-1536x963.jpeg 1536w, https:\/\/prensa.sma.gob.ar\/wp-content\/uploads\/2025\/04\/WhatsApp-Image-2025-04-02-at-13.29.08-670x420.jpeg 670w, https:\/\/prensa.sma.gob.ar\/wp-content\/uploads\/2025\/04\/WhatsApp-Image-2025-04-02-at-13.29.08-696x436.jpeg 696w, https:\/\/prensa.sma.gob.ar\/wp-content\/uploads\/2025\/04\/WhatsApp-Image-2025-04-02-at-13.29.08-1068x670.jpeg 1068w, https:\/\/prensa.sma.gob.ar\/wp-content\/uploads\/2025\/04\/WhatsApp-Image-2025-04-02-at-13.29.08.jpeg 1600w\" sizes=\"auto, (max-width: 1024px) 100vw, 1024px\" \/><\/figure>\n\n\n\n<figure class=\"wp-block-image size-large\"><img loading=\"lazy\" decoding=\"async\" width=\"1024\" height=\"576\" data-id=\"6386\" src=\"https:\/\/prensa.sma.gob.ar\/wp-content\/uploads\/2025\/04\/WhatsApp-Image-2025-04-02-at-13.29.081-1024x576.jpeg\" alt=\"\" class=\"wp-image-6386\" srcset=\"https:\/\/prensa.sma.gob.ar\/wp-content\/uploads\/2025\/04\/WhatsApp-Image-2025-04-02-at-13.29.081-1024x576.jpeg 1024w, https:\/\/prensa.sma.gob.ar\/wp-content\/uploads\/2025\/04\/WhatsApp-Image-2025-04-02-at-13.29.081-300x169.jpeg 300w, https:\/\/prensa.sma.gob.ar\/wp-content\/uploads\/2025\/04\/WhatsApp-Image-2025-04-02-at-13.29.081-768x432.jpeg 768w, https:\/\/prensa.sma.gob.ar\/wp-content\/uploads\/2025\/04\/WhatsApp-Image-2025-04-02-at-13.29.081-1536x864.jpeg 1536w, https:\/\/prensa.sma.gob.ar\/wp-content\/uploads\/2025\/04\/WhatsApp-Image-2025-04-02-at-13.29.081-747x420.jpeg 747w, https:\/\/prensa.sma.gob.ar\/wp-content\/uploads\/2025\/04\/WhatsApp-Image-2025-04-02-at-13.29.081-696x392.jpeg 696w, https:\/\/prensa.sma.gob.ar\/wp-content\/uploads\/2025\/04\/WhatsApp-Image-2025-04-02-at-13.29.081-1068x601.jpeg 1068w, https:\/\/prensa.sma.gob.ar\/wp-content\/uploads\/2025\/04\/WhatsApp-Image-2025-04-02-at-13.29.081.jpeg 1600w\" sizes=\"auto, (max-width: 1024px) 100vw, 1024px\" \/><\/figure>\n\n\n\n<figure class=\"wp-block-image size-large\"><img loading=\"lazy\" decoding=\"async\" width=\"1024\" height=\"679\" data-id=\"6385\" src=\"https:\/\/prensa.sma.gob.ar\/wp-content\/uploads\/2025\/04\/WhatsApp-Image-2025-04-02-at-13.29.09-1024x679.jpeg\" alt=\"\" class=\"wp-image-6385\" srcset=\"https:\/\/prensa.sma.gob.ar\/wp-content\/uploads\/2025\/04\/WhatsApp-Image-2025-04-02-at-13.29.09-1024x679.jpeg 1024w, https:\/\/prensa.sma.gob.ar\/wp-content\/uploads\/2025\/04\/WhatsApp-Image-2025-04-02-at-13.29.09-300x199.jpeg 300w, https:\/\/prensa.sma.gob.ar\/wp-content\/uploads\/2025\/04\/WhatsApp-Image-2025-04-02-at-13.29.09-768x509.jpeg 768w, https:\/\/prensa.sma.gob.ar\/wp-content\/uploads\/2025\/04\/WhatsApp-Image-2025-04-02-at-13.29.09-1536x1019.jpeg 1536w, https:\/\/prensa.sma.gob.ar\/wp-content\/uploads\/2025\/04\/WhatsApp-Image-2025-04-02-at-13.29.09-633x420.jpeg 633w, https:\/\/prensa.sma.gob.ar\/wp-content\/uploads\/2025\/04\/WhatsApp-Image-2025-04-02-at-13.29.09-696x462.jpeg 696w, https:\/\/prensa.sma.gob.ar\/wp-content\/uploads\/2025\/04\/WhatsApp-Image-2025-04-02-at-13.29.09-1068x708.jpeg 1068w, https:\/\/prensa.sma.gob.ar\/wp-content\/uploads\/2025\/04\/WhatsApp-Image-2025-04-02-at-13.29.09.jpeg 1600w\" sizes=\"auto, (max-width: 1024px) 100vw, 1024px\" \/><\/figure>\n\n\n\n<figure class=\"wp-block-image size-large\"><img loading=\"lazy\" decoding=\"async\" width=\"1024\" height=\"576\" data-id=\"6384\" src=\"https:\/\/prensa.sma.gob.ar\/wp-content\/uploads\/2025\/04\/WhatsApp-Image-2025-04-02-at-13.31.29-1024x576.jpeg\" alt=\"\" class=\"wp-image-6384\" srcset=\"https:\/\/prensa.sma.gob.ar\/wp-content\/uploads\/2025\/04\/WhatsApp-Image-2025-04-02-at-13.31.29-1024x576.jpeg 1024w, https:\/\/prensa.sma.gob.ar\/wp-content\/uploads\/2025\/04\/WhatsApp-Image-2025-04-02-at-13.31.29-300x169.jpeg 300w, https:\/\/prensa.sma.gob.ar\/wp-content\/uploads\/2025\/04\/WhatsApp-Image-2025-04-02-at-13.31.29-768x432.jpeg 768w, https:\/\/prensa.sma.gob.ar\/wp-content\/uploads\/2025\/04\/WhatsApp-Image-2025-04-02-at-13.31.29-1536x864.jpeg 1536w, https:\/\/prensa.sma.gob.ar\/wp-content\/uploads\/2025\/04\/WhatsApp-Image-2025-04-02-at-13.31.29-747x420.jpeg 747w, https:\/\/prensa.sma.gob.ar\/wp-content\/uploads\/2025\/04\/WhatsApp-Image-2025-04-02-at-13.31.29-696x392.jpeg 696w, https:\/\/prensa.sma.gob.ar\/wp-content\/uploads\/2025\/04\/WhatsApp-Image-2025-04-02-at-13.31.29-1068x601.jpeg 1068w, https:\/\/prensa.sma.gob.ar\/wp-content\/uploads\/2025\/04\/WhatsApp-Image-2025-04-02-at-13.31.29.jpeg 1600w\" sizes=\"auto, (max-width: 1024px) 100vw, 1024px\" \/><\/figure>\n\n\n\n<figure class=\"wp-block-image size-large\"><img loading=\"lazy\" decoding=\"async\" width=\"1024\" height=\"744\" data-id=\"6383\" src=\"https:\/\/prensa.sma.gob.ar\/wp-content\/uploads\/2025\/04\/WhatsApp-Image-2025-04-02-at-13.31.291-1024x744.jpeg\" alt=\"\" class=\"wp-image-6383\" srcset=\"https:\/\/prensa.sma.gob.ar\/wp-content\/uploads\/2025\/04\/WhatsApp-Image-2025-04-02-at-13.31.291-1024x744.jpeg 1024w, https:\/\/prensa.sma.gob.ar\/wp-content\/uploads\/2025\/04\/WhatsApp-Image-2025-04-02-at-13.31.291-300x218.jpeg 300w, https:\/\/prensa.sma.gob.ar\/wp-content\/uploads\/2025\/04\/WhatsApp-Image-2025-04-02-at-13.31.291-768x558.jpeg 768w, https:\/\/prensa.sma.gob.ar\/wp-content\/uploads\/2025\/04\/WhatsApp-Image-2025-04-02-at-13.31.291-1536x1116.jpeg 1536w, https:\/\/prensa.sma.gob.ar\/wp-content\/uploads\/2025\/04\/WhatsApp-Image-2025-04-02-at-13.31.291-578x420.jpeg 578w, https:\/\/prensa.sma.gob.ar\/wp-content\/uploads\/2025\/04\/WhatsApp-Image-2025-04-02-at-13.31.291-696x505.jpeg 696w, https:\/\/prensa.sma.gob.ar\/wp-content\/uploads\/2025\/04\/WhatsApp-Image-2025-04-02-at-13.31.291-1068x776.jpeg 1068w, https:\/\/prensa.sma.gob.ar\/wp-content\/uploads\/2025\/04\/WhatsApp-Image-2025-04-02-at-13.31.291.jpeg 1600w\" sizes=\"auto, (max-width: 1024px) 100vw, 1024px\" \/><\/figure>\n\n\n\n<figure class=\"wp-block-image size-large\"><img loading=\"lazy\" decoding=\"async\" width=\"1024\" height=\"576\" data-id=\"6382\" src=\"https:\/\/prensa.sma.gob.ar\/wp-content\/uploads\/2025\/04\/WhatsApp-Image-2025-04-02-at-13.31.301-1024x576.jpeg\" alt=\"\" class=\"wp-image-6382\" srcset=\"https:\/\/prensa.sma.gob.ar\/wp-content\/uploads\/2025\/04\/WhatsApp-Image-2025-04-02-at-13.31.301-1024x576.jpeg 1024w, https:\/\/prensa.sma.gob.ar\/wp-content\/uploads\/2025\/04\/WhatsApp-Image-2025-04-02-at-13.31.301-300x169.jpeg 300w, https:\/\/prensa.sma.gob.ar\/wp-content\/uploads\/2025\/04\/WhatsApp-Image-2025-04-02-at-13.31.301-768x432.jpeg 768w, https:\/\/prensa.sma.gob.ar\/wp-content\/uploads\/2025\/04\/WhatsApp-Image-2025-04-02-at-13.31.301-1536x864.jpeg 1536w, https:\/\/prensa.sma.gob.ar\/wp-content\/uploads\/2025\/04\/WhatsApp-Image-2025-04-02-at-13.31.301-747x420.jpeg 747w, https:\/\/prensa.sma.gob.ar\/wp-content\/uploads\/2025\/04\/WhatsApp-Image-2025-04-02-at-13.31.301-696x392.jpeg 696w, https:\/\/prensa.sma.gob.ar\/wp-content\/uploads\/2025\/04\/WhatsApp-Image-2025-04-02-at-13.31.301-1068x601.jpeg 1068w, https:\/\/prensa.sma.gob.ar\/wp-content\/uploads\/2025\/04\/WhatsApp-Image-2025-04-02-at-13.31.301.jpeg 1600w\" sizes=\"auto, (max-width: 1024px) 100vw, 1024px\" \/><\/figure>\n\n\n\n<figure class=\"wp-block-image size-large\"><img loading=\"lazy\" decoding=\"async\" width=\"1024\" height=\"576\" data-id=\"6381\" src=\"https:\/\/prensa.sma.gob.ar\/wp-content\/uploads\/2025\/04\/WhatsApp-Image-2025-04-02-at-13.31.302-1024x576.jpeg\" alt=\"\" class=\"wp-image-6381\" srcset=\"https:\/\/prensa.sma.gob.ar\/wp-content\/uploads\/2025\/04\/WhatsApp-Image-2025-04-02-at-13.31.302-1024x576.jpeg 1024w, https:\/\/prensa.sma.gob.ar\/wp-content\/uploads\/2025\/04\/WhatsApp-Image-2025-04-02-at-13.31.302-300x169.jpeg 300w, https:\/\/prensa.sma.gob.ar\/wp-content\/uploads\/2025\/04\/WhatsApp-Image-2025-04-02-at-13.31.302-768x432.jpeg 768w, https:\/\/prensa.sma.gob.ar\/wp-content\/uploads\/2025\/04\/WhatsApp-Image-2025-04-02-at-13.31.302-1536x864.jpeg 1536w, https:\/\/prensa.sma.gob.ar\/wp-content\/uploads\/2025\/04\/WhatsApp-Image-2025-04-02-at-13.31.302-747x420.jpeg 747w, https:\/\/prensa.sma.gob.ar\/wp-content\/uploads\/2025\/04\/WhatsApp-Image-2025-04-02-at-13.31.302-696x392.jpeg 696w, https:\/\/prensa.sma.gob.ar\/wp-content\/uploads\/2025\/04\/WhatsApp-Image-2025-04-02-at-13.31.302-1068x601.jpeg 1068w, https:\/\/prensa.sma.gob.ar\/wp-content\/uploads\/2025\/04\/WhatsApp-Image-2025-04-02-at-13.31.302.jpeg 1600w\" sizes=\"auto, (max-width: 1024px) 100vw, 1024px\" \/><\/figure>\n\n\n\n<figure class=\"wp-block-image size-large\"><img loading=\"lazy\" decoding=\"async\" width=\"1024\" height=\"576\" data-id=\"6380\" src=\"https:\/\/prensa.sma.gob.ar\/wp-content\/uploads\/2025\/04\/WhatsApp-Image-2025-04-02-at-13.31.31-1024x576.jpeg\" alt=\"\" class=\"wp-image-6380\" srcset=\"https:\/\/prensa.sma.gob.ar\/wp-content\/uploads\/2025\/04\/WhatsApp-Image-2025-04-02-at-13.31.31-1024x576.jpeg 1024w, https:\/\/prensa.sma.gob.ar\/wp-content\/uploads\/2025\/04\/WhatsApp-Image-2025-04-02-at-13.31.31-300x169.jpeg 300w, https:\/\/prensa.sma.gob.ar\/wp-content\/uploads\/2025\/04\/WhatsApp-Image-2025-04-02-at-13.31.31-768x432.jpeg 768w, https:\/\/prensa.sma.gob.ar\/wp-content\/uploads\/2025\/04\/WhatsApp-Image-2025-04-02-at-13.31.31-1536x864.jpeg 1536w, https:\/\/prensa.sma.gob.ar\/wp-content\/uploads\/2025\/04\/WhatsApp-Image-2025-04-02-at-13.31.31-747x420.jpeg 747w, https:\/\/prensa.sma.gob.ar\/wp-content\/uploads\/2025\/04\/WhatsApp-Image-2025-04-02-at-13.31.31-696x392.jpeg 696w, https:\/\/prensa.sma.gob.ar\/wp-content\/uploads\/2025\/04\/WhatsApp-Image-2025-04-02-at-13.31.31-1068x601.jpeg 1068w, https:\/\/prensa.sma.gob.ar\/wp-content\/uploads\/2025\/04\/WhatsApp-Image-2025-04-02-at-13.31.31.jpeg 1600w\" sizes=\"auto, (max-width: 1024px) 100vw, 1024px\" \/><\/figure>\n\n\n\n<figure class=\"wp-block-image size-large\"><img loading=\"lazy\" decoding=\"async\" width=\"1024\" height=\"603\" data-id=\"6379\" src=\"https:\/\/prensa.sma.gob.ar\/wp-content\/uploads\/2025\/04\/WhatsApp-Image-2025-04-02-at-13.32.02-1024x603.jpeg\" alt=\"\" class=\"wp-image-6379\" srcset=\"https:\/\/prensa.sma.gob.ar\/wp-content\/uploads\/2025\/04\/WhatsApp-Image-2025-04-02-at-13.32.02-1024x603.jpeg 1024w, https:\/\/prensa.sma.gob.ar\/wp-content\/uploads\/2025\/04\/WhatsApp-Image-2025-04-02-at-13.32.02-300x177.jpeg 300w, https:\/\/prensa.sma.gob.ar\/wp-content\/uploads\/2025\/04\/WhatsApp-Image-2025-04-02-at-13.32.02-768x452.jpeg 768w, https:\/\/prensa.sma.gob.ar\/wp-content\/uploads\/2025\/04\/WhatsApp-Image-2025-04-02-at-13.32.02-1536x904.jpeg 1536w, https:\/\/prensa.sma.gob.ar\/wp-content\/uploads\/2025\/04\/WhatsApp-Image-2025-04-02-at-13.32.02-713x420.jpeg 713w, https:\/\/prensa.sma.gob.ar\/wp-content\/uploads\/2025\/04\/WhatsApp-Image-2025-04-02-at-13.32.02-696x410.jpeg 696w, https:\/\/prensa.sma.gob.ar\/wp-content\/uploads\/2025\/04\/WhatsApp-Image-2025-04-02-at-13.32.02-1068x629.jpeg 1068w, https:\/\/prensa.sma.gob.ar\/wp-content\/uploads\/2025\/04\/WhatsApp-Image-2025-04-02-at-13.32.02.jpeg 1600w\" sizes=\"auto, (max-width: 1024px) 100vw, 1024px\" \/><\/figure>\n\n\n\n<figure class=\"wp-block-image size-large\"><img loading=\"lazy\" decoding=\"async\" width=\"1024\" height=\"559\" data-id=\"6378\" src=\"https:\/\/prensa.sma.gob.ar\/wp-content\/uploads\/2025\/04\/WhatsApp-Image-2025-04-02-at-13.32.021-1024x559.jpeg\" alt=\"\" class=\"wp-image-6378\" srcset=\"https:\/\/prensa.sma.gob.ar\/wp-content\/uploads\/2025\/04\/WhatsApp-Image-2025-04-02-at-13.32.021-1024x559.jpeg 1024w, https:\/\/prensa.sma.gob.ar\/wp-content\/uploads\/2025\/04\/WhatsApp-Image-2025-04-02-at-13.32.021-300x164.jpeg 300w, https:\/\/prensa.sma.gob.ar\/wp-content\/uploads\/2025\/04\/WhatsApp-Image-2025-04-02-at-13.32.021-768x419.jpeg 768w, https:\/\/prensa.sma.gob.ar\/wp-content\/uploads\/2025\/04\/WhatsApp-Image-2025-04-02-at-13.32.021-1536x838.jpeg 1536w, https:\/\/prensa.sma.gob.ar\/wp-content\/uploads\/2025\/04\/WhatsApp-Image-2025-04-02-at-13.32.021-770x420.jpeg 770w, https:\/\/prensa.sma.gob.ar\/wp-content\/uploads\/2025\/04\/WhatsApp-Image-2025-04-02-at-13.32.021-696x380.jpeg 696w, https:\/\/prensa.sma.gob.ar\/wp-content\/uploads\/2025\/04\/WhatsApp-Image-2025-04-02-at-13.32.021-1068x583.jpeg 1068w, https:\/\/prensa.sma.gob.ar\/wp-content\/uploads\/2025\/04\/WhatsApp-Image-2025-04-02-at-13.32.021.jpeg 1600w\" sizes=\"auto, (max-width: 1024px) 100vw, 1024px\" \/><\/figure>\n\n\n\n<figure class=\"wp-block-image size-large\"><img loading=\"lazy\" decoding=\"async\" width=\"1024\" height=\"576\" data-id=\"6377\" src=\"https:\/\/prensa.sma.gob.ar\/wp-content\/uploads\/2025\/04\/WhatsApp-Image-2025-04-02-at-13.32.03-1024x576.jpeg\" alt=\"\" class=\"wp-image-6377\" srcset=\"https:\/\/prensa.sma.gob.ar\/wp-content\/uploads\/2025\/04\/WhatsApp-Image-2025-04-02-at-13.32.03-1024x576.jpeg 1024w, https:\/\/prensa.sma.gob.ar\/wp-content\/uploads\/2025\/04\/WhatsApp-Image-2025-04-02-at-13.32.03-300x169.jpeg 300w, https:\/\/prensa.sma.gob.ar\/wp-content\/uploads\/2025\/04\/WhatsApp-Image-2025-04-02-at-13.32.03-768x432.jpeg 768w, https:\/\/prensa.sma.gob.ar\/wp-content\/uploads\/2025\/04\/WhatsApp-Image-2025-04-02-at-13.32.03-1536x864.jpeg 1536w, https:\/\/prensa.sma.gob.ar\/wp-content\/uploads\/2025\/04\/WhatsApp-Image-2025-04-02-at-13.32.03-747x420.jpeg 747w, https:\/\/prensa.sma.gob.ar\/wp-content\/uploads\/2025\/04\/WhatsApp-Image-2025-04-02-at-13.32.03-696x392.jpeg 696w, https:\/\/prensa.sma.gob.ar\/wp-content\/uploads\/2025\/04\/WhatsApp-Image-2025-04-02-at-13.32.03-1068x601.jpeg 1068w, https:\/\/prensa.sma.gob.ar\/wp-content\/uploads\/2025\/04\/WhatsApp-Image-2025-04-02-at-13.32.03.jpeg 1600w\" sizes=\"auto, (max-width: 1024px) 100vw, 1024px\" \/><\/figure>\n\n\n\n<figure class=\"wp-block-image size-large\"><img loading=\"lazy\" decoding=\"async\" width=\"1024\" height=\"576\" data-id=\"6376\" src=\"https:\/\/prensa.sma.gob.ar\/wp-content\/uploads\/2025\/04\/WhatsApp-Image-2025-04-02-at-13.32.031-1024x576.jpeg\" alt=\"\" class=\"wp-image-6376\" srcset=\"https:\/\/prensa.sma.gob.ar\/wp-content\/uploads\/2025\/04\/WhatsApp-Image-2025-04-02-at-13.32.031-1024x576.jpeg 1024w, https:\/\/prensa.sma.gob.ar\/wp-content\/uploads\/2025\/04\/WhatsApp-Image-2025-04-02-at-13.32.031-300x169.jpeg 300w, https:\/\/prensa.sma.gob.ar\/wp-content\/uploads\/2025\/04\/WhatsApp-Image-2025-04-02-at-13.32.031-768x432.jpeg 768w, https:\/\/prensa.sma.gob.ar\/wp-content\/uploads\/2025\/04\/WhatsApp-Image-2025-04-02-at-13.32.031-1536x864.jpeg 1536w, https:\/\/prensa.sma.gob.ar\/wp-content\/uploads\/2025\/04\/WhatsApp-Image-2025-04-02-at-13.32.031-747x420.jpeg 747w, https:\/\/prensa.sma.gob.ar\/wp-content\/uploads\/2025\/04\/WhatsApp-Image-2025-04-02-at-13.32.031-696x392.jpeg 696w, https:\/\/prensa.sma.gob.ar\/wp-content\/uploads\/2025\/04\/WhatsApp-Image-2025-04-02-at-13.32.031-1068x601.jpeg 1068w, https:\/\/prensa.sma.gob.ar\/wp-content\/uploads\/2025\/04\/WhatsApp-Image-2025-04-02-at-13.32.031.jpeg 1600w\" sizes=\"auto, (max-width: 1024px) 100vw, 1024px\" \/><\/figure>\n\n\n\n<figure class=\"wp-block-image size-large\"><img loading=\"lazy\" decoding=\"async\" width=\"1024\" height=\"576\" data-id=\"6375\" src=\"https:\/\/prensa.sma.gob.ar\/wp-content\/uploads\/2025\/04\/WhatsApp-Image-2025-04-02-at-13.32.032-1024x576.jpeg\" alt=\"\" class=\"wp-image-6375\" srcset=\"https:\/\/prensa.sma.gob.ar\/wp-content\/uploads\/2025\/04\/WhatsApp-Image-2025-04-02-at-13.32.032-1024x576.jpeg 1024w, https:\/\/prensa.sma.gob.ar\/wp-content\/uploads\/2025\/04\/WhatsApp-Image-2025-04-02-at-13.32.032-300x169.jpeg 300w, https:\/\/prensa.sma.gob.ar\/wp-content\/uploads\/2025\/04\/WhatsApp-Image-2025-04-02-at-13.32.032-768x432.jpeg 768w, https:\/\/prensa.sma.gob.ar\/wp-content\/uploads\/2025\/04\/WhatsApp-Image-2025-04-02-at-13.32.032-1536x864.jpeg 1536w, https:\/\/prensa.sma.gob.ar\/wp-content\/uploads\/2025\/04\/WhatsApp-Image-2025-04-02-at-13.32.032-747x420.jpeg 747w, https:\/\/prensa.sma.gob.ar\/wp-content\/uploads\/2025\/04\/WhatsApp-Image-2025-04-02-at-13.32.032-696x392.jpeg 696w, https:\/\/prensa.sma.gob.ar\/wp-content\/uploads\/2025\/04\/WhatsApp-Image-2025-04-02-at-13.32.032-1068x601.jpeg 1068w, https:\/\/prensa.sma.gob.ar\/wp-content\/uploads\/2025\/04\/WhatsApp-Image-2025-04-02-at-13.32.032.jpeg 1600w\" sizes=\"auto, (max-width: 1024px) 100vw, 1024px\" \/><\/figure>\n\n\n\n<figure class=\"wp-block-image size-large\"><img loading=\"lazy\" decoding=\"async\" width=\"1024\" height=\"768\" data-id=\"6373\" src=\"https:\/\/prensa.sma.gob.ar\/wp-content\/uploads\/2025\/04\/WhatsApp-Image-2025-04-02-at-13.39.391-1024x768.jpeg\" alt=\"\" class=\"wp-image-6373\" srcset=\"https:\/\/prensa.sma.gob.ar\/wp-content\/uploads\/2025\/04\/WhatsApp-Image-2025-04-02-at-13.39.391-1024x768.jpeg 1024w, https:\/\/prensa.sma.gob.ar\/wp-content\/uploads\/2025\/04\/WhatsApp-Image-2025-04-02-at-13.39.391-300x225.jpeg 300w, https:\/\/prensa.sma.gob.ar\/wp-content\/uploads\/2025\/04\/WhatsApp-Image-2025-04-02-at-13.39.391-768x576.jpeg 768w, https:\/\/prensa.sma.gob.ar\/wp-content\/uploads\/2025\/04\/WhatsApp-Image-2025-04-02-at-13.39.391-1536x1152.jpeg 1536w, https:\/\/prensa.sma.gob.ar\/wp-content\/uploads\/2025\/04\/WhatsApp-Image-2025-04-02-at-13.39.391-560x420.jpeg 560w, https:\/\/prensa.sma.gob.ar\/wp-content\/uploads\/2025\/04\/WhatsApp-Image-2025-04-02-at-13.39.391-80x60.jpeg 80w, https:\/\/prensa.sma.gob.ar\/wp-content\/uploads\/2025\/04\/WhatsApp-Image-2025-04-02-at-13.39.391-696x522.jpeg 696w, https:\/\/prensa.sma.gob.ar\/wp-content\/uploads\/2025\/04\/WhatsApp-Image-2025-04-02-at-13.39.391-1068x801.jpeg 1068w, https:\/\/prensa.sma.gob.ar\/wp-content\/uploads\/2025\/04\/WhatsApp-Image-2025-04-02-at-13.39.391.jpeg 1600w\" sizes=\"auto, (max-width: 1024px) 100vw, 1024px\" \/><\/figure>\n\n\n\n<figure class=\"wp-block-image size-large\"><img loading=\"lazy\" decoding=\"async\" width=\"1024\" height=\"768\" data-id=\"6372\" src=\"https:\/\/prensa.sma.gob.ar\/wp-content\/uploads\/2025\/04\/WhatsApp-Image-2025-04-02-at-13.39.401-1024x768.jpeg\" alt=\"\" class=\"wp-image-6372\" srcset=\"https:\/\/prensa.sma.gob.ar\/wp-content\/uploads\/2025\/04\/WhatsApp-Image-2025-04-02-at-13.39.401-1024x768.jpeg 1024w, https:\/\/prensa.sma.gob.ar\/wp-content\/uploads\/2025\/04\/WhatsApp-Image-2025-04-02-at-13.39.401-300x225.jpeg 300w, https:\/\/prensa.sma.gob.ar\/wp-content\/uploads\/2025\/04\/WhatsApp-Image-2025-04-02-at-13.39.401-768x576.jpeg 768w, https:\/\/prensa.sma.gob.ar\/wp-content\/uploads\/2025\/04\/WhatsApp-Image-2025-04-02-at-13.39.401-1536x1152.jpeg 1536w, https:\/\/prensa.sma.gob.ar\/wp-content\/uploads\/2025\/04\/WhatsApp-Image-2025-04-02-at-13.39.401-560x420.jpeg 560w, https:\/\/prensa.sma.gob.ar\/wp-content\/uploads\/2025\/04\/WhatsApp-Image-2025-04-02-at-13.39.401-80x60.jpeg 80w, https:\/\/prensa.sma.gob.ar\/wp-content\/uploads\/2025\/04\/WhatsApp-Image-2025-04-02-at-13.39.401-696x522.jpeg 696w, https:\/\/prensa.sma.gob.ar\/wp-content\/uploads\/2025\/04\/WhatsApp-Image-2025-04-02-at-13.39.401-1068x801.jpeg 1068w, https:\/\/prensa.sma.gob.ar\/wp-content\/uploads\/2025\/04\/WhatsApp-Image-2025-04-02-at-13.39.401.jpeg 1600w\" sizes=\"auto, (max-width: 1024px) 100vw, 1024px\" \/><\/figure>\n<\/figure>\n","protected":false},"excerpt":{"rendered":"<p>Una gran concurrencia de vecinas y vecinos acompa\u00f1\u00f3 este mi\u00e9rcoles a los excombatientes de la Guerra de Malvinas, al cumplirse el 43\u00b0 aniversario del comienzo de las acciones militares en el Atl\u00e1ntico Sur argentino. El acto incluy\u00f3 las actividades principales en la plaza San Mart\u00edn, la inauguraci\u00f3n de un monumento en Av. Costanera y Juez [&hellip;]<\/p>\n","protected":false},"author":2,"featured_media":6416,"comment_status":"closed","ping_status":"open","sticky":false,"template":"","format":"standard","meta":{"footnotes":""},"categories":[16,14,17],"tags":[],"class_list":{"0":"post-6371","1":"post","2":"type-post","3":"status-publish","4":"format-standard","5":"has-post-thumbnail","7":"category-destacadas","8":"category-noticias","9":"category-portada"},"_links":{"self":[{"href":"https:\/\/prensa.sma.gob.ar\/index.php?rest_route=\/wp\/v2\/posts\/6371","targetHints":{"allow":["GET"]}}],"collection":[{"href":"https:\/\/prensa.sma.gob.ar\/index.php?rest_route=\/wp\/v2\/posts"}],"about":[{"href":"https:\/\/prensa.sma.gob.ar\/index.php?rest_route=\/wp\/v2\/types\/post"}],"author":[{"embeddable":true,"href":"https:\/\/prensa.sma.gob.ar\/index.php?rest_route=\/wp\/v2\/users\/2"}],"replies":[{"embeddable":true,"href":"https:\/\/prensa.sma.gob.ar\/index.php?rest_route=%2Fwp%2Fv2%2Fcomments&post=6371"}],"version-history":[{"count":4,"href":"https:\/\/prensa.sma.gob.ar\/index.php?rest_route=\/wp\/v2\/posts\/6371\/revisions"}],"predecessor-version":[{"id":6423,"href":"https:\/\/prensa.sma.gob.ar\/index.php?rest_route=\/wp\/v2\/posts\/6371\/revisions\/6423"}],"wp:featuredmedia":[{"embeddable":true,"href":"https:\/\/prensa.sma.gob.ar\/index.php?rest_route=\/wp\/v2\/media\/6416"}],"wp:attachment":[{"href":"https:\/\/prensa.sma.gob.ar\/index.php?rest_route=%2Fwp%2Fv2%2Fmedia&parent=6371"}],"wp:term":[{"taxonomy":"category","embeddable":true,"href":"https:\/\/prensa.sma.gob.ar\/index.php?rest_route=%2Fwp%2Fv2%2Fcategories&post=6371"},{"taxonomy":"post_tag","embeddable":true,"href":"https:\/\/prensa.sma.gob.ar\/index.php?rest_route=%2Fwp%2Fv2%2Ftags&post=6371"}],"curies":[{"name":"wp","href":"https:\/\/api.w.org\/{rel}","templated":true}]}}