{"id":640,"date":"2024-06-24T12:40:54","date_gmt":"2024-06-24T12:40:54","guid":{"rendered":"https:\/\/prensa.sma.gob.ar\/?p=640"},"modified":"2024-06-24T12:40:56","modified_gmt":"2024-06-24T12:40:56","slug":"concluyeron-las-obras-con-hormigon-de-avenida-los-lagos","status":"publish","type":"post","link":"https:\/\/prensa.sma.gob.ar\/?p=640","title":{"rendered":"Concluyeron las obras con hormig\u00f3n de avenida Los Lagos"},"content":{"rendered":"\n<p>Finalizaron las tareas de hormigonado de la avenida Los Lagos y concluy\u00f3 as\u00ed la etapa de pavimentaci\u00f3n de casi 2.100 metros. Para la entrega oficial de la obra, quedan pendientes tareas de terminaciones -suspendidas por reciente temporal de nieve y lluvias- que se ir\u00e1n realizando en los pr\u00f3ximos.<\/p>\n\n\n\n<p>Los Lagos comenz\u00f3 a pavimentarse en febrero de 2023, con financiamiento del Estado Nacional. Tras la veda clim\u00e1tica de aquel a\u00f1o y algunas interrupciones en el env\u00edo de dinero, el cambio de administraci\u00f3n nacional deriv\u00f3 en la paralizaci\u00f3n de la obra. Desde enero, el Municipio retom\u00f3 los trabajos con recursos propios de los aportes de los vecinos y esto permiti\u00f3 la concreci\u00f3n de la obra.<\/p>\n\n\n\n<figure class=\"wp-block-gallery has-nested-images columns-default is-cropped wp-block-gallery-1 is-layout-flex wp-block-gallery-is-layout-flex\">\n<figure class=\"wp-block-image size-large\"><img loading=\"lazy\" decoding=\"async\" width=\"1024\" height=\"576\" data-id=\"642\" src=\"https:\/\/prensa.sma.gob.ar\/wp-content\/uploads\/2024\/06\/WhatsApp-Image-2024-06-19-at-14.52.39-1024x576.jpeg\" alt=\"\" class=\"wp-image-642\" srcset=\"https:\/\/prensa.sma.gob.ar\/wp-content\/uploads\/2024\/06\/WhatsApp-Image-2024-06-19-at-14.52.39-1024x576.jpeg 1024w, https:\/\/prensa.sma.gob.ar\/wp-content\/uploads\/2024\/06\/WhatsApp-Image-2024-06-19-at-14.52.39-300x169.jpeg 300w, https:\/\/prensa.sma.gob.ar\/wp-content\/uploads\/2024\/06\/WhatsApp-Image-2024-06-19-at-14.52.39-768x432.jpeg 768w, https:\/\/prensa.sma.gob.ar\/wp-content\/uploads\/2024\/06\/WhatsApp-Image-2024-06-19-at-14.52.39-747x420.jpeg 747w, https:\/\/prensa.sma.gob.ar\/wp-content\/uploads\/2024\/06\/WhatsApp-Image-2024-06-19-at-14.52.39-696x392.jpeg 696w, https:\/\/prensa.sma.gob.ar\/wp-content\/uploads\/2024\/06\/WhatsApp-Image-2024-06-19-at-14.52.39-1068x601.jpeg 1068w, https:\/\/prensa.sma.gob.ar\/wp-content\/uploads\/2024\/06\/WhatsApp-Image-2024-06-19-at-14.52.39.jpeg 1280w\" sizes=\"auto, (max-width: 1024px) 100vw, 1024px\" \/><\/figure>\n\n\n\n<figure class=\"wp-block-image size-large\"><img loading=\"lazy\" decoding=\"async\" width=\"1024\" height=\"576\" data-id=\"643\" src=\"https:\/\/prensa.sma.gob.ar\/wp-content\/uploads\/2024\/06\/WhatsApp-Image-2024-06-19-at-14.52.382-1024x576.jpeg\" alt=\"\" class=\"wp-image-643\" srcset=\"https:\/\/prensa.sma.gob.ar\/wp-content\/uploads\/2024\/06\/WhatsApp-Image-2024-06-19-at-14.52.382-1024x576.jpeg 1024w, https:\/\/prensa.sma.gob.ar\/wp-content\/uploads\/2024\/06\/WhatsApp-Image-2024-06-19-at-14.52.382-300x169.jpeg 300w, https:\/\/prensa.sma.gob.ar\/wp-content\/uploads\/2024\/06\/WhatsApp-Image-2024-06-19-at-14.52.382-768x432.jpeg 768w, https:\/\/prensa.sma.gob.ar\/wp-content\/uploads\/2024\/06\/WhatsApp-Image-2024-06-19-at-14.52.382-747x420.jpeg 747w, https:\/\/prensa.sma.gob.ar\/wp-content\/uploads\/2024\/06\/WhatsApp-Image-2024-06-19-at-14.52.382-696x392.jpeg 696w, https:\/\/prensa.sma.gob.ar\/wp-content\/uploads\/2024\/06\/WhatsApp-Image-2024-06-19-at-14.52.382-1068x601.jpeg 1068w, https:\/\/prensa.sma.gob.ar\/wp-content\/uploads\/2024\/06\/WhatsApp-Image-2024-06-19-at-14.52.382.jpeg 1280w\" sizes=\"auto, (max-width: 1024px) 100vw, 1024px\" \/><\/figure>\n<\/figure>\n\n\n\n<p>La avenida une Cordones del Chapelco, desde la calle Cerro Mesa, con Vega Maip\u00fa y Nahuil\u00e9n hasta la Ruta Nacional 40. Se trata de una antigua demanda de vecinas y vecinos de muchos barrios que beneficiar\u00e1 a miles de personas por d\u00eda que se desplazan en el transporte p\u00fablico como en veh\u00edculos particulares.<\/p>\n\n\n\n<p>El Municipio pide especial atenci\u00f3n en el tr\u00e1nsito por la zona ya que siguen trabajando personal y maquinaria de Obras P\u00fablicas hasta tanto se realice la entrega formal del trabajo.<\/p>\n\n\n\n<figure class=\"wp-block-gallery has-nested-images columns-default is-cropped wp-block-gallery-2 is-layout-flex wp-block-gallery-is-layout-flex\">\n<figure class=\"wp-block-image size-large\"><img loading=\"lazy\" decoding=\"async\" width=\"1024\" height=\"576\" data-id=\"641\" src=\"https:\/\/prensa.sma.gob.ar\/wp-content\/uploads\/2024\/06\/WhatsApp-Image-2024-06-19-at-14.52.40-1024x576.jpeg\" alt=\"\" class=\"wp-image-641\" srcset=\"https:\/\/prensa.sma.gob.ar\/wp-content\/uploads\/2024\/06\/WhatsApp-Image-2024-06-19-at-14.52.40-1024x576.jpeg 1024w, https:\/\/prensa.sma.gob.ar\/wp-content\/uploads\/2024\/06\/WhatsApp-Image-2024-06-19-at-14.52.40-300x169.jpeg 300w, https:\/\/prensa.sma.gob.ar\/wp-content\/uploads\/2024\/06\/WhatsApp-Image-2024-06-19-at-14.52.40-768x432.jpeg 768w, https:\/\/prensa.sma.gob.ar\/wp-content\/uploads\/2024\/06\/WhatsApp-Image-2024-06-19-at-14.52.40-747x420.jpeg 747w, https:\/\/prensa.sma.gob.ar\/wp-content\/uploads\/2024\/06\/WhatsApp-Image-2024-06-19-at-14.52.40-696x392.jpeg 696w, https:\/\/prensa.sma.gob.ar\/wp-content\/uploads\/2024\/06\/WhatsApp-Image-2024-06-19-at-14.52.40-1068x601.jpeg 1068w, https:\/\/prensa.sma.gob.ar\/wp-content\/uploads\/2024\/06\/WhatsApp-Image-2024-06-19-at-14.52.40.jpeg 1280w\" sizes=\"auto, (max-width: 1024px) 100vw, 1024px\" \/><\/figure>\n\n\n\n<figure class=\"wp-block-image size-large\"><img loading=\"lazy\" decoding=\"async\" width=\"1024\" height=\"576\" data-id=\"644\" src=\"https:\/\/prensa.sma.gob.ar\/wp-content\/uploads\/2024\/06\/WhatsApp-Image-2024-06-19-at-14.52.381-1024x576.jpeg\" alt=\"\" class=\"wp-image-644\" srcset=\"https:\/\/prensa.sma.gob.ar\/wp-content\/uploads\/2024\/06\/WhatsApp-Image-2024-06-19-at-14.52.381-1024x576.jpeg 1024w, https:\/\/prensa.sma.gob.ar\/wp-content\/uploads\/2024\/06\/WhatsApp-Image-2024-06-19-at-14.52.381-300x169.jpeg 300w, https:\/\/prensa.sma.gob.ar\/wp-content\/uploads\/2024\/06\/WhatsApp-Image-2024-06-19-at-14.52.381-768x432.jpeg 768w, https:\/\/prensa.sma.gob.ar\/wp-content\/uploads\/2024\/06\/WhatsApp-Image-2024-06-19-at-14.52.381-747x420.jpeg 747w, https:\/\/prensa.sma.gob.ar\/wp-content\/uploads\/2024\/06\/WhatsApp-Image-2024-06-19-at-14.52.381-696x392.jpeg 696w, https:\/\/prensa.sma.gob.ar\/wp-content\/uploads\/2024\/06\/WhatsApp-Image-2024-06-19-at-14.52.381-1068x601.jpeg 1068w, https:\/\/prensa.sma.gob.ar\/wp-content\/uploads\/2024\/06\/WhatsApp-Image-2024-06-19-at-14.52.381.jpeg 1280w\" sizes=\"auto, (max-width: 1024px) 100vw, 1024px\" \/><\/figure>\n<\/figure>\n","protected":false},"excerpt":{"rendered":"<p>Finalizaron las tareas de hormigonado de la avenida Los Lagos y concluy\u00f3 as\u00ed la etapa de pavimentaci\u00f3n de casi 2.100 metros. Para la entrega oficial de la obra, quedan pendientes tareas de terminaciones -suspendidas por reciente temporal de nieve y lluvias- que se ir\u00e1n realizando en los pr\u00f3ximos. Los Lagos comenz\u00f3 a pavimentarse en febrero [&hellip;]<\/p>\n","protected":false},"author":2,"featured_media":645,"comment_status":"closed","ping_status":"open","sticky":false,"template":"","format":"standard","meta":{"footnotes":""},"categories":[16,11,14,19,17],"tags":[],"class_list":{"0":"post-640","1":"post","2":"type-post","3":"status-publish","4":"format-standard","5":"has-post-thumbnail","7":"category-destacadas","8":"category-gobierno","9":"category-noticias","10":"category-obras-y-servicios-publicos","11":"category-portada"},"_links":{"self":[{"href":"https:\/\/prensa.sma.gob.ar\/index.php?rest_route=\/wp\/v2\/posts\/640","targetHints":{"allow":["GET"]}}],"collection":[{"href":"https:\/\/prensa.sma.gob.ar\/index.php?rest_route=\/wp\/v2\/posts"}],"about":[{"href":"https:\/\/prensa.sma.gob.ar\/index.php?rest_route=\/wp\/v2\/types\/post"}],"author":[{"embeddable":true,"href":"https:\/\/prensa.sma.gob.ar\/index.php?rest_route=\/wp\/v2\/users\/2"}],"replies":[{"embeddable":true,"href":"https:\/\/prensa.sma.gob.ar\/index.php?rest_route=%2Fwp%2Fv2%2Fcomments&post=640"}],"version-history":[{"count":1,"href":"https:\/\/prensa.sma.gob.ar\/index.php?rest_route=\/wp\/v2\/posts\/640\/revisions"}],"predecessor-version":[{"id":646,"href":"https:\/\/prensa.sma.gob.ar\/index.php?rest_route=\/wp\/v2\/posts\/640\/revisions\/646"}],"wp:featuredmedia":[{"embeddable":true,"href":"https:\/\/prensa.sma.gob.ar\/index.php?rest_route=\/wp\/v2\/media\/645"}],"wp:attachment":[{"href":"https:\/\/prensa.sma.gob.ar\/index.php?rest_route=%2Fwp%2Fv2%2Fmedia&parent=640"}],"wp:term":[{"taxonomy":"category","embeddable":true,"href":"https:\/\/prensa.sma.gob.ar\/index.php?rest_route=%2Fwp%2Fv2%2Fcategories&post=640"},{"taxonomy":"post_tag","embeddable":true,"href":"https:\/\/prensa.sma.gob.ar\/index.php?rest_route=%2Fwp%2Fv2%2Ftags&post=640"}],"curies":[{"name":"wp","href":"https:\/\/api.w.org\/{rel}","templated":true}]}}