{"id":6425,"date":"2025-04-04T12:07:25","date_gmt":"2025-04-04T12:07:25","guid":{"rendered":"https:\/\/prensa.sma.gob.ar\/?p=6425"},"modified":"2025-04-04T12:07:27","modified_gmt":"2025-04-04T12:07:27","slug":"destacada-actuacion-de-jovenes-sanmartinenses-de-escalada-deportiva-en-el-campeonato-juvenil-del-valle","status":"publish","type":"post","link":"https:\/\/prensa.sma.gob.ar\/?p=6425","title":{"rendered":"Destacada actuaci\u00f3n de j\u00f3venes sanmartinenses de Escalada Deportiva en el Campeonato Juvenil del Valle"},"content":{"rendered":"\n<p>Una muy buena actuaci\u00f3n tuvieron las y los representantes de la \u00abAsociaci\u00f3n Civil de Snowboard y Monta\u00f1a Embajador de los Andes\u00bb en el reciente encuentro regional de Escalada Deportiva. Los j\u00f3venes contaron con una asistencia del Municipio a trav\u00e9s de la Subsecretar\u00eda de Deportes.<\/p>\n\n\n\n<p>Hubo competencias en las categor\u00edas 2010 &#8211; 2011- 2012, exclusivamente para competidores de la provincia de Neuqu\u00e9n; y en juveniles categor\u00edas C 2013 y 2014 y juveniles A 2008 y 2009.<\/p>\n\n\n\n<p>El encuentro, que se realiz\u00f3 el pasado fin de semana, incluy\u00f3 el Selectivo Provincial para los Juegos de Integraci\u00f3n Patag\u00f3nica, que se desarrollar\u00e1 en abril en Santa Cruz.<\/p>\n\n\n\n<p>Categor\u00eda Juvenil A Masculino: Marcial Spasoff, segundo puesto.<\/p>\n\n\n\n<p>Categor\u00eda Juvenil B Masculino: Juan Tato Araya, segundo puesto (clasifica al Patag\u00f3nico); Agustino Espinosa, tercer puesto.<\/p>\n\n\n\n<p>Categor\u00eda Juvenil B Femenino: Helena Rico Galeano, primer puesto (clasifica al Patag\u00f3nico)<br>Martina Ferreyra Lorese, tercer puesto.<\/p>\n\n\n\n<p>Categor\u00eda Juvenil C Masculino: Tomas Sequeiros, segundo puesto; Ciro Mc Cormik, tercer puesto.<\/p>\n\n\n\n<figure class=\"wp-block-gallery has-nested-images columns-default is-cropped wp-block-gallery-1 is-layout-flex wp-block-gallery-is-layout-flex\">\n<figure class=\"wp-block-image size-large\"><img loading=\"lazy\" decoding=\"async\" width=\"576\" height=\"1024\" data-id=\"6462\" src=\"https:\/\/prensa.sma.gob.ar\/wp-content\/uploads\/2025\/04\/EMBAJADORES-1-2-576x1024.jpg\" alt=\"\" class=\"wp-image-6462\" srcset=\"https:\/\/prensa.sma.gob.ar\/wp-content\/uploads\/2025\/04\/EMBAJADORES-1-2-576x1024.jpg 576w, https:\/\/prensa.sma.gob.ar\/wp-content\/uploads\/2025\/04\/EMBAJADORES-1-2-169x300.jpg 169w, https:\/\/prensa.sma.gob.ar\/wp-content\/uploads\/2025\/04\/EMBAJADORES-1-2-236x420.jpg 236w, https:\/\/prensa.sma.gob.ar\/wp-content\/uploads\/2025\/04\/EMBAJADORES-1-2-696x1237.jpg 696w, https:\/\/prensa.sma.gob.ar\/wp-content\/uploads\/2025\/04\/EMBAJADORES-1-2.jpg 720w\" sizes=\"auto, (max-width: 576px) 100vw, 576px\" \/><\/figure>\n\n\n\n<figure class=\"wp-block-image size-large\"><img loading=\"lazy\" decoding=\"async\" width=\"768\" height=\"1024\" data-id=\"6463\" src=\"https:\/\/prensa.sma.gob.ar\/wp-content\/uploads\/2025\/04\/EMBAJADORES-2-2-768x1024.jpg\" alt=\"\" class=\"wp-image-6463\" srcset=\"https:\/\/prensa.sma.gob.ar\/wp-content\/uploads\/2025\/04\/EMBAJADORES-2-2-768x1024.jpg 768w, https:\/\/prensa.sma.gob.ar\/wp-content\/uploads\/2025\/04\/EMBAJADORES-2-2-225x300.jpg 225w, https:\/\/prensa.sma.gob.ar\/wp-content\/uploads\/2025\/04\/EMBAJADORES-2-2-1152x1536.jpg 1152w, https:\/\/prensa.sma.gob.ar\/wp-content\/uploads\/2025\/04\/EMBAJADORES-2-2-315x420.jpg 315w, https:\/\/prensa.sma.gob.ar\/wp-content\/uploads\/2025\/04\/EMBAJADORES-2-2-696x928.jpg 696w, https:\/\/prensa.sma.gob.ar\/wp-content\/uploads\/2025\/04\/EMBAJADORES-2-2-1068x1424.jpg 1068w, https:\/\/prensa.sma.gob.ar\/wp-content\/uploads\/2025\/04\/EMBAJADORES-2-2.jpg 1200w\" sizes=\"auto, (max-width: 768px) 100vw, 768px\" \/><\/figure>\n\n\n\n<figure class=\"wp-block-image size-large\"><img loading=\"lazy\" decoding=\"async\" width=\"576\" height=\"1024\" data-id=\"6459\" src=\"https:\/\/prensa.sma.gob.ar\/wp-content\/uploads\/2025\/04\/EMBAJADORES-3-2-576x1024.jpg\" alt=\"\" class=\"wp-image-6459\" srcset=\"https:\/\/prensa.sma.gob.ar\/wp-content\/uploads\/2025\/04\/EMBAJADORES-3-2-576x1024.jpg 576w, https:\/\/prensa.sma.gob.ar\/wp-content\/uploads\/2025\/04\/EMBAJADORES-3-2-169x300.jpg 169w, https:\/\/prensa.sma.gob.ar\/wp-content\/uploads\/2025\/04\/EMBAJADORES-3-2-236x420.jpg 236w, https:\/\/prensa.sma.gob.ar\/wp-content\/uploads\/2025\/04\/EMBAJADORES-3-2-696x1237.jpg 696w, https:\/\/prensa.sma.gob.ar\/wp-content\/uploads\/2025\/04\/EMBAJADORES-3-2.jpg 720w\" sizes=\"auto, (max-width: 576px) 100vw, 576px\" \/><\/figure>\n\n\n\n<figure class=\"wp-block-image size-large\"><img loading=\"lazy\" decoding=\"async\" width=\"576\" height=\"1024\" data-id=\"6461\" src=\"https:\/\/prensa.sma.gob.ar\/wp-content\/uploads\/2025\/04\/EMBAJADORES-4-2-576x1024.jpg\" alt=\"\" class=\"wp-image-6461\" srcset=\"https:\/\/prensa.sma.gob.ar\/wp-content\/uploads\/2025\/04\/EMBAJADORES-4-2-576x1024.jpg 576w, https:\/\/prensa.sma.gob.ar\/wp-content\/uploads\/2025\/04\/EMBAJADORES-4-2-169x300.jpg 169w, https:\/\/prensa.sma.gob.ar\/wp-content\/uploads\/2025\/04\/EMBAJADORES-4-2-236x420.jpg 236w, https:\/\/prensa.sma.gob.ar\/wp-content\/uploads\/2025\/04\/EMBAJADORES-4-2-696x1237.jpg 696w, https:\/\/prensa.sma.gob.ar\/wp-content\/uploads\/2025\/04\/EMBAJADORES-4-2.jpg 720w\" sizes=\"auto, (max-width: 576px) 100vw, 576px\" \/><\/figure>\n\n\n\n<figure class=\"wp-block-image size-large\"><img loading=\"lazy\" decoding=\"async\" width=\"576\" height=\"1024\" data-id=\"6464\" src=\"https:\/\/prensa.sma.gob.ar\/wp-content\/uploads\/2025\/04\/EMBAJADORES-5-2-576x1024.jpg\" alt=\"\" class=\"wp-image-6464\" srcset=\"https:\/\/prensa.sma.gob.ar\/wp-content\/uploads\/2025\/04\/EMBAJADORES-5-2-576x1024.jpg 576w, https:\/\/prensa.sma.gob.ar\/wp-content\/uploads\/2025\/04\/EMBAJADORES-5-2-169x300.jpg 169w, https:\/\/prensa.sma.gob.ar\/wp-content\/uploads\/2025\/04\/EMBAJADORES-5-2-236x420.jpg 236w, https:\/\/prensa.sma.gob.ar\/wp-content\/uploads\/2025\/04\/EMBAJADORES-5-2-696x1237.jpg 696w, https:\/\/prensa.sma.gob.ar\/wp-content\/uploads\/2025\/04\/EMBAJADORES-5-2.jpg 720w\" sizes=\"auto, (max-width: 576px) 100vw, 576px\" \/><\/figure>\n\n\n\n<figure class=\"wp-block-image size-large\"><img loading=\"lazy\" decoding=\"async\" width=\"576\" height=\"1024\" data-id=\"6460\" src=\"https:\/\/prensa.sma.gob.ar\/wp-content\/uploads\/2025\/04\/EMBAJADORES-6-2-576x1024.jpg\" alt=\"\" class=\"wp-image-6460\" srcset=\"https:\/\/prensa.sma.gob.ar\/wp-content\/uploads\/2025\/04\/EMBAJADORES-6-2-576x1024.jpg 576w, https:\/\/prensa.sma.gob.ar\/wp-content\/uploads\/2025\/04\/EMBAJADORES-6-2-169x300.jpg 169w, https:\/\/prensa.sma.gob.ar\/wp-content\/uploads\/2025\/04\/EMBAJADORES-6-2-236x420.jpg 236w, https:\/\/prensa.sma.gob.ar\/wp-content\/uploads\/2025\/04\/EMBAJADORES-6-2-696x1237.jpg 696w, https:\/\/prensa.sma.gob.ar\/wp-content\/uploads\/2025\/04\/EMBAJADORES-6-2.jpg 720w\" sizes=\"auto, (max-width: 576px) 100vw, 576px\" \/><\/figure>\n\n\n\n<figure class=\"wp-block-image size-large\"><img loading=\"lazy\" decoding=\"async\" width=\"768\" height=\"1024\" data-id=\"6467\" src=\"https:\/\/prensa.sma.gob.ar\/wp-content\/uploads\/2025\/04\/EMBAJADORES-7-2-768x1024.jpg\" alt=\"\" class=\"wp-image-6467\" srcset=\"https:\/\/prensa.sma.gob.ar\/wp-content\/uploads\/2025\/04\/EMBAJADORES-7-2-768x1024.jpg 768w, https:\/\/prensa.sma.gob.ar\/wp-content\/uploads\/2025\/04\/EMBAJADORES-7-2-225x300.jpg 225w, https:\/\/prensa.sma.gob.ar\/wp-content\/uploads\/2025\/04\/EMBAJADORES-7-2-1152x1536.jpg 1152w, https:\/\/prensa.sma.gob.ar\/wp-content\/uploads\/2025\/04\/EMBAJADORES-7-2-315x420.jpg 315w, https:\/\/prensa.sma.gob.ar\/wp-content\/uploads\/2025\/04\/EMBAJADORES-7-2-696x928.jpg 696w, https:\/\/prensa.sma.gob.ar\/wp-content\/uploads\/2025\/04\/EMBAJADORES-7-2-1068x1424.jpg 1068w, https:\/\/prensa.sma.gob.ar\/wp-content\/uploads\/2025\/04\/EMBAJADORES-7-2.jpg 1200w\" sizes=\"auto, (max-width: 768px) 100vw, 768px\" \/><\/figure>\n\n\n\n<figure class=\"wp-block-image size-large\"><img loading=\"lazy\" decoding=\"async\" width=\"768\" height=\"1024\" data-id=\"6466\" src=\"https:\/\/prensa.sma.gob.ar\/wp-content\/uploads\/2025\/04\/EMBAJADORES-8-2-768x1024.jpg\" alt=\"\" class=\"wp-image-6466\" srcset=\"https:\/\/prensa.sma.gob.ar\/wp-content\/uploads\/2025\/04\/EMBAJADORES-8-2-768x1024.jpg 768w, https:\/\/prensa.sma.gob.ar\/wp-content\/uploads\/2025\/04\/EMBAJADORES-8-2-225x300.jpg 225w, https:\/\/prensa.sma.gob.ar\/wp-content\/uploads\/2025\/04\/EMBAJADORES-8-2-1152x1536.jpg 1152w, https:\/\/prensa.sma.gob.ar\/wp-content\/uploads\/2025\/04\/EMBAJADORES-8-2-315x420.jpg 315w, https:\/\/prensa.sma.gob.ar\/wp-content\/uploads\/2025\/04\/EMBAJADORES-8-2-696x928.jpg 696w, https:\/\/prensa.sma.gob.ar\/wp-content\/uploads\/2025\/04\/EMBAJADORES-8-2-1068x1424.jpg 1068w, https:\/\/prensa.sma.gob.ar\/wp-content\/uploads\/2025\/04\/EMBAJADORES-8-2.jpg 1200w\" sizes=\"auto, (max-width: 768px) 100vw, 768px\" \/><\/figure>\n\n\n\n<figure class=\"wp-block-image size-large\"><img loading=\"lazy\" decoding=\"async\" width=\"576\" height=\"1024\" data-id=\"6465\" src=\"https:\/\/prensa.sma.gob.ar\/wp-content\/uploads\/2025\/04\/EMBAJADORES-10-576x1024.jpg\" alt=\"\" class=\"wp-image-6465\" srcset=\"https:\/\/prensa.sma.gob.ar\/wp-content\/uploads\/2025\/04\/EMBAJADORES-10-576x1024.jpg 576w, https:\/\/prensa.sma.gob.ar\/wp-content\/uploads\/2025\/04\/EMBAJADORES-10-169x300.jpg 169w, https:\/\/prensa.sma.gob.ar\/wp-content\/uploads\/2025\/04\/EMBAJADORES-10-236x420.jpg 236w, https:\/\/prensa.sma.gob.ar\/wp-content\/uploads\/2025\/04\/EMBAJADORES-10-696x1237.jpg 696w, https:\/\/prensa.sma.gob.ar\/wp-content\/uploads\/2025\/04\/EMBAJADORES-10.jpg 720w\" sizes=\"auto, (max-width: 576px) 100vw, 576px\" \/><\/figure>\n<\/figure>\n\n\n\n<p><\/p>\n","protected":false},"excerpt":{"rendered":"<p>Una muy buena actuaci\u00f3n tuvieron las y los representantes de la \u00abAsociaci\u00f3n Civil de Snowboard y Monta\u00f1a Embajador de los Andes\u00bb en el reciente encuentro regional de Escalada Deportiva. Los j\u00f3venes contaron con una asistencia del Municipio a trav\u00e9s de la Subsecretar\u00eda de Deportes. Hubo competencias en las categor\u00edas 2010 &#8211; 2011- 2012, exclusivamente para [&hellip;]<\/p>\n","protected":false},"author":1,"featured_media":6427,"comment_status":"closed","ping_status":"open","sticky":false,"template":"","format":"standard","meta":{"footnotes":""},"categories":[7,16,11,14],"tags":[],"class_list":{"0":"post-6425","1":"post","2":"type-post","3":"status-publish","4":"format-standard","5":"has-post-thumbnail","7":"category-deportes","8":"category-destacadas","9":"category-gobierno","10":"category-noticias"},"_links":{"self":[{"href":"https:\/\/prensa.sma.gob.ar\/index.php?rest_route=\/wp\/v2\/posts\/6425","targetHints":{"allow":["GET"]}}],"collection":[{"href":"https:\/\/prensa.sma.gob.ar\/index.php?rest_route=\/wp\/v2\/posts"}],"about":[{"href":"https:\/\/prensa.sma.gob.ar\/index.php?rest_route=\/wp\/v2\/types\/post"}],"author":[{"embeddable":true,"href":"https:\/\/prensa.sma.gob.ar\/index.php?rest_route=\/wp\/v2\/users\/1"}],"replies":[{"embeddable":true,"href":"https:\/\/prensa.sma.gob.ar\/index.php?rest_route=%2Fwp%2Fv2%2Fcomments&post=6425"}],"version-history":[{"count":1,"href":"https:\/\/prensa.sma.gob.ar\/index.php?rest_route=\/wp\/v2\/posts\/6425\/revisions"}],"predecessor-version":[{"id":6468,"href":"https:\/\/prensa.sma.gob.ar\/index.php?rest_route=\/wp\/v2\/posts\/6425\/revisions\/6468"}],"wp:featuredmedia":[{"embeddable":true,"href":"https:\/\/prensa.sma.gob.ar\/index.php?rest_route=\/wp\/v2\/media\/6427"}],"wp:attachment":[{"href":"https:\/\/prensa.sma.gob.ar\/index.php?rest_route=%2Fwp%2Fv2%2Fmedia&parent=6425"}],"wp:term":[{"taxonomy":"category","embeddable":true,"href":"https:\/\/prensa.sma.gob.ar\/index.php?rest_route=%2Fwp%2Fv2%2Fcategories&post=6425"},{"taxonomy":"post_tag","embeddable":true,"href":"https:\/\/prensa.sma.gob.ar\/index.php?rest_route=%2Fwp%2Fv2%2Ftags&post=6425"}],"curies":[{"name":"wp","href":"https:\/\/api.w.org\/{rel}","templated":true}]}}