{"id":6444,"date":"2025-04-03T15:44:52","date_gmt":"2025-04-03T15:44:52","guid":{"rendered":"https:\/\/prensa.sma.gob.ar\/?p=6444"},"modified":"2025-04-03T15:50:03","modified_gmt":"2025-04-03T15:50:03","slug":"el-intendente-carlos-saloniti-elogio-la-firma-del-convenio-con-provincia-contra-el-narcomenudeo","status":"publish","type":"post","link":"https:\/\/prensa.sma.gob.ar\/?p=6444","title":{"rendered":"El intendente Carlos Saloniti elogi\u00f3 la firma del convenio con Provincia contra el narcomenudeo"},"content":{"rendered":"\n<p>El intendente de San Mart\u00edn de los Andes, Carlos Saloniti, destac\u00f3 la decisi\u00f3n provincial de asumir la responsabilidad de dar pelea al narcotr\u00e1fico y, en particular, a la venta minorista de drogas, por entender que es una de las formas de proteger a la juventud neuquina, y record\u00f3 que, hasta ahora, esta actividad estaba reservada a las fuerzas federales.<\/p>\n\n\n\n<p>Al hablar durante el acto de firma del convenio, del que participaron el gobernador Rolando Figueroa, varios ministros, todos los jefes comunales, y representantes del Poder Judicial y del Poder Legislativo, Saloniti se\u00f1al\u00f3 que el objetivo principal de esta decisi\u00f3n es proteger a las y los j\u00f3venes de la Provincia que son v\u00edctimas del negocios vinculados al narcotr\u00e1fico\u201d.<\/p>\n\n\n\n<p>\u201cEl narcomenudeo no es un tema menor, vemos que otros pa\u00edses tienen serios problemas. Seguramente por omisi\u00f3n, algunos gobiernos centrales evitan enfrentar este tema. No es f\u00e1cil tomar la decisi\u00f3n que tom\u00f3 el Gobierno neuquino, lo m\u00e1s c\u00f3modo hubiese sido no tomar este compromiso\u201d, se\u00f1al\u00f3 Saloniti.<\/p>\n\n\n\n<p>Afirm\u00f3 que este convenio \u201crequiere que los tres poderes del estado tengan el mismo compromiso y la misma velocidad de acci\u00f3n, sin echarnos culpas entre poderes o instituciones, porque la sociedad necesita que estemos todos juntos\u201d.<\/p>\n\n\n\n<p>Reafirm\u00f3 que \u201chay que entender la dimensi\u00f3n que tiene la droga y eso implica saber que ataca a la juventud. Y este Gobierno provincial no s\u00f3lo toma esta decisi\u00f3n sino que trabaja para que los j\u00f3venes tengan oportunidades, para que haya trabajo e inversi\u00f3n\u201d. Saloniti se refiri\u00f3 as\u00ed a la inversi\u00f3n hist\u00f3rica en Educaci\u00f3n, a las becas estudiantiles Gregorio \u00c1lvarez y al programa de asistencia financiera a clubes de barrios, entre otras pol\u00edticas provinciales.<\/p>\n\n\n\n<p>Record\u00f3 que \u201ccuando en San Martin de los Andes tuvimos un gran problema de seguridad, vino un especialista y dijo algo que yo no me olvid\u00e9 m\u00e1s: el problema principal de los delitos es la ausencia de un proyecto de vida para los adolescentes\u201d. &nbsp;En ese sentido, Saloniti reafirm\u00f3: \u201cSin un proyecto de vida, no hay forma de sacar adelante a esta sociedad\u201d.<\/p>\n\n\n\n<p>\u201cUna parte (de la lucha) es enfrentar ese quiosco que todos vemos en nuestros Barrios, enfrentarlo, decirlo; que los vecinos no tengan miedo, porque antes tem\u00edan a la represalia\u201d, afirm\u00f3. &nbsp;Sobre este tema, se\u00f1al\u00f3: \u201ces importante que los intendentes nos involucremos, porque en lo cotidiano nos atraviesan muchas cosas: el alumbrado, el barrido, la limpieza\u2026 Pero hay un tema central que tiene que ver con nuestros j\u00f3venes. Y los j\u00f3venes necesitan que la justicia llegue con todo el peso de la ley, sin contemplaciones, &nbsp;y que el que le hace da\u00f1o a un joven est\u00e9 en la c\u00e1rcel, como se merece\u201d.<\/p>\n\n\n\n<p>\u201cEsper\u00e1bamos este momento y s\u00e9 que el compromiso de todos va a ser que tengamos una sociedad mucho mejor, que es lo que todos nos est\u00e1n pidiendo (\u2026) S\u00e9 que Neuqu\u00e9n no solo ser\u00e1 reflejo de crecimiento y desarrollo sino que tambi\u00e9n va a ser una provincia que se enfrente al narcomenudeo\u201d, concluy\u00f3 el jefe comunal sanmartinense.<\/p>\n\n\n\n<figure class=\"wp-block-gallery has-nested-images columns-default is-cropped wp-block-gallery-1 is-layout-flex wp-block-gallery-is-layout-flex\">\n<figure class=\"wp-block-image size-large\"><img loading=\"lazy\" decoding=\"async\" width=\"1024\" height=\"682\" data-id=\"6453\" src=\"https:\/\/prensa.sma.gob.ar\/wp-content\/uploads\/2025\/04\/WhatsApp-Image-2025-04-01-at-14.55.53-2-1024x682.jpeg\" alt=\"\" class=\"wp-image-6453\" srcset=\"https:\/\/prensa.sma.gob.ar\/wp-content\/uploads\/2025\/04\/WhatsApp-Image-2025-04-01-at-14.55.53-2-1024x682.jpeg 1024w, https:\/\/prensa.sma.gob.ar\/wp-content\/uploads\/2025\/04\/WhatsApp-Image-2025-04-01-at-14.55.53-2-300x200.jpeg 300w, https:\/\/prensa.sma.gob.ar\/wp-content\/uploads\/2025\/04\/WhatsApp-Image-2025-04-01-at-14.55.53-2-768x512.jpeg 768w, https:\/\/prensa.sma.gob.ar\/wp-content\/uploads\/2025\/04\/WhatsApp-Image-2025-04-01-at-14.55.53-2-1536x1023.jpeg 1536w, https:\/\/prensa.sma.gob.ar\/wp-content\/uploads\/2025\/04\/WhatsApp-Image-2025-04-01-at-14.55.53-2-630x420.jpeg 630w, https:\/\/prensa.sma.gob.ar\/wp-content\/uploads\/2025\/04\/WhatsApp-Image-2025-04-01-at-14.55.53-2-696x464.jpeg 696w, https:\/\/prensa.sma.gob.ar\/wp-content\/uploads\/2025\/04\/WhatsApp-Image-2025-04-01-at-14.55.53-2-1068x712.jpeg 1068w, https:\/\/prensa.sma.gob.ar\/wp-content\/uploads\/2025\/04\/WhatsApp-Image-2025-04-01-at-14.55.53-2.jpeg 1600w\" sizes=\"auto, (max-width: 1024px) 100vw, 1024px\" \/><\/figure>\n\n\n\n<figure class=\"wp-block-image size-large\"><img loading=\"lazy\" decoding=\"async\" width=\"1024\" height=\"768\" data-id=\"6452\" src=\"https:\/\/prensa.sma.gob.ar\/wp-content\/uploads\/2025\/04\/WhatsApp-Image-2025-04-01-at-13.26.19-3-1024x768.jpeg\" alt=\"\" class=\"wp-image-6452\" srcset=\"https:\/\/prensa.sma.gob.ar\/wp-content\/uploads\/2025\/04\/WhatsApp-Image-2025-04-01-at-13.26.19-3-1024x768.jpeg 1024w, https:\/\/prensa.sma.gob.ar\/wp-content\/uploads\/2025\/04\/WhatsApp-Image-2025-04-01-at-13.26.19-3-300x225.jpeg 300w, https:\/\/prensa.sma.gob.ar\/wp-content\/uploads\/2025\/04\/WhatsApp-Image-2025-04-01-at-13.26.19-3-768x576.jpeg 768w, https:\/\/prensa.sma.gob.ar\/wp-content\/uploads\/2025\/04\/WhatsApp-Image-2025-04-01-at-13.26.19-3-560x420.jpeg 560w, https:\/\/prensa.sma.gob.ar\/wp-content\/uploads\/2025\/04\/WhatsApp-Image-2025-04-01-at-13.26.19-3-80x60.jpeg 80w, https:\/\/prensa.sma.gob.ar\/wp-content\/uploads\/2025\/04\/WhatsApp-Image-2025-04-01-at-13.26.19-3-696x522.jpeg 696w, https:\/\/prensa.sma.gob.ar\/wp-content\/uploads\/2025\/04\/WhatsApp-Image-2025-04-01-at-13.26.19-3-1068x801.jpeg 1068w, https:\/\/prensa.sma.gob.ar\/wp-content\/uploads\/2025\/04\/WhatsApp-Image-2025-04-01-at-13.26.19-3.jpeg 1280w\" sizes=\"auto, (max-width: 1024px) 100vw, 1024px\" \/><\/figure>\n\n\n\n<figure class=\"wp-block-image size-large\"><img loading=\"lazy\" decoding=\"async\" width=\"1024\" height=\"749\" data-id=\"6447\" src=\"https:\/\/prensa.sma.gob.ar\/wp-content\/uploads\/2025\/04\/WhatsApp-Image-2025-04-01-at-14.55.54-1024x749.jpeg\" alt=\"\" class=\"wp-image-6447\" srcset=\"https:\/\/prensa.sma.gob.ar\/wp-content\/uploads\/2025\/04\/WhatsApp-Image-2025-04-01-at-14.55.54-1024x749.jpeg 1024w, https:\/\/prensa.sma.gob.ar\/wp-content\/uploads\/2025\/04\/WhatsApp-Image-2025-04-01-at-14.55.54-300x219.jpeg 300w, https:\/\/prensa.sma.gob.ar\/wp-content\/uploads\/2025\/04\/WhatsApp-Image-2025-04-01-at-14.55.54-768x562.jpeg 768w, https:\/\/prensa.sma.gob.ar\/wp-content\/uploads\/2025\/04\/WhatsApp-Image-2025-04-01-at-14.55.54-1536x1123.jpeg 1536w, https:\/\/prensa.sma.gob.ar\/wp-content\/uploads\/2025\/04\/WhatsApp-Image-2025-04-01-at-14.55.54-574x420.jpeg 574w, https:\/\/prensa.sma.gob.ar\/wp-content\/uploads\/2025\/04\/WhatsApp-Image-2025-04-01-at-14.55.54-80x60.jpeg 80w, https:\/\/prensa.sma.gob.ar\/wp-content\/uploads\/2025\/04\/WhatsApp-Image-2025-04-01-at-14.55.54-696x509.jpeg 696w, https:\/\/prensa.sma.gob.ar\/wp-content\/uploads\/2025\/04\/WhatsApp-Image-2025-04-01-at-14.55.54-1068x781.jpeg 1068w, https:\/\/prensa.sma.gob.ar\/wp-content\/uploads\/2025\/04\/WhatsApp-Image-2025-04-01-at-14.55.54.jpeg 1600w\" sizes=\"auto, (max-width: 1024px) 100vw, 1024px\" \/><\/figure>\n<\/figure>\n","protected":false},"excerpt":{"rendered":"<p>El intendente de San Mart\u00edn de los Andes, Carlos Saloniti, destac\u00f3 la decisi\u00f3n provincial de asumir la responsabilidad de dar pelea al narcotr\u00e1fico y, en particular, a la venta minorista de drogas, por entender que es una de las formas de proteger a la juventud neuquina, y record\u00f3 que, hasta ahora, esta actividad estaba reservada [&hellip;]<\/p>\n","protected":false},"author":2,"featured_media":6455,"comment_status":"closed","ping_status":"open","sticky":false,"template":"","format":"standard","meta":{"footnotes":""},"categories":[16,14,17],"tags":[],"class_list":{"0":"post-6444","1":"post","2":"type-post","3":"status-publish","4":"format-standard","5":"has-post-thumbnail","7":"category-destacadas","8":"category-noticias","9":"category-portada"},"_links":{"self":[{"href":"https:\/\/prensa.sma.gob.ar\/index.php?rest_route=\/wp\/v2\/posts\/6444","targetHints":{"allow":["GET"]}}],"collection":[{"href":"https:\/\/prensa.sma.gob.ar\/index.php?rest_route=\/wp\/v2\/posts"}],"about":[{"href":"https:\/\/prensa.sma.gob.ar\/index.php?rest_route=\/wp\/v2\/types\/post"}],"author":[{"embeddable":true,"href":"https:\/\/prensa.sma.gob.ar\/index.php?rest_route=\/wp\/v2\/users\/2"}],"replies":[{"embeddable":true,"href":"https:\/\/prensa.sma.gob.ar\/index.php?rest_route=%2Fwp%2Fv2%2Fcomments&post=6444"}],"version-history":[{"count":2,"href":"https:\/\/prensa.sma.gob.ar\/index.php?rest_route=\/wp\/v2\/posts\/6444\/revisions"}],"predecessor-version":[{"id":6457,"href":"https:\/\/prensa.sma.gob.ar\/index.php?rest_route=\/wp\/v2\/posts\/6444\/revisions\/6457"}],"wp:featuredmedia":[{"embeddable":true,"href":"https:\/\/prensa.sma.gob.ar\/index.php?rest_route=\/wp\/v2\/media\/6455"}],"wp:attachment":[{"href":"https:\/\/prensa.sma.gob.ar\/index.php?rest_route=%2Fwp%2Fv2%2Fmedia&parent=6444"}],"wp:term":[{"taxonomy":"category","embeddable":true,"href":"https:\/\/prensa.sma.gob.ar\/index.php?rest_route=%2Fwp%2Fv2%2Fcategories&post=6444"},{"taxonomy":"post_tag","embeddable":true,"href":"https:\/\/prensa.sma.gob.ar\/index.php?rest_route=%2Fwp%2Fv2%2Ftags&post=6444"}],"curies":[{"name":"wp","href":"https:\/\/api.w.org\/{rel}","templated":true}]}}