{"id":6487,"date":"2025-04-05T13:26:07","date_gmt":"2025-04-05T13:26:07","guid":{"rendered":"https:\/\/prensa.sma.gob.ar\/?p=6487"},"modified":"2025-04-05T14:36:55","modified_gmt":"2025-04-05T14:36:55","slug":"provincia-adjudico-la-construccion-del-cpem-n-96-de-casi-2-000-metros-cuadrados","status":"publish","type":"post","link":"https:\/\/prensa.sma.gob.ar\/?p=6487","title":{"rendered":"Provincia adjudic\u00f3 la construcci\u00f3n del CPEM N\u00b0 96, de casi 2.000 metros cuadrados"},"content":{"rendered":"\n<p>El gobernador Rolando Figueroa adjudic\u00f3 la obra del nuevo edificio para el CPEM N\u00b0 96 de San Mart\u00edn de los Andes a la empresa Julio C\u00e9sar Maiolo, una de las dos compa\u00f1\u00edas que hab\u00edan presentado ofertas en la licitaci\u00f3n iniciada a fines de diciembre pasado.<\/p>\n\n\n\n<p>Seg\u00fan consta en el decreto 365\/2025, la firma present\u00f3 la oferta m\u00e1s conveniente para la realizaci\u00f3n del nuevo edificio en el marco del proceso licitatorio que impuls\u00f3 el gobierno provincial, con una inversi\u00f3n hist\u00f3rica para mejorar la oferta del sistema educativo en la localidad.<\/p>\n\n\n\n<p>El nuevo edificio, de acuerdo al presupuesto oficial demandar\u00e1 una inversi\u00f3n de m\u00e1s de cuatro mil seiscientos cincuenta millones de pesos, a valores del mes de noviembre de 2024, con un plazo de ejecuci\u00f3n de cuatrocientos cincuenta (450) d\u00edas corridos, con la entrega de un anticipo financiero del 20% del monto a contratar.<\/p>\n\n\n\n<p>La obra del CPEM N\u00b0 96 para J\u00f3venes y adultos, se ubicar\u00e1 al sudeste de Chacra 30, junto a la Escuela N\u00b0 359, de nivel primario, y tendr\u00e1 una superficie de 1.977 metros cuadrados cubiertos.<\/p>\n\n\n\n<p>Actualmente el CPEM funciona en turno noche en el edificio de la 359 y cuenta con una matr\u00edcula de 205 estudiantes. Su oferta incluye las orientaciones de bachillerato en Servicios Tur\u00edsticos (de cuatro a\u00f1os), y perito mercantil con especialidad en Auxiliar en Administraci\u00f3n (de tres a\u00f1os).<\/p>\n\n\n\n<p>La obra, priorizada por el gobierno provincial en acuerdo con un pedido del Municipio de San Mart\u00edn de los Andes, se enmarca en el Plan Integral de Infraestructura Educativa, tal como est\u00e1 estipulado en el Presupuesto de este a\u00f1o.<\/p>\n\n\n\n<p>El establecimiento estar\u00e1 delimitado por Avenida Los Lagos, Cerro Wayle y Cerro Bella Vista. Con una superficie cubierta de 1.977 m\u00b2, el proyecto incluye siete aulas de teor\u00eda, un aula multiprop\u00f3sito, una biblioteca, un aula de inform\u00e1tica, un sal\u00f3n de usos m\u00faltiples (SUM) y \u00e1reas recreativas al aire libre.<\/p>\n\n\n\n<p>El edificio estar\u00e1 dividido en dos sectores: \u00c1rea Norte, que contemplar\u00e1 la administraci\u00f3n, biblioteca, aula de inform\u00e1tica, aula multiprop\u00f3sito, sector pedag\u00f3gico, sala de profesores y seis aulas de teor\u00eda. \u00c1rea Sur, donde estar\u00e1 el SUM, sanitarios, dep\u00f3sito de educaci\u00f3n f\u00edsica, kiosco, cocina y dependencias.<\/p>\n\n\n\n<p>El acceso al edificio se materializar\u00e1 a trav\u00e9s de una plaza seca con estacionamiento y d\u00e1rsena de ascenso y descenso de alumnas y alumnos. El patio contar\u00e1 con un play\u00f3n de juegos de 521 m2 y dos m\u00e1stiles en su frente.<\/p>\n\n\n\n<p>Tal como se manifest\u00f3 en el acto de apertura de sobres en el mes de diciembre, respecto al d\u00e9ficit de planificaci\u00f3n de edificios educativos, la resoluci\u00f3n de manera estructural con un edificio nuevo para el CPEM 96, permite recuperar el uso completo de una escuela primaria que hoy tiene afectado parte de su horario al funcionamiento de este centro de educaci\u00f3n de nivel Media; y&nbsp; tambi\u00e9n proyectar un crecimiento \u2013 para este secundario- que est\u00e1 emplazado en una zona de gran incremento demogr\u00e1fico en la localidad.<\/p>\n\n\n\n<p>La construcci\u00f3n del Cpem 96 est\u00e1 incluida en el \u00e1rea de Educaci\u00f3n del Presupuesto provincial 2025, junto a los nuevos edificios del Centro de Iniciaci\u00f3n Art\u00edstica (CIART) N\u00ba 5, del Centro de Formaci\u00f3n Profesional (CFP 19) y de la Escuela Integral de Adultos y J\u00f3venes N\u00ba 3, adem\u00e1s de obras en el Cpem 28 y la ampliaci\u00f3n de la Epet 21. Esto se suma a las obras en la Escuela primaria 33, de Quila Quina; la Escuela primaria 86; el Cpem 13, adem\u00e1s de las ya inauguradas escuelas de Lolog, Lago Hermoso y Pil Pil.<\/p>\n\n\n\n<p><\/p>\n","protected":false},"excerpt":{"rendered":"<p>El gobernador Rolando Figueroa adjudic\u00f3 la obra del nuevo edificio para el CPEM N\u00b0 96 de San Mart\u00edn de los Andes a la empresa Julio C\u00e9sar Maiolo, una de las dos compa\u00f1\u00edas que hab\u00edan presentado ofertas en la licitaci\u00f3n iniciada a fines de diciembre pasado. Seg\u00fan consta en el decreto 365\/2025, la firma present\u00f3 la [&hellip;]<\/p>\n","protected":false},"author":2,"featured_media":6488,"comment_status":"closed","ping_status":"open","sticky":false,"template":"","format":"standard","meta":{"footnotes":""},"categories":[16,9,14,17],"tags":[],"class_list":{"0":"post-6487","1":"post","2":"type-post","3":"status-publish","4":"format-standard","5":"has-post-thumbnail","7":"category-destacadas","8":"category-educacion","9":"category-noticias","10":"category-portada"},"_links":{"self":[{"href":"https:\/\/prensa.sma.gob.ar\/index.php?rest_route=\/wp\/v2\/posts\/6487","targetHints":{"allow":["GET"]}}],"collection":[{"href":"https:\/\/prensa.sma.gob.ar\/index.php?rest_route=\/wp\/v2\/posts"}],"about":[{"href":"https:\/\/prensa.sma.gob.ar\/index.php?rest_route=\/wp\/v2\/types\/post"}],"author":[{"embeddable":true,"href":"https:\/\/prensa.sma.gob.ar\/index.php?rest_route=\/wp\/v2\/users\/2"}],"replies":[{"embeddable":true,"href":"https:\/\/prensa.sma.gob.ar\/index.php?rest_route=%2Fwp%2Fv2%2Fcomments&post=6487"}],"version-history":[{"count":3,"href":"https:\/\/prensa.sma.gob.ar\/index.php?rest_route=\/wp\/v2\/posts\/6487\/revisions"}],"predecessor-version":[{"id":6493,"href":"https:\/\/prensa.sma.gob.ar\/index.php?rest_route=\/wp\/v2\/posts\/6487\/revisions\/6493"}],"wp:featuredmedia":[{"embeddable":true,"href":"https:\/\/prensa.sma.gob.ar\/index.php?rest_route=\/wp\/v2\/media\/6488"}],"wp:attachment":[{"href":"https:\/\/prensa.sma.gob.ar\/index.php?rest_route=%2Fwp%2Fv2%2Fmedia&parent=6487"}],"wp:term":[{"taxonomy":"category","embeddable":true,"href":"https:\/\/prensa.sma.gob.ar\/index.php?rest_route=%2Fwp%2Fv2%2Fcategories&post=6487"},{"taxonomy":"post_tag","embeddable":true,"href":"https:\/\/prensa.sma.gob.ar\/index.php?rest_route=%2Fwp%2Fv2%2Ftags&post=6487"}],"curies":[{"name":"wp","href":"https:\/\/api.w.org\/{rel}","templated":true}]}}