{"id":649,"date":"2024-06-24T21:30:37","date_gmt":"2024-06-24T21:30:37","guid":{"rendered":"https:\/\/prensa.sma.gob.ar\/?p=649"},"modified":"2024-06-25T00:01:02","modified_gmt":"2024-06-25T00:01:02","slug":"se-realizaron-tareas-de-mantenimiento-de-los-semaforos-en-la-ciudad","status":"publish","type":"post","link":"https:\/\/prensa.sma.gob.ar\/?p=649","title":{"rendered":"Realizaron el mantenimiento de los sem\u00e1foros de la ciudad"},"content":{"rendered":"\n<p>Una comisi\u00f3n del Municipio de Neuqu\u00e9n, del sector de Semaforizaci\u00f3n a cargo de su director, Alberto Mardones, realiz\u00f3 tareas de mantenimiento de los dos puntos de sem\u00e1foros existentes en el ejido municipal de San Mart\u00edn de los Andes: Escuela N\u00b0 86 \u00abBatalla de Maipu\u00bb y CPEM 28.<\/p>\n\n\n\n<p>Se efectu\u00f3 la programaci\u00f3n de ambos controladores y se realiz\u00f3 el acondicionamiento del funcionamiento c\u00edclico, se cambi\u00f3 el m\u00f3dulo contador que presentaba fallas.<\/p>\n\n\n\n<figure class=\"wp-block-image size-large\"><img loading=\"lazy\" decoding=\"async\" width=\"768\" height=\"1024\" src=\"https:\/\/prensa.sma.gob.ar\/wp-content\/uploads\/2024\/06\/SEMAFOROS-1-768x1024.jpg\" alt=\"\" class=\"wp-image-651\" srcset=\"https:\/\/prensa.sma.gob.ar\/wp-content\/uploads\/2024\/06\/SEMAFOROS-1-768x1024.jpg 768w, https:\/\/prensa.sma.gob.ar\/wp-content\/uploads\/2024\/06\/SEMAFOROS-1-225x300.jpg 225w, https:\/\/prensa.sma.gob.ar\/wp-content\/uploads\/2024\/06\/SEMAFOROS-1-315x420.jpg 315w, https:\/\/prensa.sma.gob.ar\/wp-content\/uploads\/2024\/06\/SEMAFOROS-1-696x928.jpg 696w, https:\/\/prensa.sma.gob.ar\/wp-content\/uploads\/2024\/06\/SEMAFOROS-1.jpg 780w\" sizes=\"auto, (max-width: 768px) 100vw, 768px\" \/><\/figure>\n\n\n\n<p>Tambi\u00e9n se realizaron cambios de placas de potencia quemadas; transistores de amarillos vehiculares y varistores de protecci\u00f3n de alta tensi\u00f3n, as\u00ed como tambi\u00e9n se ampliaron en ambos controladores los espacios de tiempo peatonal, para un mejor despeje del cruce.<\/p>\n\n\n\n<p>La llegada a nuestra ciudad del equipo t\u00e9cnico fue el resultado de la gesti\u00f3n realizada desde la Secretar\u00eda de Gobierno Municipal, Direcci\u00f3n de Seguridad Ciudadana, ante la Secretar\u00eda de Movilidad y Servicios al Ciudadano de Neuqu\u00e9n. Las tareas contaron adem\u00e1s con la asistencia de un cami\u00f3n del \u00e1rea de Espacios Verdes del Municipio.<\/p>\n\n\n\n<figure class=\"wp-block-image size-large is-resized\"><img loading=\"lazy\" decoding=\"async\" width=\"460\" height=\"1024\" src=\"https:\/\/prensa.sma.gob.ar\/wp-content\/uploads\/2024\/06\/SEMAFOROS-4-460x1024.jpg\" alt=\"\" class=\"wp-image-653\" style=\"width:696px;height:auto\" srcset=\"https:\/\/prensa.sma.gob.ar\/wp-content\/uploads\/2024\/06\/SEMAFOROS-4-460x1024.jpg 460w, https:\/\/prensa.sma.gob.ar\/wp-content\/uploads\/2024\/06\/SEMAFOROS-4-135x300.jpg 135w, https:\/\/prensa.sma.gob.ar\/wp-content\/uploads\/2024\/06\/SEMAFOROS-4-690x1536.jpg 690w, https:\/\/prensa.sma.gob.ar\/wp-content\/uploads\/2024\/06\/SEMAFOROS-4-189x420.jpg 189w, https:\/\/prensa.sma.gob.ar\/wp-content\/uploads\/2024\/06\/SEMAFOROS-4-696x1549.jpg 696w, https:\/\/prensa.sma.gob.ar\/wp-content\/uploads\/2024\/06\/SEMAFOROS-4.jpg 719w\" sizes=\"auto, (max-width: 460px) 100vw, 460px\" \/><\/figure>\n\n\n\n<p>Este trabajo conjunto permiti\u00f3 poder dejar a punto los dos puntos de sem\u00e1foros existentes, esenciales para la prestaci\u00f3n no s\u00f3lo del cruce en horarios escolares habituales sino tambi\u00e9n como una prestaci\u00f3n a los vecinos y tr\u00e1nsito vehicular diario.<\/p>\n\n\n\n<figure class=\"wp-block-image size-large\"><img loading=\"lazy\" decoding=\"async\" width=\"768\" height=\"1024\" src=\"https:\/\/prensa.sma.gob.ar\/wp-content\/uploads\/2024\/06\/SEMAFOROS-768x1024.jpg\" alt=\"\" class=\"wp-image-654\" srcset=\"https:\/\/prensa.sma.gob.ar\/wp-content\/uploads\/2024\/06\/SEMAFOROS-768x1024.jpg 768w, https:\/\/prensa.sma.gob.ar\/wp-content\/uploads\/2024\/06\/SEMAFOROS-225x300.jpg 225w, https:\/\/prensa.sma.gob.ar\/wp-content\/uploads\/2024\/06\/SEMAFOROS-315x420.jpg 315w, https:\/\/prensa.sma.gob.ar\/wp-content\/uploads\/2024\/06\/SEMAFOROS-696x928.jpg 696w, https:\/\/prensa.sma.gob.ar\/wp-content\/uploads\/2024\/06\/SEMAFOROS.jpg 780w\" sizes=\"auto, (max-width: 768px) 100vw, 768px\" \/><\/figure>\n","protected":false},"excerpt":{"rendered":"<p>Una comisi\u00f3n del Municipio de Neuqu\u00e9n, del sector de Semaforizaci\u00f3n a cargo de su director, Alberto Mardones, realiz\u00f3 tareas de mantenimiento de los dos puntos de sem\u00e1foros existentes en el ejido municipal de San Mart\u00edn de los Andes: Escuela N\u00b0 86 \u00abBatalla de Maipu\u00bb y CPEM 28. Se efectu\u00f3 la programaci\u00f3n de ambos controladores y [&hellip;]<\/p>\n","protected":false},"author":1,"featured_media":650,"comment_status":"open","ping_status":"open","sticky":false,"template":"","format":"standard","meta":{"footnotes":""},"categories":[14,19],"tags":[],"class_list":{"0":"post-649","1":"post","2":"type-post","3":"status-publish","4":"format-standard","5":"has-post-thumbnail","7":"category-noticias","8":"category-obras-y-servicios-publicos"},"_links":{"self":[{"href":"https:\/\/prensa.sma.gob.ar\/index.php?rest_route=\/wp\/v2\/posts\/649","targetHints":{"allow":["GET"]}}],"collection":[{"href":"https:\/\/prensa.sma.gob.ar\/index.php?rest_route=\/wp\/v2\/posts"}],"about":[{"href":"https:\/\/prensa.sma.gob.ar\/index.php?rest_route=\/wp\/v2\/types\/post"}],"author":[{"embeddable":true,"href":"https:\/\/prensa.sma.gob.ar\/index.php?rest_route=\/wp\/v2\/users\/1"}],"replies":[{"embeddable":true,"href":"https:\/\/prensa.sma.gob.ar\/index.php?rest_route=%2Fwp%2Fv2%2Fcomments&post=649"}],"version-history":[{"count":7,"href":"https:\/\/prensa.sma.gob.ar\/index.php?rest_route=\/wp\/v2\/posts\/649\/revisions"}],"predecessor-version":[{"id":669,"href":"https:\/\/prensa.sma.gob.ar\/index.php?rest_route=\/wp\/v2\/posts\/649\/revisions\/669"}],"wp:featuredmedia":[{"embeddable":true,"href":"https:\/\/prensa.sma.gob.ar\/index.php?rest_route=\/wp\/v2\/media\/650"}],"wp:attachment":[{"href":"https:\/\/prensa.sma.gob.ar\/index.php?rest_route=%2Fwp%2Fv2%2Fmedia&parent=649"}],"wp:term":[{"taxonomy":"category","embeddable":true,"href":"https:\/\/prensa.sma.gob.ar\/index.php?rest_route=%2Fwp%2Fv2%2Fcategories&post=649"},{"taxonomy":"post_tag","embeddable":true,"href":"https:\/\/prensa.sma.gob.ar\/index.php?rest_route=%2Fwp%2Fv2%2Ftags&post=649"}],"curies":[{"name":"wp","href":"https:\/\/api.w.org\/{rel}","templated":true}]}}