{"id":6500,"date":"2025-04-07T17:39:16","date_gmt":"2025-04-07T17:39:16","guid":{"rendered":"https:\/\/prensa.sma.gob.ar\/?p=6500"},"modified":"2025-04-07T17:39:17","modified_gmt":"2025-04-07T17:39:17","slug":"comenzaron-los-trabajos-de-reparacion-del-puente-sobre-callejon-de-torres","status":"publish","type":"post","link":"https:\/\/prensa.sma.gob.ar\/?p=6500","title":{"rendered":"Comenzaron los trabajos de reparaci\u00f3n del puente sobre Callej\u00f3n de Torres"},"content":{"rendered":"\n<p>Este lunes, personal de la Subsecretar\u00eda de Obras P\u00fabicas comenz\u00f3 los trabajos en el puente del Callej\u00f3n de Torres, que incluye el cambio de piezas de su estructura y colocar tablones nuevos.<\/p>\n\n\n\n<p>Adem\u00e1s, el Municipio trabaj\u00f3 en el cauce del arroyo, incluyendo trabajos de limpieza, con participaci\u00f3n de personal de las direcciones de Hidr\u00e1ulica y de Espacios Verdes.<\/p>\n\n\n\n<p>El Callej\u00f3n de Torres permanecer\u00e1 cerrado por unos diez d\u00edas, seg\u00fan el avance de la obra.<\/p>\n\n\n\n<figure class=\"wp-block-gallery has-nested-images columns-default is-cropped wp-block-gallery-1 is-layout-flex wp-block-gallery-is-layout-flex\">\n<figure class=\"wp-block-image size-large\"><img loading=\"lazy\" decoding=\"async\" width=\"1024\" height=\"768\" data-id=\"6506\" src=\"https:\/\/prensa.sma.gob.ar\/wp-content\/uploads\/2025\/04\/WhatsApp-Image-2025-04-07-at-14.05.44-1024x768.jpeg\" alt=\"\" class=\"wp-image-6506\" srcset=\"https:\/\/prensa.sma.gob.ar\/wp-content\/uploads\/2025\/04\/WhatsApp-Image-2025-04-07-at-14.05.44-1024x768.jpeg 1024w, https:\/\/prensa.sma.gob.ar\/wp-content\/uploads\/2025\/04\/WhatsApp-Image-2025-04-07-at-14.05.44-300x225.jpeg 300w, https:\/\/prensa.sma.gob.ar\/wp-content\/uploads\/2025\/04\/WhatsApp-Image-2025-04-07-at-14.05.44-768x576.jpeg 768w, https:\/\/prensa.sma.gob.ar\/wp-content\/uploads\/2025\/04\/WhatsApp-Image-2025-04-07-at-14.05.44-1536x1152.jpeg 1536w, https:\/\/prensa.sma.gob.ar\/wp-content\/uploads\/2025\/04\/WhatsApp-Image-2025-04-07-at-14.05.44-560x420.jpeg 560w, https:\/\/prensa.sma.gob.ar\/wp-content\/uploads\/2025\/04\/WhatsApp-Image-2025-04-07-at-14.05.44-80x60.jpeg 80w, https:\/\/prensa.sma.gob.ar\/wp-content\/uploads\/2025\/04\/WhatsApp-Image-2025-04-07-at-14.05.44-696x522.jpeg 696w, https:\/\/prensa.sma.gob.ar\/wp-content\/uploads\/2025\/04\/WhatsApp-Image-2025-04-07-at-14.05.44-1068x801.jpeg 1068w, https:\/\/prensa.sma.gob.ar\/wp-content\/uploads\/2025\/04\/WhatsApp-Image-2025-04-07-at-14.05.44.jpeg 1600w\" sizes=\"auto, (max-width: 1024px) 100vw, 1024px\" \/><\/figure>\n\n\n\n<figure class=\"wp-block-image size-large\"><img loading=\"lazy\" decoding=\"async\" width=\"768\" height=\"1024\" data-id=\"6504\" src=\"https:\/\/prensa.sma.gob.ar\/wp-content\/uploads\/2025\/04\/WhatsApp-Image-2025-04-07-at-14.05.43-768x1024.jpeg\" alt=\"\" class=\"wp-image-6504\" srcset=\"https:\/\/prensa.sma.gob.ar\/wp-content\/uploads\/2025\/04\/WhatsApp-Image-2025-04-07-at-14.05.43-768x1024.jpeg 768w, https:\/\/prensa.sma.gob.ar\/wp-content\/uploads\/2025\/04\/WhatsApp-Image-2025-04-07-at-14.05.43-225x300.jpeg 225w, https:\/\/prensa.sma.gob.ar\/wp-content\/uploads\/2025\/04\/WhatsApp-Image-2025-04-07-at-14.05.43-1152x1536.jpeg 1152w, https:\/\/prensa.sma.gob.ar\/wp-content\/uploads\/2025\/04\/WhatsApp-Image-2025-04-07-at-14.05.43-315x420.jpeg 315w, https:\/\/prensa.sma.gob.ar\/wp-content\/uploads\/2025\/04\/WhatsApp-Image-2025-04-07-at-14.05.43-696x928.jpeg 696w, https:\/\/prensa.sma.gob.ar\/wp-content\/uploads\/2025\/04\/WhatsApp-Image-2025-04-07-at-14.05.43-1068x1424.jpeg 1068w, https:\/\/prensa.sma.gob.ar\/wp-content\/uploads\/2025\/04\/WhatsApp-Image-2025-04-07-at-14.05.43.jpeg 1200w\" sizes=\"auto, (max-width: 768px) 100vw, 768px\" \/><\/figure>\n\n\n\n<figure class=\"wp-block-image size-large\"><img loading=\"lazy\" decoding=\"async\" width=\"768\" height=\"1024\" data-id=\"6505\" src=\"https:\/\/prensa.sma.gob.ar\/wp-content\/uploads\/2025\/04\/WhatsApp-Image-2025-04-07-at-14.05.42-768x1024.jpeg\" alt=\"\" class=\"wp-image-6505\" srcset=\"https:\/\/prensa.sma.gob.ar\/wp-content\/uploads\/2025\/04\/WhatsApp-Image-2025-04-07-at-14.05.42-768x1024.jpeg 768w, https:\/\/prensa.sma.gob.ar\/wp-content\/uploads\/2025\/04\/WhatsApp-Image-2025-04-07-at-14.05.42-225x300.jpeg 225w, https:\/\/prensa.sma.gob.ar\/wp-content\/uploads\/2025\/04\/WhatsApp-Image-2025-04-07-at-14.05.42-1152x1536.jpeg 1152w, https:\/\/prensa.sma.gob.ar\/wp-content\/uploads\/2025\/04\/WhatsApp-Image-2025-04-07-at-14.05.42-315x420.jpeg 315w, https:\/\/prensa.sma.gob.ar\/wp-content\/uploads\/2025\/04\/WhatsApp-Image-2025-04-07-at-14.05.42-696x928.jpeg 696w, https:\/\/prensa.sma.gob.ar\/wp-content\/uploads\/2025\/04\/WhatsApp-Image-2025-04-07-at-14.05.42-1068x1424.jpeg 1068w, https:\/\/prensa.sma.gob.ar\/wp-content\/uploads\/2025\/04\/WhatsApp-Image-2025-04-07-at-14.05.42.jpeg 1200w\" sizes=\"auto, (max-width: 768px) 100vw, 768px\" \/><\/figure>\n<\/figure>\n\n\n\n<p><strong>MODIFICACIONES EN EL SERVICIO URBANO CON MOTIVO DEL CORTE EN CALLEJ\u00d3N DE TORRES<\/strong><\/p>\n\n\n\n<p>La Direcci\u00f3n de Tr\u00e1nsito y Transporte inform\u00f3 que el servicio urbano de la L\u00ednea 3, por Callej\u00f3n de Torres, desde Terminal de \u00d3mnibus, tendr\u00e1 recorrido normal hasta Callej\u00f3n de Torres y acceso a las canchas de Gogo Demateo. Desde ese punto, regresar\u00e1 por Torres y Gingins.<\/p>\n\n\n\n<p>La l\u00ednea que une Chacra 32, Chacra 30, Chacra 28, Callej\u00f3n de Torres, Epet 21 y Hospital prestar\u00e1 servicios por Ruta Nacional 40, Epet 21 y Hospital, pasando por Vega San Mart\u00edn y Callej\u00f3n de Bello.<\/p>\n\n\n\n<figure class=\"wp-block-gallery has-nested-images columns-default is-cropped wp-block-gallery-2 is-layout-flex wp-block-gallery-is-layout-flex\">\n<figure class=\"wp-block-image size-large\"><img loading=\"lazy\" decoding=\"async\" width=\"1024\" height=\"576\" data-id=\"6501\" src=\"https:\/\/prensa.sma.gob.ar\/wp-content\/uploads\/2025\/04\/imagen-2-1024x576.jpg\" alt=\"\" class=\"wp-image-6501\" srcset=\"https:\/\/prensa.sma.gob.ar\/wp-content\/uploads\/2025\/04\/imagen-2-1024x576.jpg 1024w, https:\/\/prensa.sma.gob.ar\/wp-content\/uploads\/2025\/04\/imagen-2-300x169.jpg 300w, https:\/\/prensa.sma.gob.ar\/wp-content\/uploads\/2025\/04\/imagen-2-768x432.jpg 768w, https:\/\/prensa.sma.gob.ar\/wp-content\/uploads\/2025\/04\/imagen-2-1536x864.jpg 1536w, https:\/\/prensa.sma.gob.ar\/wp-content\/uploads\/2025\/04\/imagen-2-747x420.jpg 747w, https:\/\/prensa.sma.gob.ar\/wp-content\/uploads\/2025\/04\/imagen-2-696x392.jpg 696w, https:\/\/prensa.sma.gob.ar\/wp-content\/uploads\/2025\/04\/imagen-2-1068x601.jpg 1068w, https:\/\/prensa.sma.gob.ar\/wp-content\/uploads\/2025\/04\/imagen-2.jpg 1600w\" sizes=\"auto, (max-width: 1024px) 100vw, 1024px\" \/><\/figure>\n\n\n\n<figure class=\"wp-block-image size-large\"><img loading=\"lazy\" decoding=\"async\" width=\"1024\" height=\"585\" data-id=\"6502\" src=\"https:\/\/prensa.sma.gob.ar\/wp-content\/uploads\/2025\/04\/IMAGEN-1-1024x585.jpg\" alt=\"\" class=\"wp-image-6502\" srcset=\"https:\/\/prensa.sma.gob.ar\/wp-content\/uploads\/2025\/04\/IMAGEN-1-1024x585.jpg 1024w, https:\/\/prensa.sma.gob.ar\/wp-content\/uploads\/2025\/04\/IMAGEN-1-300x171.jpg 300w, https:\/\/prensa.sma.gob.ar\/wp-content\/uploads\/2025\/04\/IMAGEN-1-768x439.jpg 768w, https:\/\/prensa.sma.gob.ar\/wp-content\/uploads\/2025\/04\/IMAGEN-1-735x420.jpg 735w, https:\/\/prensa.sma.gob.ar\/wp-content\/uploads\/2025\/04\/IMAGEN-1-696x398.jpg 696w, https:\/\/prensa.sma.gob.ar\/wp-content\/uploads\/2025\/04\/IMAGEN-1-1068x610.jpg 1068w, https:\/\/prensa.sma.gob.ar\/wp-content\/uploads\/2025\/04\/IMAGEN-1.jpg 1476w\" sizes=\"auto, (max-width: 1024px) 100vw, 1024px\" \/><\/figure>\n<\/figure>\n\n\n\n<p><\/p>\n","protected":false},"excerpt":{"rendered":"<p>Este lunes, personal de la Subsecretar\u00eda de Obras P\u00fabicas comenz\u00f3 los trabajos en el puente del Callej\u00f3n de Torres, que incluye el cambio de piezas de su estructura y colocar tablones nuevos. Adem\u00e1s, el Municipio trabaj\u00f3 en el cauce del arroyo, incluyendo trabajos de limpieza, con participaci\u00f3n de personal de las direcciones de Hidr\u00e1ulica y [&hellip;]<\/p>\n","protected":false},"author":2,"featured_media":6503,"comment_status":"closed","ping_status":"open","sticky":false,"template":"","format":"standard","meta":{"footnotes":""},"categories":[16,14,19,17],"tags":[],"class_list":{"0":"post-6500","1":"post","2":"type-post","3":"status-publish","4":"format-standard","5":"has-post-thumbnail","7":"category-destacadas","8":"category-noticias","9":"category-obras-y-servicios-publicos","10":"category-portada"},"_links":{"self":[{"href":"https:\/\/prensa.sma.gob.ar\/index.php?rest_route=\/wp\/v2\/posts\/6500","targetHints":{"allow":["GET"]}}],"collection":[{"href":"https:\/\/prensa.sma.gob.ar\/index.php?rest_route=\/wp\/v2\/posts"}],"about":[{"href":"https:\/\/prensa.sma.gob.ar\/index.php?rest_route=\/wp\/v2\/types\/post"}],"author":[{"embeddable":true,"href":"https:\/\/prensa.sma.gob.ar\/index.php?rest_route=\/wp\/v2\/users\/2"}],"replies":[{"embeddable":true,"href":"https:\/\/prensa.sma.gob.ar\/index.php?rest_route=%2Fwp%2Fv2%2Fcomments&post=6500"}],"version-history":[{"count":1,"href":"https:\/\/prensa.sma.gob.ar\/index.php?rest_route=\/wp\/v2\/posts\/6500\/revisions"}],"predecessor-version":[{"id":6507,"href":"https:\/\/prensa.sma.gob.ar\/index.php?rest_route=\/wp\/v2\/posts\/6500\/revisions\/6507"}],"wp:featuredmedia":[{"embeddable":true,"href":"https:\/\/prensa.sma.gob.ar\/index.php?rest_route=\/wp\/v2\/media\/6503"}],"wp:attachment":[{"href":"https:\/\/prensa.sma.gob.ar\/index.php?rest_route=%2Fwp%2Fv2%2Fmedia&parent=6500"}],"wp:term":[{"taxonomy":"category","embeddable":true,"href":"https:\/\/prensa.sma.gob.ar\/index.php?rest_route=%2Fwp%2Fv2%2Fcategories&post=6500"},{"taxonomy":"post_tag","embeddable":true,"href":"https:\/\/prensa.sma.gob.ar\/index.php?rest_route=%2Fwp%2Fv2%2Ftags&post=6500"}],"curies":[{"name":"wp","href":"https:\/\/api.w.org\/{rel}","templated":true}]}}