{"id":6508,"date":"2025-04-08T11:27:09","date_gmt":"2025-04-08T11:27:09","guid":{"rendered":"https:\/\/prensa.sma.gob.ar\/?p=6508"},"modified":"2025-04-08T11:34:06","modified_gmt":"2025-04-08T11:34:06","slug":"el-municipio-y-el-consejo-de-juntas-vecinales-debatieron-respuestas-a-reclamos-barriales","status":"publish","type":"post","link":"https:\/\/prensa.sma.gob.ar\/?p=6508","title":{"rendered":"El Municipio y el Consejo de Juntas Vecinales debatieron respuestas a reclamos barriales"},"content":{"rendered":"\n<p>Funcionarios del Ejecutivo municipal participaron del Plenario del Consejo de Juntas Vecinales, muy concurrido y representativo, y en el cual se debatieron y pusieron a consideraci\u00f3n varios temas, entre ellos la modificaci\u00f3n a la Ordenanza de 2012 que cre\u00f3 la actual Subsecretar\u00eda de Juntas Vecinales y la posibilidad de modificar el horario l\u00edmite de prohibici\u00f3n de venta de bebidas alcoh\u00f3licas.<\/p>\n\n\n\n<p>Por el Ejecutivo, participaron la subsecretaria de Juntas Vecinales, Lorena Gonz\u00e1lez; el subsecretario de Planificaci\u00f3n Participativa y Monitoreo del Plan Estrat\u00e9gico (COPE), F\u00e9lix Cariboni; y el director de Seguridad Ciudadana, Mauricio Troncoso.<\/p>\n\n\n\n<p>Los funcionarios expusieron sobre la mirada del Ejecutivo municipal de estos temas y de otros que se fueron planteando durante el Plenario, que cont\u00f3 con la presencia de 35 vecinas y vecinos representando a 17 Juntas Vecinales, y que se realiz\u00f3 este s\u00e1bado en la Oficina de Empleo, en el barrio El Arenal.<\/p>\n\n\n\n<p>Respecto de la votaci\u00f3n un\u00e1nime para modificar la Ordenanza 9439\/2012 que dio marco a la Subsecretar\u00eda de Juntas Vecinales, Lorena Gonz\u00e1lez afirm\u00f3 que su compromiso es \u201ctrabajar como equipo con las Comisiones con la responsabilidad que a cada uno nos toca\u201d, y adelant\u00f3 que habr\u00e1 reuniones semanales coordinadas desde el \u00e1rea a su cargo.<\/p>\n\n\n\n<p>En cuanto a la posibilidad de que el Concejo Deliberante analice la posible extensi\u00f3n del horario autorizado para la venta de bebidas alcoh\u00f3licas, que actualmente vence a las 23, Mauricio Troncoso opin\u00f3 que el Municipio, la Polic\u00eda y otras instituciones trabajan en base a lo que nuclea la normativa actual, con los horarios actuales de venta y de consumo de alcohol en v\u00eda p\u00fablica, adem\u00e1s de los controles en motos y autom\u00f3viles.<\/p>\n\n\n\n<p>Troncoso anticip\u00f3 que en los pr\u00f3ximos d\u00edas se trabajar\u00e1 de manera coordinada con otras instituciones sobre la prohibici\u00f3n del consumo de alcohol en la v\u00eda p\u00fablica, bajo la normativa actual, con la intervenci\u00f3n de varias \u00e1reas municipales como la Secretar\u00eda de Gobierno, la Subsecretar\u00eda de Gobierno y la Direcci\u00f3n de Seguridad Ciudadana.<\/p>\n\n\n\n<p>El funcionario explic\u00f3 que la ordenanza vigente, la 4026\/01,proh\u00edbe el consumo de alcohol en la v\u00eda p\u00fablica y que, relacionada con esta, est\u00e1n las ordenanzas que habilitan el secuestro de veh\u00edculos con escape libre y exigen la normalizaci\u00f3n del veh\u00edculos antes de ser devuelto al propietario.<\/p>\n\n\n\n<p>F\u00e9lix Cariboni explic\u00f3 que la nueva l\u00ednea de trabajo del COPE incluye la presencia de funcionarios del \u00e1rea en los Plenarios para conocer de primera mano los diagn\u00f3sticos que hacen los vecinos sobre las necesidades de infraestructura vinculada a la planificaci\u00f3n de los barrios.<\/p>\n\n\n\n<p>El encuentro permiti\u00f3, adem\u00e1s, la presentaci\u00f3n formal ante el Consejo de Juntas Vecinalesde Lorena Gonz\u00e1lez como subsecretaria. La nueva funcionaria agradeci\u00f3 al intendente Carlos Saloniti por la confianza al designarla y asegur\u00f3 que \u201cestamos en un buen momento para las Comisiones Vecinales\u201d.<\/p>\n\n\n\n<p>Record\u00f3 que, si bien la designaci\u00f3n es reciente, con las vecinas y vecinos \u201cvenimos trabajando hace mucho tiempo, con algunos muchos a\u00f1os; nos conocemos y entiendo que este es un momento muy bueno y positivo para las Juntas Vecinales, desde que el intendente tom\u00f3 nota de las demandas y necesidades de trabajar con las Juntas y con el Consejo de Juntas\u201d.<\/p>\n\n\n\n<p>\u201cCon el apoyo que le est\u00e1 dando el intendente y con este mandato, tengo la posibilidad de conducir y s\u00e9 que es con todas y todos ustedes; creo que desde lo vincular se pueden hacer muchas cosas y trabajar en equipo es fundamental. Agradezco y admiro el trabajo de cada uno de ustedes porque, adem\u00e1s de sus trabajos cotidianos, trabajan muchas horas, <em>ad honorem<\/em> por cada Junta Vecinal, y adem\u00e1s de eso, tambi\u00e9n se comprometen con el Consejo de Juntas Vecinales\u201d, concluy\u00f3.<\/p>\n\n\n\n<figure class=\"wp-block-gallery has-nested-images columns-default is-cropped wp-block-gallery-1 is-layout-flex wp-block-gallery-is-layout-flex\">\n<figure class=\"wp-block-image size-large\"><img loading=\"lazy\" decoding=\"async\" width=\"1024\" height=\"704\" data-id=\"6519\" src=\"https:\/\/prensa.sma.gob.ar\/wp-content\/uploads\/2025\/04\/FOTO-1-1024x704.jpg\" alt=\"\" class=\"wp-image-6519\" srcset=\"https:\/\/prensa.sma.gob.ar\/wp-content\/uploads\/2025\/04\/FOTO-1-1024x704.jpg 1024w, https:\/\/prensa.sma.gob.ar\/wp-content\/uploads\/2025\/04\/FOTO-1-300x206.jpg 300w, https:\/\/prensa.sma.gob.ar\/wp-content\/uploads\/2025\/04\/FOTO-1-768x528.jpg 768w, https:\/\/prensa.sma.gob.ar\/wp-content\/uploads\/2025\/04\/FOTO-1-611x420.jpg 611w, https:\/\/prensa.sma.gob.ar\/wp-content\/uploads\/2025\/04\/FOTO-1-218x150.jpg 218w, https:\/\/prensa.sma.gob.ar\/wp-content\/uploads\/2025\/04\/FOTO-1-696x478.jpg 696w, https:\/\/prensa.sma.gob.ar\/wp-content\/uploads\/2025\/04\/FOTO-1-1068x734.jpg 1068w, https:\/\/prensa.sma.gob.ar\/wp-content\/uploads\/2025\/04\/FOTO-1.jpg 1179w\" sizes=\"auto, (max-width: 1024px) 100vw, 1024px\" \/><\/figure>\n\n\n\n<figure class=\"wp-block-image size-large\"><img loading=\"lazy\" decoding=\"async\" width=\"1024\" height=\"877\" data-id=\"6516\" src=\"https:\/\/prensa.sma.gob.ar\/wp-content\/uploads\/2025\/04\/FOTO-4-1024x877.jpg\" alt=\"\" class=\"wp-image-6516\" srcset=\"https:\/\/prensa.sma.gob.ar\/wp-content\/uploads\/2025\/04\/FOTO-4-1024x877.jpg 1024w, https:\/\/prensa.sma.gob.ar\/wp-content\/uploads\/2025\/04\/FOTO-4-300x257.jpg 300w, https:\/\/prensa.sma.gob.ar\/wp-content\/uploads\/2025\/04\/FOTO-4-768x658.jpg 768w, https:\/\/prensa.sma.gob.ar\/wp-content\/uploads\/2025\/04\/FOTO-4-490x420.jpg 490w, https:\/\/prensa.sma.gob.ar\/wp-content\/uploads\/2025\/04\/FOTO-4-696x596.jpg 696w, https:\/\/prensa.sma.gob.ar\/wp-content\/uploads\/2025\/04\/FOTO-4-1068x915.jpg 1068w, https:\/\/prensa.sma.gob.ar\/wp-content\/uploads\/2025\/04\/FOTO-4.jpg 1200w\" sizes=\"auto, (max-width: 1024px) 100vw, 1024px\" \/><\/figure>\n\n\n\n<figure class=\"wp-block-image size-large\"><img loading=\"lazy\" decoding=\"async\" width=\"1024\" height=\"704\" data-id=\"6518\" src=\"https:\/\/prensa.sma.gob.ar\/wp-content\/uploads\/2025\/04\/fOTO-2-1024x704.jpg\" alt=\"\" class=\"wp-image-6518\" srcset=\"https:\/\/prensa.sma.gob.ar\/wp-content\/uploads\/2025\/04\/fOTO-2-1024x704.jpg 1024w, https:\/\/prensa.sma.gob.ar\/wp-content\/uploads\/2025\/04\/fOTO-2-300x206.jpg 300w, https:\/\/prensa.sma.gob.ar\/wp-content\/uploads\/2025\/04\/fOTO-2-768x528.jpg 768w, https:\/\/prensa.sma.gob.ar\/wp-content\/uploads\/2025\/04\/fOTO-2-611x420.jpg 611w, https:\/\/prensa.sma.gob.ar\/wp-content\/uploads\/2025\/04\/fOTO-2-218x150.jpg 218w, https:\/\/prensa.sma.gob.ar\/wp-content\/uploads\/2025\/04\/fOTO-2-696x479.jpg 696w, https:\/\/prensa.sma.gob.ar\/wp-content\/uploads\/2025\/04\/fOTO-2-1068x735.jpg 1068w, https:\/\/prensa.sma.gob.ar\/wp-content\/uploads\/2025\/04\/fOTO-2.jpg 1179w\" sizes=\"auto, (max-width: 1024px) 100vw, 1024px\" \/><\/figure>\n<\/figure>\n","protected":false},"excerpt":{"rendered":"<p>Funcionarios del Ejecutivo municipal participaron del Plenario del Consejo de Juntas Vecinales, muy concurrido y representativo, y en el cual se debatieron y pusieron a consideraci\u00f3n varios temas, entre ellos la modificaci\u00f3n a la Ordenanza de 2012 que cre\u00f3 la actual Subsecretar\u00eda de Juntas Vecinales y la posibilidad de modificar el horario l\u00edmite de prohibici\u00f3n [&hellip;]<\/p>\n","protected":false},"author":2,"featured_media":6517,"comment_status":"closed","ping_status":"open","sticky":false,"template":"","format":"standard","meta":{"footnotes":""},"categories":[16,11,39,14,17],"tags":[],"class_list":{"0":"post-6508","1":"post","2":"type-post","3":"status-publish","4":"format-standard","5":"has-post-thumbnail","7":"category-destacadas","8":"category-gobierno","9":"category-subs-juntas-vecinales","10":"category-noticias","11":"category-portada"},"_links":{"self":[{"href":"https:\/\/prensa.sma.gob.ar\/index.php?rest_route=\/wp\/v2\/posts\/6508","targetHints":{"allow":["GET"]}}],"collection":[{"href":"https:\/\/prensa.sma.gob.ar\/index.php?rest_route=\/wp\/v2\/posts"}],"about":[{"href":"https:\/\/prensa.sma.gob.ar\/index.php?rest_route=\/wp\/v2\/types\/post"}],"author":[{"embeddable":true,"href":"https:\/\/prensa.sma.gob.ar\/index.php?rest_route=\/wp\/v2\/users\/2"}],"replies":[{"embeddable":true,"href":"https:\/\/prensa.sma.gob.ar\/index.php?rest_route=%2Fwp%2Fv2%2Fcomments&post=6508"}],"version-history":[{"count":2,"href":"https:\/\/prensa.sma.gob.ar\/index.php?rest_route=\/wp\/v2\/posts\/6508\/revisions"}],"predecessor-version":[{"id":6521,"href":"https:\/\/prensa.sma.gob.ar\/index.php?rest_route=\/wp\/v2\/posts\/6508\/revisions\/6521"}],"wp:featuredmedia":[{"embeddable":true,"href":"https:\/\/prensa.sma.gob.ar\/index.php?rest_route=\/wp\/v2\/media\/6517"}],"wp:attachment":[{"href":"https:\/\/prensa.sma.gob.ar\/index.php?rest_route=%2Fwp%2Fv2%2Fmedia&parent=6508"}],"wp:term":[{"taxonomy":"category","embeddable":true,"href":"https:\/\/prensa.sma.gob.ar\/index.php?rest_route=%2Fwp%2Fv2%2Fcategories&post=6508"},{"taxonomy":"post_tag","embeddable":true,"href":"https:\/\/prensa.sma.gob.ar\/index.php?rest_route=%2Fwp%2Fv2%2Ftags&post=6508"}],"curies":[{"name":"wp","href":"https:\/\/api.w.org\/{rel}","templated":true}]}}