{"id":6522,"date":"2025-04-08T11:39:45","date_gmt":"2025-04-08T11:39:45","guid":{"rendered":"https:\/\/prensa.sma.gob.ar\/?p=6522"},"modified":"2025-04-08T11:39:46","modified_gmt":"2025-04-08T11:39:46","slug":"mas-de-650-personas-se-inscribieron-en-san-martin-de-los-andes-en-las-becas-gregorio-alvarez","status":"publish","type":"post","link":"https:\/\/prensa.sma.gob.ar\/?p=6522","title":{"rendered":"M\u00e1s de 650 personas se inscribieron en San Mart\u00edn de los Andes en las becas Gregorio \u00c1lvarez"},"content":{"rendered":"\n<p>La Direcci\u00f3n General de Educaci\u00f3n del Municipio inform\u00f3 que 658 personas se inscribieron en las oficinas de San Mart\u00edn de los Andes para obtener las becas estudiantiles Gregorio \u00c1lvarez, del Plan Provincial Redistribuir Oportunidades.<\/p>\n\n\n\n<p>Las inscripciones se realizaron de manera presencial y tambi\u00e9n a trav\u00e9s de la web del Ministerio de Educaci\u00f3n de la Provincia, por lo que este registro de la Direcci\u00f3n de Escuelas es parcial, atendiendo s\u00f3lo los casos presenciales, a la espera de las cifras definitivas del gobierno provincial.<\/p>\n\n\n\n<p>De ese total de San Mart\u00edn de los Andes, 335 fueron reinscripciones de beneficiarios del 2024 que este a\u00f1o deb\u00edan revalidar su intenci\u00f3n de acceder a las becas.<\/p>\n\n\n\n<p>Adem\u00e1s, se registraron 323 nuevas adhesiones, postulantes de este a\u00f1o para todos los niveles que ofrece becas estudiantiles.<\/p>\n\n\n\n<p>Tomando el total del inscriptos, para renovaci\u00f3n de becas o nuevas adhesiones, la Direcci\u00f3n de Escuelas realiz\u00f3 este detalle:<\/p>\n\n\n\n<p>Nivel inicial: 96<\/p>\n\n\n\n<p>Nivel primario: 324<\/p>\n\n\n\n<p>Nivel secundario: 218<\/p>\n\n\n\n<p>Nivel terciario: 19<\/p>\n\n\n\n<p>Nivel universitario: 11<\/p>\n\n\n\n<p>Para esta instancia, el Municipio hab\u00eda dispuesto para la atenci\u00f3n y orientaci\u00f3n de las vecinas y vecinos los espacios de Punto Digital y la Delegaci\u00f3n de Cordones del Chapelco;&nbsp; la Secretaria de Cultura; la oficina de la Direcci\u00f3n General de Educaci\u00f3n y la oficina de la Secretar\u00eda de Desarrollo Social.<\/p>\n","protected":false},"excerpt":{"rendered":"<p>La Direcci\u00f3n General de Educaci\u00f3n del Municipio inform\u00f3 que 658 personas se inscribieron en las oficinas de San Mart\u00edn de los Andes para obtener las becas estudiantiles Gregorio \u00c1lvarez, del Plan Provincial Redistribuir Oportunidades. Las inscripciones se realizaron de manera presencial y tambi\u00e9n a trav\u00e9s de la web del Ministerio de Educaci\u00f3n de la Provincia, [&hellip;]<\/p>\n","protected":false},"author":2,"featured_media":6523,"comment_status":"closed","ping_status":"open","sticky":false,"template":"","format":"standard","meta":{"footnotes":""},"categories":[16,9,14],"tags":[],"class_list":{"0":"post-6522","1":"post","2":"type-post","3":"status-publish","4":"format-standard","5":"has-post-thumbnail","7":"category-destacadas","8":"category-educacion","9":"category-noticias"},"_links":{"self":[{"href":"https:\/\/prensa.sma.gob.ar\/index.php?rest_route=\/wp\/v2\/posts\/6522","targetHints":{"allow":["GET"]}}],"collection":[{"href":"https:\/\/prensa.sma.gob.ar\/index.php?rest_route=\/wp\/v2\/posts"}],"about":[{"href":"https:\/\/prensa.sma.gob.ar\/index.php?rest_route=\/wp\/v2\/types\/post"}],"author":[{"embeddable":true,"href":"https:\/\/prensa.sma.gob.ar\/index.php?rest_route=\/wp\/v2\/users\/2"}],"replies":[{"embeddable":true,"href":"https:\/\/prensa.sma.gob.ar\/index.php?rest_route=%2Fwp%2Fv2%2Fcomments&post=6522"}],"version-history":[{"count":1,"href":"https:\/\/prensa.sma.gob.ar\/index.php?rest_route=\/wp\/v2\/posts\/6522\/revisions"}],"predecessor-version":[{"id":6524,"href":"https:\/\/prensa.sma.gob.ar\/index.php?rest_route=\/wp\/v2\/posts\/6522\/revisions\/6524"}],"wp:featuredmedia":[{"embeddable":true,"href":"https:\/\/prensa.sma.gob.ar\/index.php?rest_route=\/wp\/v2\/media\/6523"}],"wp:attachment":[{"href":"https:\/\/prensa.sma.gob.ar\/index.php?rest_route=%2Fwp%2Fv2%2Fmedia&parent=6522"}],"wp:term":[{"taxonomy":"category","embeddable":true,"href":"https:\/\/prensa.sma.gob.ar\/index.php?rest_route=%2Fwp%2Fv2%2Fcategories&post=6522"},{"taxonomy":"post_tag","embeddable":true,"href":"https:\/\/prensa.sma.gob.ar\/index.php?rest_route=%2Fwp%2Fv2%2Ftags&post=6522"}],"curies":[{"name":"wp","href":"https:\/\/api.w.org\/{rel}","templated":true}]}}