{"id":6525,"date":"2025-04-08T11:47:51","date_gmt":"2025-04-08T11:47:51","guid":{"rendered":"https:\/\/prensa.sma.gob.ar\/?p=6525"},"modified":"2025-04-08T11:48:09","modified_gmt":"2025-04-08T11:48:09","slug":"taller-regional-de-accion-climatica-region-de-los-lagos-del-sur","status":"publish","type":"post","link":"https:\/\/prensa.sma.gob.ar\/?p=6525","title":{"rendered":"Taller Regional de Acci\u00f3n Clim\u00e1tica &#8211; Regi\u00f3n de los Lagos del Sur en San Mart\u00edn de los Andes"},"content":{"rendered":"\n<p>Fecha: este viernes, 11 de abril de 2025<\/p>\n\n\n\n<p>Hora: 10.00 hs<\/p>\n\n\n\n<p>Lugar: Sal\u00f3n Municipal &#8211; Juan Manuel de Rosas y Gral Roca, San Mart\u00edn de los Andes<\/p>\n\n\n\n<p>La Secretar\u00eda de Ambiente de la provincia de Neuqu\u00e9n, a trav\u00e9s de la Subsecretar\u00eda de Cambio Clim\u00e1tico, invitan a la comunidad a participar del Taller Regional de Acci\u00f3n Clim\u00e1tica &#8211; Regi\u00f3n de los Lagos del Sur, una instancia clave para analizar los impactos del cambio clim\u00e1tico en la regi\u00f3n y construir soluciones en conjunto.<\/p>\n\n\n\n<p>Durante el encuentro, se trabajar\u00e1 en la identificaci\u00f3n de vulnerabilidades locales y riesgos clim\u00e1ticos, considerando la percepci\u00f3n de la comunidad. Los aportes obtenidos ser\u00e1n insumo fundamental para definir las medidas de adaptaci\u00f3n y mitigaci\u00f3n dentro del Plan de Acci\u00f3n Clim\u00e1tica de la provincia.<\/p>\n\n\n\n<p>Sumate y hac\u00e9 escuchar tu voz: Inscribite en: <a href=\"https:\/\/forms.gle\/GHzZWCARNq7C8kUd7\">https:\/\/forms.gle\/GHzZWCARNq7C8kUd7<\/a><\/p>\n\n\n\n<p>Tu participaci\u00f3n es clave para construir un Neuqu\u00e9n m\u00e1s resiliente y sostenible<\/p>\n\n\n<div class=\"wp-block-image\">\n<figure class=\"aligncenter size-large is-resized\"><img loading=\"lazy\" decoding=\"async\" width=\"819\" height=\"1024\" src=\"https:\/\/prensa.sma.gob.ar\/wp-content\/uploads\/2025\/04\/194da3e8-aa74-4e10-ab34-961915b91d95-819x1024.jpg\" alt=\"\" class=\"wp-image-6526\" style=\"width:465px;height:auto\" srcset=\"https:\/\/prensa.sma.gob.ar\/wp-content\/uploads\/2025\/04\/194da3e8-aa74-4e10-ab34-961915b91d95-819x1024.jpg 819w, https:\/\/prensa.sma.gob.ar\/wp-content\/uploads\/2025\/04\/194da3e8-aa74-4e10-ab34-961915b91d95-240x300.jpg 240w, https:\/\/prensa.sma.gob.ar\/wp-content\/uploads\/2025\/04\/194da3e8-aa74-4e10-ab34-961915b91d95-768x960.jpg 768w, https:\/\/prensa.sma.gob.ar\/wp-content\/uploads\/2025\/04\/194da3e8-aa74-4e10-ab34-961915b91d95-336x420.jpg 336w, https:\/\/prensa.sma.gob.ar\/wp-content\/uploads\/2025\/04\/194da3e8-aa74-4e10-ab34-961915b91d95-696x870.jpg 696w, https:\/\/prensa.sma.gob.ar\/wp-content\/uploads\/2025\/04\/194da3e8-aa74-4e10-ab34-961915b91d95.jpg 1024w\" sizes=\"auto, (max-width: 819px) 100vw, 819px\" \/><\/figure>\n<\/div>","protected":false},"excerpt":{"rendered":"<p>Fecha: este viernes, 11 de abril de 2025 Hora: 10.00 hs Lugar: Sal\u00f3n Municipal &#8211; Juan Manuel de Rosas y Gral Roca, San Mart\u00edn de los Andes La Secretar\u00eda de Ambiente de la provincia de Neuqu\u00e9n, a trav\u00e9s de la Subsecretar\u00eda de Cambio Clim\u00e1tico, invitan a la comunidad a participar del Taller Regional de Acci\u00f3n [&hellip;]<\/p>\n","protected":false},"author":2,"featured_media":6527,"comment_status":"closed","ping_status":"open","sticky":false,"template":"","format":"standard","meta":{"footnotes":""},"categories":[45,4,16,14],"tags":[],"class_list":{"0":"post-6525","1":"post","2":"type-post","3":"status-publish","4":"format-standard","5":"has-post-thumbnail","7":"category-ambiente","8":"category-cope","9":"category-destacadas","10":"category-noticias"},"_links":{"self":[{"href":"https:\/\/prensa.sma.gob.ar\/index.php?rest_route=\/wp\/v2\/posts\/6525","targetHints":{"allow":["GET"]}}],"collection":[{"href":"https:\/\/prensa.sma.gob.ar\/index.php?rest_route=\/wp\/v2\/posts"}],"about":[{"href":"https:\/\/prensa.sma.gob.ar\/index.php?rest_route=\/wp\/v2\/types\/post"}],"author":[{"embeddable":true,"href":"https:\/\/prensa.sma.gob.ar\/index.php?rest_route=\/wp\/v2\/users\/2"}],"replies":[{"embeddable":true,"href":"https:\/\/prensa.sma.gob.ar\/index.php?rest_route=%2Fwp%2Fv2%2Fcomments&post=6525"}],"version-history":[{"count":2,"href":"https:\/\/prensa.sma.gob.ar\/index.php?rest_route=\/wp\/v2\/posts\/6525\/revisions"}],"predecessor-version":[{"id":6529,"href":"https:\/\/prensa.sma.gob.ar\/index.php?rest_route=\/wp\/v2\/posts\/6525\/revisions\/6529"}],"wp:featuredmedia":[{"embeddable":true,"href":"https:\/\/prensa.sma.gob.ar\/index.php?rest_route=\/wp\/v2\/media\/6527"}],"wp:attachment":[{"href":"https:\/\/prensa.sma.gob.ar\/index.php?rest_route=%2Fwp%2Fv2%2Fmedia&parent=6525"}],"wp:term":[{"taxonomy":"category","embeddable":true,"href":"https:\/\/prensa.sma.gob.ar\/index.php?rest_route=%2Fwp%2Fv2%2Fcategories&post=6525"},{"taxonomy":"post_tag","embeddable":true,"href":"https:\/\/prensa.sma.gob.ar\/index.php?rest_route=%2Fwp%2Fv2%2Ftags&post=6525"}],"curies":[{"name":"wp","href":"https:\/\/api.w.org\/{rel}","templated":true}]}}