{"id":6532,"date":"2025-04-09T14:40:23","date_gmt":"2025-04-09T14:40:23","guid":{"rendered":"https:\/\/prensa.sma.gob.ar\/?p=6532"},"modified":"2025-04-10T01:17:36","modified_gmt":"2025-04-10T01:17:36","slug":"neuquentur-inicia-la-preventa-de-pases-para-este-invierno-para-el-cerro-chapelco","status":"publish","type":"post","link":"https:\/\/prensa.sma.gob.ar\/?p=6532","title":{"rendered":"Neuqu\u00e9nTur inicia la preventa de pases para este invierno para el cerro Chapelco"},"content":{"rendered":"\n<p>Neuqu\u00e9nTur, la empresa de Promoci\u00f3n Tur\u00edstica del Estado neuquino tom\u00f3 formalmente, y de manera transitoria, la operaci\u00f3n y administraci\u00f3n del centro de esqu\u00ed Chapelco, hasta tanto asuma el operador privado que gane la licitaci\u00f3n actualmente en marcha.<\/p>\n\n\n\n<p>El ministro de Turismo de la provincia, Gustavo Fern\u00e1ndez Capiet, confirm\u00f3 que la gesti\u00f3n transitoria busca asegurar el funcionamiento mientras se define la nueva concesi\u00f3n, incluyendo la preventa de pases y la incorporaci\u00f3n de los empleados que pertenec\u00edan a Nieves del Chapelco.<\/p>\n\n\n\n<p>\u201cSumamos la estructura de Neuqu\u00e9nTur para ayudar desde lo administrativo, desde lo comercial y desde lo operativo. Vamos a ayudar hasta el momento en que podamos entregar la llave, cumpliendo con lo que m\u00e1s nos importa, que es dar la seguridad de apertura, pero con seguridad para la gente que vaya\u201d, afirm\u00f3.<\/p>\n\n\n\n<p>Durante una conferencia de prensa que ofreci\u00f3 este mi\u00e9rcoles junto al intendente de San Mart\u00edn de los Andes, Carlos Saloniti, el ministro Fern\u00e1ndez Capiet ratific\u00f3 que todos los trabajadores que pertenec\u00edan al concesionario anterior, tanto efectivos como los tercerizados, mantienen sus puestos y tareas habituales. Tambi\u00e9n asistieron al encuentro el presidente de Neuqu\u00e9nTur, Sergio Sciacchitano, y el secretario de Turismo sanmartinense, Alejandro Apaolaza.<\/p>\n\n\n\n<figure class=\"wp-block-gallery has-nested-images columns-default is-cropped wp-block-gallery-1 is-layout-flex wp-block-gallery-is-layout-flex\">\n<figure class=\"wp-block-image size-large\"><img loading=\"lazy\" decoding=\"async\" width=\"1024\" height=\"587\" data-id=\"6534\" src=\"https:\/\/prensa.sma.gob.ar\/wp-content\/uploads\/2025\/04\/WhatsApp-Image-2025-04-09-at-09.55.47-2-1024x587.jpeg\" alt=\"\" class=\"wp-image-6534\" srcset=\"https:\/\/prensa.sma.gob.ar\/wp-content\/uploads\/2025\/04\/WhatsApp-Image-2025-04-09-at-09.55.47-2-1024x587.jpeg 1024w, https:\/\/prensa.sma.gob.ar\/wp-content\/uploads\/2025\/04\/WhatsApp-Image-2025-04-09-at-09.55.47-2-300x172.jpeg 300w, https:\/\/prensa.sma.gob.ar\/wp-content\/uploads\/2025\/04\/WhatsApp-Image-2025-04-09-at-09.55.47-2-768x440.jpeg 768w, https:\/\/prensa.sma.gob.ar\/wp-content\/uploads\/2025\/04\/WhatsApp-Image-2025-04-09-at-09.55.47-2-1536x880.jpeg 1536w, https:\/\/prensa.sma.gob.ar\/wp-content\/uploads\/2025\/04\/WhatsApp-Image-2025-04-09-at-09.55.47-2-733x420.jpeg 733w, https:\/\/prensa.sma.gob.ar\/wp-content\/uploads\/2025\/04\/WhatsApp-Image-2025-04-09-at-09.55.47-2-696x399.jpeg 696w, https:\/\/prensa.sma.gob.ar\/wp-content\/uploads\/2025\/04\/WhatsApp-Image-2025-04-09-at-09.55.47-2-1068x612.jpeg 1068w, https:\/\/prensa.sma.gob.ar\/wp-content\/uploads\/2025\/04\/WhatsApp-Image-2025-04-09-at-09.55.47-2.jpeg 1600w\" sizes=\"auto, (max-width: 1024px) 100vw, 1024px\" \/><\/figure>\n\n\n\n<figure class=\"wp-block-image size-large\"><img loading=\"lazy\" decoding=\"async\" width=\"1024\" height=\"576\" data-id=\"6537\" src=\"https:\/\/prensa.sma.gob.ar\/wp-content\/uploads\/2025\/04\/WhatsApp-Image-2025-04-09-at-09.55.46-1-1024x576.jpeg\" alt=\"\" class=\"wp-image-6537\" srcset=\"https:\/\/prensa.sma.gob.ar\/wp-content\/uploads\/2025\/04\/WhatsApp-Image-2025-04-09-at-09.55.46-1-1024x576.jpeg 1024w, https:\/\/prensa.sma.gob.ar\/wp-content\/uploads\/2025\/04\/WhatsApp-Image-2025-04-09-at-09.55.46-1-300x169.jpeg 300w, https:\/\/prensa.sma.gob.ar\/wp-content\/uploads\/2025\/04\/WhatsApp-Image-2025-04-09-at-09.55.46-1-768x432.jpeg 768w, https:\/\/prensa.sma.gob.ar\/wp-content\/uploads\/2025\/04\/WhatsApp-Image-2025-04-09-at-09.55.46-1-1536x864.jpeg 1536w, https:\/\/prensa.sma.gob.ar\/wp-content\/uploads\/2025\/04\/WhatsApp-Image-2025-04-09-at-09.55.46-1-747x420.jpeg 747w, https:\/\/prensa.sma.gob.ar\/wp-content\/uploads\/2025\/04\/WhatsApp-Image-2025-04-09-at-09.55.46-1-696x392.jpeg 696w, https:\/\/prensa.sma.gob.ar\/wp-content\/uploads\/2025\/04\/WhatsApp-Image-2025-04-09-at-09.55.46-1-1068x601.jpeg 1068w, https:\/\/prensa.sma.gob.ar\/wp-content\/uploads\/2025\/04\/WhatsApp-Image-2025-04-09-at-09.55.46-1.jpeg 1600w\" sizes=\"auto, (max-width: 1024px) 100vw, 1024px\" \/><\/figure>\n\n\n\n<figure class=\"wp-block-image size-large\"><img loading=\"lazy\" decoding=\"async\" width=\"1024\" height=\"666\" data-id=\"6533\" src=\"https:\/\/prensa.sma.gob.ar\/wp-content\/uploads\/2025\/04\/WhatsApp-Image-2025-04-09-at-09.55.45-1024x666.jpeg\" alt=\"\" class=\"wp-image-6533\" srcset=\"https:\/\/prensa.sma.gob.ar\/wp-content\/uploads\/2025\/04\/WhatsApp-Image-2025-04-09-at-09.55.45-1024x666.jpeg 1024w, https:\/\/prensa.sma.gob.ar\/wp-content\/uploads\/2025\/04\/WhatsApp-Image-2025-04-09-at-09.55.45-300x195.jpeg 300w, https:\/\/prensa.sma.gob.ar\/wp-content\/uploads\/2025\/04\/WhatsApp-Image-2025-04-09-at-09.55.45-768x499.jpeg 768w, https:\/\/prensa.sma.gob.ar\/wp-content\/uploads\/2025\/04\/WhatsApp-Image-2025-04-09-at-09.55.45-1536x998.jpeg 1536w, https:\/\/prensa.sma.gob.ar\/wp-content\/uploads\/2025\/04\/WhatsApp-Image-2025-04-09-at-09.55.45-646x420.jpeg 646w, https:\/\/prensa.sma.gob.ar\/wp-content\/uploads\/2025\/04\/WhatsApp-Image-2025-04-09-at-09.55.45-696x452.jpeg 696w, https:\/\/prensa.sma.gob.ar\/wp-content\/uploads\/2025\/04\/WhatsApp-Image-2025-04-09-at-09.55.45-1068x694.jpeg 1068w, https:\/\/prensa.sma.gob.ar\/wp-content\/uploads\/2025\/04\/WhatsApp-Image-2025-04-09-at-09.55.45.jpeg 1600w\" sizes=\"auto, (max-width: 1024px) 100vw, 1024px\" \/><\/figure>\n<\/figure>\n\n\n\n<p>El ministro de afirm\u00f3 que el gobierno de la Provincia est\u00e1 abocado 100% a garantizar la apertura del cerro Chapelco en la pr\u00f3xima temporada y explic\u00f3 c\u00f3mo ser\u00e1 la transici\u00f3n hasta que asuma el nuevo concesionario.<\/p>\n\n\n\n<p>Adem\u00e1s, anunci\u00f3 que vender\u00e1n cinco tipos de pases -tres para residentes y dos para no residentes- a fin de cubrir costos operativos, sin afectar a la pr\u00f3xima gesti\u00f3n que tendr\u00e1 a cargo el cerro seg\u00fan la licitaci\u00f3n p\u00fablica nacional e internacional que est\u00e1 vigente para definir al nuevo concesionario.<\/p>\n\n\n\n<p>\u201cEl lunes hicimos el acta de traspaso donde dimos por finalizada formalmente el contrato que ten\u00eda la empresa Nieves del Chapelco con la Provincia y entramos en transici\u00f3n entre el 8 de abril y fines de mayo, cuando estimaremos que entregaremos la concesi\u00f3n a quien resulte ganador\u201d, afirm\u00f3 Fern\u00e1ndez Capiet.<\/p>\n\n\n\n<p>Confirm\u00f3 que \u201cvamos a asumir la operaci\u00f3n del cerro a trav\u00e9s de la empresa Neuqu\u00e9n Tur, donde vamos a asumir todos los costos de estos dos meses vinculados a empleados permanentes y a los temporarios que vamos a convocar anticipadamente para hacer mantenimientos, pruebas, que necesitamos hacer en esta etapa\u201d.<\/p>\n\n\n\n<p>La licitaci\u00f3n del nuevo concesionario est\u00e1 prevista para fines de mayo. Hasta entonces, el objetivo principal es sostener la operaci\u00f3n, cubrir costos y garantizar que el recambio se haga sin afectar a los usuarios ni al personal.<\/p>\n\n\n\n<p>La venta se mantendr\u00e1 hasta el 28 de abril, fecha en la que se har\u00e1 un balance de costos y ventas. La decisi\u00f3n de limitar la cantidad de pases busca no comprometer al nuevo concesionario ni fijar tarifas que puedan afectar su futura gesti\u00f3n.<\/p>\n\n\n\n<p>Al responder preguntas, el ministro se\u00f1al\u00f3 que no habr\u00e1 cambios bruscos y que el objetivo principal de esta transici\u00f3n es garantizar la apertura del cerro con todas las condiciones de seguridad para residentes y turistas.<\/p>\n\n\n\n<p>Fern\u00e1ndez Capiet anunci\u00f3 adem\u00e1s que habr\u00e1 cinco tipos de pases para la temporada de invierno: dos para turistas no residentes y tres para residentes de Neuqu\u00e9n y R\u00edo Negro.<\/p>\n\n\n\n<p>Los precios definidos son:<\/p>\n\n\n\n<p>Turistas no residentes:<\/p>\n\n\n\n<p>Pase de 3 d\u00edas: $324.000<\/p>\n\n\n\n<p>Pase de 6 d\u00edas: $576.000<\/p>\n\n\n\n<p>Residentes:<\/p>\n\n\n\n<p>Flexi 3 d\u00edas: $188.000<\/p>\n\n\n\n<p>Flexi 7 d\u00edas: $439.000<\/p>\n\n\n\n<p>Flexi 10 d\u00edas: $569.000<\/p>\n\n\n\n<p>La compra ser\u00e1 exclusivamente online a trav\u00e9s del canal oficial de Neuqu\u00e9nTur.<\/p>\n\n\n\n<p>El ministro explic\u00f3, adem\u00e1s, que durante la transici\u00f3n no se vender\u00e1n otros servicios del cerro, como gastronom\u00eda o actividades complementarias. Record\u00f3 que, al finalizar la concesi\u00f3n de Nieves del Chapelco, varias subconcesiones cayeron y ser\u00e1 el nuevo concesionario quien decida si contin\u00faa con los mismos operadores o lanza nuevos procesos de licitaci\u00f3n.<\/p>\n\n\n\n<p>La escuela de esqu\u00ed seguir\u00e1 operando bajo el mismo esquema actual, mientras que el servicio de alquiler de equipos (rental) depender\u00e1 del mercado local, afirm\u00f3.<\/p>\n\n\n\n<figure class=\"wp-block-gallery has-nested-images columns-default is-cropped wp-block-gallery-2 is-layout-flex wp-block-gallery-is-layout-flex\">\n<figure class=\"wp-block-image size-large\"><img loading=\"lazy\" decoding=\"async\" width=\"1024\" height=\"576\" data-id=\"6539\" src=\"https:\/\/prensa.sma.gob.ar\/wp-content\/uploads\/2025\/04\/WhatsApp-Image-2025-04-09-at-09.55.44-1024x576.jpeg\" alt=\"\" class=\"wp-image-6539\" srcset=\"https:\/\/prensa.sma.gob.ar\/wp-content\/uploads\/2025\/04\/WhatsApp-Image-2025-04-09-at-09.55.44-1024x576.jpeg 1024w, https:\/\/prensa.sma.gob.ar\/wp-content\/uploads\/2025\/04\/WhatsApp-Image-2025-04-09-at-09.55.44-300x169.jpeg 300w, https:\/\/prensa.sma.gob.ar\/wp-content\/uploads\/2025\/04\/WhatsApp-Image-2025-04-09-at-09.55.44-768x432.jpeg 768w, https:\/\/prensa.sma.gob.ar\/wp-content\/uploads\/2025\/04\/WhatsApp-Image-2025-04-09-at-09.55.44-1536x864.jpeg 1536w, https:\/\/prensa.sma.gob.ar\/wp-content\/uploads\/2025\/04\/WhatsApp-Image-2025-04-09-at-09.55.44-747x420.jpeg 747w, https:\/\/prensa.sma.gob.ar\/wp-content\/uploads\/2025\/04\/WhatsApp-Image-2025-04-09-at-09.55.44-696x392.jpeg 696w, https:\/\/prensa.sma.gob.ar\/wp-content\/uploads\/2025\/04\/WhatsApp-Image-2025-04-09-at-09.55.44-1068x601.jpeg 1068w, https:\/\/prensa.sma.gob.ar\/wp-content\/uploads\/2025\/04\/WhatsApp-Image-2025-04-09-at-09.55.44.jpeg 1600w\" sizes=\"auto, (max-width: 1024px) 100vw, 1024px\" \/><\/figure>\n\n\n\n<figure class=\"wp-block-image size-large\"><img loading=\"lazy\" decoding=\"async\" width=\"1024\" height=\"576\" data-id=\"6538\" src=\"https:\/\/prensa.sma.gob.ar\/wp-content\/uploads\/2025\/04\/WhatsApp-Image-2025-04-09-at-09.55.46-1024x576.jpeg\" alt=\"\" class=\"wp-image-6538\" srcset=\"https:\/\/prensa.sma.gob.ar\/wp-content\/uploads\/2025\/04\/WhatsApp-Image-2025-04-09-at-09.55.46-1024x576.jpeg 1024w, https:\/\/prensa.sma.gob.ar\/wp-content\/uploads\/2025\/04\/WhatsApp-Image-2025-04-09-at-09.55.46-300x169.jpeg 300w, https:\/\/prensa.sma.gob.ar\/wp-content\/uploads\/2025\/04\/WhatsApp-Image-2025-04-09-at-09.55.46-768x432.jpeg 768w, https:\/\/prensa.sma.gob.ar\/wp-content\/uploads\/2025\/04\/WhatsApp-Image-2025-04-09-at-09.55.46-1536x864.jpeg 1536w, https:\/\/prensa.sma.gob.ar\/wp-content\/uploads\/2025\/04\/WhatsApp-Image-2025-04-09-at-09.55.46-747x420.jpeg 747w, https:\/\/prensa.sma.gob.ar\/wp-content\/uploads\/2025\/04\/WhatsApp-Image-2025-04-09-at-09.55.46-696x392.jpeg 696w, https:\/\/prensa.sma.gob.ar\/wp-content\/uploads\/2025\/04\/WhatsApp-Image-2025-04-09-at-09.55.46-1068x601.jpeg 1068w, https:\/\/prensa.sma.gob.ar\/wp-content\/uploads\/2025\/04\/WhatsApp-Image-2025-04-09-at-09.55.46.jpeg 1600w\" sizes=\"auto, (max-width: 1024px) 100vw, 1024px\" \/><\/figure>\n\n\n\n<figure class=\"wp-block-image size-large\"><img loading=\"lazy\" decoding=\"async\" width=\"1024\" height=\"591\" data-id=\"6535\" src=\"https:\/\/prensa.sma.gob.ar\/wp-content\/uploads\/2025\/04\/WhatsApp-Image-2025-04-09-at-09.55.47-1-1024x591.jpeg\" alt=\"\" class=\"wp-image-6535\" srcset=\"https:\/\/prensa.sma.gob.ar\/wp-content\/uploads\/2025\/04\/WhatsApp-Image-2025-04-09-at-09.55.47-1-1024x591.jpeg 1024w, https:\/\/prensa.sma.gob.ar\/wp-content\/uploads\/2025\/04\/WhatsApp-Image-2025-04-09-at-09.55.47-1-300x173.jpeg 300w, https:\/\/prensa.sma.gob.ar\/wp-content\/uploads\/2025\/04\/WhatsApp-Image-2025-04-09-at-09.55.47-1-768x444.jpeg 768w, https:\/\/prensa.sma.gob.ar\/wp-content\/uploads\/2025\/04\/WhatsApp-Image-2025-04-09-at-09.55.47-1-1536x887.jpeg 1536w, https:\/\/prensa.sma.gob.ar\/wp-content\/uploads\/2025\/04\/WhatsApp-Image-2025-04-09-at-09.55.47-1-727x420.jpeg 727w, https:\/\/prensa.sma.gob.ar\/wp-content\/uploads\/2025\/04\/WhatsApp-Image-2025-04-09-at-09.55.47-1-696x402.jpeg 696w, https:\/\/prensa.sma.gob.ar\/wp-content\/uploads\/2025\/04\/WhatsApp-Image-2025-04-09-at-09.55.47-1-1068x617.jpeg 1068w, https:\/\/prensa.sma.gob.ar\/wp-content\/uploads\/2025\/04\/WhatsApp-Image-2025-04-09-at-09.55.47-1.jpeg 1600w\" sizes=\"auto, (max-width: 1024px) 100vw, 1024px\" \/><\/figure>\n<\/figure>\n","protected":false},"excerpt":{"rendered":"<p>Neuqu\u00e9nTur, la empresa de Promoci\u00f3n Tur\u00edstica del Estado neuquino tom\u00f3 formalmente, y de manera transitoria, la operaci\u00f3n y administraci\u00f3n del centro de esqu\u00ed Chapelco, hasta tanto asuma el operador privado que gane la licitaci\u00f3n actualmente en marcha. El ministro de Turismo de la provincia, Gustavo Fern\u00e1ndez Capiet, confirm\u00f3 que la gesti\u00f3n transitoria busca asegurar el [&hellip;]<\/p>\n","protected":false},"author":2,"featured_media":6536,"comment_status":"closed","ping_status":"open","sticky":false,"template":"","format":"standard","meta":{"footnotes":""},"categories":[16,14,17],"tags":[],"class_list":{"0":"post-6532","1":"post","2":"type-post","3":"status-publish","4":"format-standard","5":"has-post-thumbnail","7":"category-destacadas","8":"category-noticias","9":"category-portada"},"_links":{"self":[{"href":"https:\/\/prensa.sma.gob.ar\/index.php?rest_route=\/wp\/v2\/posts\/6532","targetHints":{"allow":["GET"]}}],"collection":[{"href":"https:\/\/prensa.sma.gob.ar\/index.php?rest_route=\/wp\/v2\/posts"}],"about":[{"href":"https:\/\/prensa.sma.gob.ar\/index.php?rest_route=\/wp\/v2\/types\/post"}],"author":[{"embeddable":true,"href":"https:\/\/prensa.sma.gob.ar\/index.php?rest_route=\/wp\/v2\/users\/2"}],"replies":[{"embeddable":true,"href":"https:\/\/prensa.sma.gob.ar\/index.php?rest_route=%2Fwp%2Fv2%2Fcomments&post=6532"}],"version-history":[{"count":3,"href":"https:\/\/prensa.sma.gob.ar\/index.php?rest_route=\/wp\/v2\/posts\/6532\/revisions"}],"predecessor-version":[{"id":6565,"href":"https:\/\/prensa.sma.gob.ar\/index.php?rest_route=\/wp\/v2\/posts\/6532\/revisions\/6565"}],"wp:featuredmedia":[{"embeddable":true,"href":"https:\/\/prensa.sma.gob.ar\/index.php?rest_route=\/wp\/v2\/media\/6536"}],"wp:attachment":[{"href":"https:\/\/prensa.sma.gob.ar\/index.php?rest_route=%2Fwp%2Fv2%2Fmedia&parent=6532"}],"wp:term":[{"taxonomy":"category","embeddable":true,"href":"https:\/\/prensa.sma.gob.ar\/index.php?rest_route=%2Fwp%2Fv2%2Fcategories&post=6532"},{"taxonomy":"post_tag","embeddable":true,"href":"https:\/\/prensa.sma.gob.ar\/index.php?rest_route=%2Fwp%2Fv2%2Ftags&post=6532"}],"curies":[{"name":"wp","href":"https:\/\/api.w.org\/{rel}","templated":true}]}}