{"id":6542,"date":"2025-04-09T14:00:49","date_gmt":"2025-04-09T14:00:49","guid":{"rendered":"https:\/\/prensa.sma.gob.ar\/?p=6542"},"modified":"2025-04-10T01:02:17","modified_gmt":"2025-04-10T01:02:17","slug":"actualizacion-de-descuentos-estudiantiles-de-tarjetas-sube","status":"publish","type":"post","link":"https:\/\/prensa.sma.gob.ar\/?p=6542","title":{"rendered":"Actualizaci\u00f3n de descuentos estudiantiles de tarjetas Sube"},"content":{"rendered":"\n<p>Los descuentos locales estudiantiles de tarjetas Sube este 2025, por disposici\u00f3n de Naci\u00f3n Servicios, tendr\u00e1n dos actualizaciones.<\/p>\n\n\n\n<p>El tr\u00e1mite de la primera actualizaci\u00f3n se viene llevando a cabo desde el mes de febrero y tendr\u00e1 fecha l\u00edmite hasta el 25 de abril.<\/p>\n\n\n\n<p>La segunda actualizaci\u00f3n se realizar\u00e1 desde el 1 al 30 de junio.<\/p>\n\n\n\n<p>Es fundamental recordar que este descuento es para todos los estudiantes de todos los niveles escolares (jard\u00edn sala de cinco, primaria, secundaria y terciario). Quienes no tengan su tarjeta SUBE actualizada no contar\u00e1n con este importante beneficio de GRATUIDAD.<\/p>\n\n\n\n<p>\u00bfD\u00f3nde hago el tr\u00e1mite?<br>En la oficina de la SUBE en la terminal de \u00f3mnibus.<\/p>\n\n\n\n<p>\u00bfEn qu\u00e9 horario lo puedo hacer?<br>En las fechas expuestas m\u00e1s arriba para hacer la actualizaci\u00f3n, los horarios ser\u00e1n de 8 a 16 hs.<\/p>\n\n\n\n<p>\u00bfQui\u00e9n puede hacer el tr\u00e1mite?<br>Cualquier persona mayor de 13 a\u00f1os puede hacer su tr\u00e1mite personal y s\u00f3lo los mayores de 18 a\u00f1os pueden hacer su tr\u00e1mite y adem\u00e1s, el de alg\u00fan otro familiar directo.<\/p>\n\n\n\n<p>\u00bfQu\u00e9 debo tener en cuenta para ir a actualizar?<br>-DNI original en mano (\u00faltimo ejemplar) y\/o el de la APP MI ARGENTINA.<br>-Foto 4&#215;4 actualizada.<br>-Tarjeta SUBE (en caso de no contar con la misma se la puede solicitar en la oficina de SUBE.<br>-Certificado escolar en caso de no estar en sistema SIUNED.<\/p>\n","protected":false},"excerpt":{"rendered":"<p>Los descuentos locales estudiantiles de tarjetas Sube este 2025, por disposici\u00f3n de Naci\u00f3n Servicios, tendr\u00e1n dos actualizaciones. El tr\u00e1mite de la primera actualizaci\u00f3n se viene llevando a cabo desde el mes de febrero y tendr\u00e1 fecha l\u00edmite hasta el 25 de abril. La segunda actualizaci\u00f3n se realizar\u00e1 desde el 1 al 30 de junio. Es [&hellip;]<\/p>\n","protected":false},"author":1,"featured_media":6543,"comment_status":"closed","ping_status":"open","sticky":false,"template":"","format":"standard","meta":{"footnotes":""},"categories":[16,9,11,14],"tags":[],"class_list":{"0":"post-6542","1":"post","2":"type-post","3":"status-publish","4":"format-standard","5":"has-post-thumbnail","7":"category-destacadas","8":"category-educacion","9":"category-gobierno","10":"category-noticias"},"_links":{"self":[{"href":"https:\/\/prensa.sma.gob.ar\/index.php?rest_route=\/wp\/v2\/posts\/6542","targetHints":{"allow":["GET"]}}],"collection":[{"href":"https:\/\/prensa.sma.gob.ar\/index.php?rest_route=\/wp\/v2\/posts"}],"about":[{"href":"https:\/\/prensa.sma.gob.ar\/index.php?rest_route=\/wp\/v2\/types\/post"}],"author":[{"embeddable":true,"href":"https:\/\/prensa.sma.gob.ar\/index.php?rest_route=\/wp\/v2\/users\/1"}],"replies":[{"embeddable":true,"href":"https:\/\/prensa.sma.gob.ar\/index.php?rest_route=%2Fwp%2Fv2%2Fcomments&post=6542"}],"version-history":[{"count":1,"href":"https:\/\/prensa.sma.gob.ar\/index.php?rest_route=\/wp\/v2\/posts\/6542\/revisions"}],"predecessor-version":[{"id":6544,"href":"https:\/\/prensa.sma.gob.ar\/index.php?rest_route=\/wp\/v2\/posts\/6542\/revisions\/6544"}],"wp:featuredmedia":[{"embeddable":true,"href":"https:\/\/prensa.sma.gob.ar\/index.php?rest_route=\/wp\/v2\/media\/6543"}],"wp:attachment":[{"href":"https:\/\/prensa.sma.gob.ar\/index.php?rest_route=%2Fwp%2Fv2%2Fmedia&parent=6542"}],"wp:term":[{"taxonomy":"category","embeddable":true,"href":"https:\/\/prensa.sma.gob.ar\/index.php?rest_route=%2Fwp%2Fv2%2Fcategories&post=6542"},{"taxonomy":"post_tag","embeddable":true,"href":"https:\/\/prensa.sma.gob.ar\/index.php?rest_route=%2Fwp%2Fv2%2Ftags&post=6542"}],"curies":[{"name":"wp","href":"https:\/\/api.w.org\/{rel}","templated":true}]}}