{"id":6545,"date":"2025-04-09T14:39:19","date_gmt":"2025-04-09T14:39:19","guid":{"rendered":"https:\/\/prensa.sma.gob.ar\/?p=6545"},"modified":"2025-04-10T12:44:57","modified_gmt":"2025-04-10T12:44:57","slug":"fortalecen-la-agenda-de-trabajo-de-cultura-e-la-region-lagos-del-sur-de-neuquen","status":"publish","type":"post","link":"https:\/\/prensa.sma.gob.ar\/?p=6545","title":{"rendered":"Fortalecen la agenda de trabajo de Cultura en la Regi\u00f3n Lagos del Sur de Neuqu\u00e9n"},"content":{"rendered":"\n<p>La Subsecretar\u00eda de Cultura la provincia de Neuqu\u00e9n present\u00f3 en la Regi\u00f3n Lagos del Sur una serie de programas que comenzar\u00e1 a implementar este a\u00f1o, orientados al apoyo a artistas, a festivales y al fortalecimiento de espacios culturales, entre otros.<\/p>\n\n\n\n<p>Entre otras cosas, los programas crean el Fondo Permanente para Trabajadores de la Cultura, una herramienta que consiste en agilizar el pago de cachet a artistas, t\u00e9cnicos y gestores culturales que participen de eventos y actividades organizadas por la Subsecretar\u00eda de Cultura.<\/p>\n\n\n\n<p>La iniciativa incluye programas de fomento y apoyo cultural.&nbsp; Fomento a la producci\u00f3n art\u00edstica, fortalecimiento de Bibliotecas Populares, talleres art\u00edsticos socioculturales, fortalecimiento del Fondo Editorial Neuquino (FEN), y la organizaci\u00f3n de Neuqu\u00e9n en Escena 2025, para danza y canto en toda la provincia.<\/p>\n\n\n\n<p>El objetivo de este programa es \u201cdemocratizar el acceso a la cultura, fomentar la diversidad cultural y fortalecer la identidad de nuestra provincia a trav\u00e9s de las artes del espect\u00e1culo\u201d, se\u00f1al\u00f3 el \u00e1rea provincial.<\/p>\n\n\n\n<figure class=\"wp-block-gallery has-nested-images columns-default is-cropped wp-block-gallery-1 is-layout-flex wp-block-gallery-is-layout-flex\">\n<figure class=\"wp-block-image size-large\"><img loading=\"lazy\" decoding=\"async\" width=\"1024\" height=\"576\" data-id=\"6546\" src=\"https:\/\/prensa.sma.gob.ar\/wp-content\/uploads\/2025\/04\/WhatsApp-Image-2025-04-09-at-08.13.02-1024x576.jpeg\" alt=\"\" class=\"wp-image-6546\" srcset=\"https:\/\/prensa.sma.gob.ar\/wp-content\/uploads\/2025\/04\/WhatsApp-Image-2025-04-09-at-08.13.02-1024x576.jpeg 1024w, https:\/\/prensa.sma.gob.ar\/wp-content\/uploads\/2025\/04\/WhatsApp-Image-2025-04-09-at-08.13.02-300x169.jpeg 300w, https:\/\/prensa.sma.gob.ar\/wp-content\/uploads\/2025\/04\/WhatsApp-Image-2025-04-09-at-08.13.02-768x432.jpeg 768w, https:\/\/prensa.sma.gob.ar\/wp-content\/uploads\/2025\/04\/WhatsApp-Image-2025-04-09-at-08.13.02-1536x864.jpeg 1536w, https:\/\/prensa.sma.gob.ar\/wp-content\/uploads\/2025\/04\/WhatsApp-Image-2025-04-09-at-08.13.02-747x420.jpeg 747w, https:\/\/prensa.sma.gob.ar\/wp-content\/uploads\/2025\/04\/WhatsApp-Image-2025-04-09-at-08.13.02-696x392.jpeg 696w, https:\/\/prensa.sma.gob.ar\/wp-content\/uploads\/2025\/04\/WhatsApp-Image-2025-04-09-at-08.13.02-1068x601.jpeg 1068w, https:\/\/prensa.sma.gob.ar\/wp-content\/uploads\/2025\/04\/WhatsApp-Image-2025-04-09-at-08.13.02.jpeg 1600w\" sizes=\"auto, (max-width: 1024px) 100vw, 1024px\" \/><\/figure>\n\n\n\n<figure class=\"wp-block-image size-large\"><img loading=\"lazy\" decoding=\"async\" width=\"1024\" height=\"575\" data-id=\"6547\" src=\"https:\/\/prensa.sma.gob.ar\/wp-content\/uploads\/2025\/04\/WhatsApp-Image-2025-04-09-at-08.13.01-2-1024x575.jpeg\" alt=\"\" class=\"wp-image-6547\" srcset=\"https:\/\/prensa.sma.gob.ar\/wp-content\/uploads\/2025\/04\/WhatsApp-Image-2025-04-09-at-08.13.01-2-1024x575.jpeg 1024w, https:\/\/prensa.sma.gob.ar\/wp-content\/uploads\/2025\/04\/WhatsApp-Image-2025-04-09-at-08.13.01-2-300x169.jpeg 300w, https:\/\/prensa.sma.gob.ar\/wp-content\/uploads\/2025\/04\/WhatsApp-Image-2025-04-09-at-08.13.01-2-768x432.jpeg 768w, https:\/\/prensa.sma.gob.ar\/wp-content\/uploads\/2025\/04\/WhatsApp-Image-2025-04-09-at-08.13.01-2-1536x863.jpeg 1536w, https:\/\/prensa.sma.gob.ar\/wp-content\/uploads\/2025\/04\/WhatsApp-Image-2025-04-09-at-08.13.01-2-747x420.jpeg 747w, https:\/\/prensa.sma.gob.ar\/wp-content\/uploads\/2025\/04\/WhatsApp-Image-2025-04-09-at-08.13.01-2-696x391.jpeg 696w, https:\/\/prensa.sma.gob.ar\/wp-content\/uploads\/2025\/04\/WhatsApp-Image-2025-04-09-at-08.13.01-2-1068x600.jpeg 1068w, https:\/\/prensa.sma.gob.ar\/wp-content\/uploads\/2025\/04\/WhatsApp-Image-2025-04-09-at-08.13.01-2.jpeg 1600w\" sizes=\"auto, (max-width: 1024px) 100vw, 1024px\" \/><\/figure>\n\n\n\n<figure class=\"wp-block-image size-large\"><img loading=\"lazy\" decoding=\"async\" width=\"1024\" height=\"576\" data-id=\"6548\" src=\"https:\/\/prensa.sma.gob.ar\/wp-content\/uploads\/2025\/04\/WhatsApp-Image-2025-04-09-at-08.13.01-1-1024x576.jpeg\" alt=\"\" class=\"wp-image-6548\" srcset=\"https:\/\/prensa.sma.gob.ar\/wp-content\/uploads\/2025\/04\/WhatsApp-Image-2025-04-09-at-08.13.01-1-1024x576.jpeg 1024w, https:\/\/prensa.sma.gob.ar\/wp-content\/uploads\/2025\/04\/WhatsApp-Image-2025-04-09-at-08.13.01-1-300x169.jpeg 300w, https:\/\/prensa.sma.gob.ar\/wp-content\/uploads\/2025\/04\/WhatsApp-Image-2025-04-09-at-08.13.01-1-768x432.jpeg 768w, https:\/\/prensa.sma.gob.ar\/wp-content\/uploads\/2025\/04\/WhatsApp-Image-2025-04-09-at-08.13.01-1-1536x864.jpeg 1536w, https:\/\/prensa.sma.gob.ar\/wp-content\/uploads\/2025\/04\/WhatsApp-Image-2025-04-09-at-08.13.01-1-747x420.jpeg 747w, https:\/\/prensa.sma.gob.ar\/wp-content\/uploads\/2025\/04\/WhatsApp-Image-2025-04-09-at-08.13.01-1-696x392.jpeg 696w, https:\/\/prensa.sma.gob.ar\/wp-content\/uploads\/2025\/04\/WhatsApp-Image-2025-04-09-at-08.13.01-1-1068x601.jpeg 1068w, https:\/\/prensa.sma.gob.ar\/wp-content\/uploads\/2025\/04\/WhatsApp-Image-2025-04-09-at-08.13.01-1.jpeg 1600w\" sizes=\"auto, (max-width: 1024px) 100vw, 1024px\" \/><\/figure>\n<\/figure>\n\n\n\n<p>Esta presentaci\u00f3n, realizada en el Sal\u00f3n Municipal de San Mart\u00edn de los Andes, se enmarca dentro de \u201cuna pol\u00edtica cultural que busca garantizar que todos los habitantes de la provincia, sin importar su ubicaci\u00f3n geogr\u00e1fica o su contexto social\u201d puedan acceder y participar activamente en la vida cultural de la provincia\u201d.<\/p>\n\n\n\n<p>El Corredor Cultural Sur involucra a los municipios de Villa La Angostura, San Mart\u00edn de los Andes y Jun\u00edn de los Andes, y a las comisiones de fomento de Villa Traful y Pilo Lil. Fue creado como parte del programa provincial de regionalizaci\u00f3n, cuyo objetivo principal es hacer m\u00e1s eficiente la gesti\u00f3n de los territorios y sus comunidades.<\/p>\n\n\n\n<p>El encuentro cont\u00f3 con la presencia de la Secretaria de Deportes, Cultura y Gesti\u00f3n Ciudadana de la provincia, Marita Villone; el subsecretario de Cultura provincial, Oscar Sarhan; y los intendentes Carlos Saloniti y Luis Madue\u00f1o, de Jun\u00edn de los Andes y la delegada provincial en la Regi\u00f3n Lagos del Sur, Eliana Rivera.<\/p>\n\n\n\n<p>Participaron tambi\u00e9n los responsables de Cultura de Villa La Angostura, Ver\u00f3nica Rivas Molina; de Jun\u00edn de los Andes, Lucrecia Panzia; y de San Mart\u00edn de los Andes, Gustavo Santos.<\/p>\n\n\n\n<figure class=\"wp-block-gallery has-nested-images columns-default is-cropped wp-block-gallery-2 is-layout-flex wp-block-gallery-is-layout-flex\">\n<figure class=\"wp-block-image size-large\"><img loading=\"lazy\" decoding=\"async\" width=\"1024\" height=\"576\" data-id=\"6551\" src=\"https:\/\/prensa.sma.gob.ar\/wp-content\/uploads\/2025\/04\/WhatsApp-Image-2025-04-09-at-08.13.00-1024x576.jpeg\" alt=\"\" class=\"wp-image-6551\" srcset=\"https:\/\/prensa.sma.gob.ar\/wp-content\/uploads\/2025\/04\/WhatsApp-Image-2025-04-09-at-08.13.00-1024x576.jpeg 1024w, https:\/\/prensa.sma.gob.ar\/wp-content\/uploads\/2025\/04\/WhatsApp-Image-2025-04-09-at-08.13.00-300x169.jpeg 300w, https:\/\/prensa.sma.gob.ar\/wp-content\/uploads\/2025\/04\/WhatsApp-Image-2025-04-09-at-08.13.00-768x432.jpeg 768w, https:\/\/prensa.sma.gob.ar\/wp-content\/uploads\/2025\/04\/WhatsApp-Image-2025-04-09-at-08.13.00-1536x864.jpeg 1536w, https:\/\/prensa.sma.gob.ar\/wp-content\/uploads\/2025\/04\/WhatsApp-Image-2025-04-09-at-08.13.00-747x420.jpeg 747w, https:\/\/prensa.sma.gob.ar\/wp-content\/uploads\/2025\/04\/WhatsApp-Image-2025-04-09-at-08.13.00-696x392.jpeg 696w, https:\/\/prensa.sma.gob.ar\/wp-content\/uploads\/2025\/04\/WhatsApp-Image-2025-04-09-at-08.13.00-1068x601.jpeg 1068w, https:\/\/prensa.sma.gob.ar\/wp-content\/uploads\/2025\/04\/WhatsApp-Image-2025-04-09-at-08.13.00.jpeg 1600w\" sizes=\"auto, (max-width: 1024px) 100vw, 1024px\" \/><\/figure>\n\n\n\n<figure class=\"wp-block-image size-large\"><img loading=\"lazy\" decoding=\"async\" width=\"1024\" height=\"576\" data-id=\"6550\" src=\"https:\/\/prensa.sma.gob.ar\/wp-content\/uploads\/2025\/04\/WhatsApp-Image-2025-04-09-at-08.13.00-1-1024x576.jpeg\" alt=\"\" class=\"wp-image-6550\" srcset=\"https:\/\/prensa.sma.gob.ar\/wp-content\/uploads\/2025\/04\/WhatsApp-Image-2025-04-09-at-08.13.00-1-1024x576.jpeg 1024w, https:\/\/prensa.sma.gob.ar\/wp-content\/uploads\/2025\/04\/WhatsApp-Image-2025-04-09-at-08.13.00-1-300x169.jpeg 300w, https:\/\/prensa.sma.gob.ar\/wp-content\/uploads\/2025\/04\/WhatsApp-Image-2025-04-09-at-08.13.00-1-768x432.jpeg 768w, https:\/\/prensa.sma.gob.ar\/wp-content\/uploads\/2025\/04\/WhatsApp-Image-2025-04-09-at-08.13.00-1-1536x864.jpeg 1536w, https:\/\/prensa.sma.gob.ar\/wp-content\/uploads\/2025\/04\/WhatsApp-Image-2025-04-09-at-08.13.00-1-747x420.jpeg 747w, https:\/\/prensa.sma.gob.ar\/wp-content\/uploads\/2025\/04\/WhatsApp-Image-2025-04-09-at-08.13.00-1-696x392.jpeg 696w, https:\/\/prensa.sma.gob.ar\/wp-content\/uploads\/2025\/04\/WhatsApp-Image-2025-04-09-at-08.13.00-1-1068x601.jpeg 1068w, https:\/\/prensa.sma.gob.ar\/wp-content\/uploads\/2025\/04\/WhatsApp-Image-2025-04-09-at-08.13.00-1.jpeg 1600w\" sizes=\"auto, (max-width: 1024px) 100vw, 1024px\" \/><\/figure>\n\n\n\n<figure class=\"wp-block-image size-large\"><img loading=\"lazy\" decoding=\"async\" width=\"1024\" height=\"576\" data-id=\"6553\" src=\"https:\/\/prensa.sma.gob.ar\/wp-content\/uploads\/2025\/04\/WhatsApp-Image-2025-04-09-at-08.12.59-1-1024x576.jpeg\" alt=\"\" class=\"wp-image-6553\" srcset=\"https:\/\/prensa.sma.gob.ar\/wp-content\/uploads\/2025\/04\/WhatsApp-Image-2025-04-09-at-08.12.59-1-1024x576.jpeg 1024w, https:\/\/prensa.sma.gob.ar\/wp-content\/uploads\/2025\/04\/WhatsApp-Image-2025-04-09-at-08.12.59-1-300x169.jpeg 300w, https:\/\/prensa.sma.gob.ar\/wp-content\/uploads\/2025\/04\/WhatsApp-Image-2025-04-09-at-08.12.59-1-768x432.jpeg 768w, https:\/\/prensa.sma.gob.ar\/wp-content\/uploads\/2025\/04\/WhatsApp-Image-2025-04-09-at-08.12.59-1-1536x864.jpeg 1536w, https:\/\/prensa.sma.gob.ar\/wp-content\/uploads\/2025\/04\/WhatsApp-Image-2025-04-09-at-08.12.59-1-747x420.jpeg 747w, https:\/\/prensa.sma.gob.ar\/wp-content\/uploads\/2025\/04\/WhatsApp-Image-2025-04-09-at-08.12.59-1-696x392.jpeg 696w, https:\/\/prensa.sma.gob.ar\/wp-content\/uploads\/2025\/04\/WhatsApp-Image-2025-04-09-at-08.12.59-1-1068x601.jpeg 1068w, https:\/\/prensa.sma.gob.ar\/wp-content\/uploads\/2025\/04\/WhatsApp-Image-2025-04-09-at-08.12.59-1.jpeg 1600w\" sizes=\"auto, (max-width: 1024px) 100vw, 1024px\" \/><\/figure>\n<\/figure>\n\n\n\n<p>Entre las propuestas para 2025 se anota la participaci\u00f3n en la pr\u00f3xima Feria Internacional del Libro de Buenos Aires para la promoci\u00f3n, fomento y visibilizaci\u00f3n de editoriales neuquinas independientes y estatales, junto a escritores y escritoras.<\/p>\n\n\n\n<p>Tambi\u00e9n se cuenta el apoyo a salas de teatro independientes y autogestivas con la promoci\u00f3n de actividades culturales dirigidas a ni\u00f1os y j\u00f3venes, adem\u00e1s de apoyo econ\u00f3mico para el mantenimiento de salas de teatro.<\/p>\n\n\n\n<p>El secretario de Cultura de San Mart\u00edn de los Andes, Gustavo Santos, &nbsp;se\u00f1al\u00f3 que \u201cla reuni\u00f3n fue una excelente oportunidad para fortalecer el trabajo que las secretar\u00edas de Cultura municipales estamos realizando\u201d. Tambi\u00e9n destac\u00f3 la importancia de haber contado con la presencia de la Secretaria provincial Marita Villone y con dos intendentes de la regi\u00f3n sur, hechos que \u201cfortalecen mucho la buena relaci\u00f3n que tenemos con provincia en pol\u00edticas culturales\u201d.<\/p>\n\n\n\n<figure class=\"wp-block-gallery has-nested-images columns-default is-cropped wp-block-gallery-3 is-layout-flex wp-block-gallery-is-layout-flex\">\n<figure class=\"wp-block-image size-large\"><img loading=\"lazy\" decoding=\"async\" width=\"1024\" height=\"576\" data-id=\"6554\" src=\"https:\/\/prensa.sma.gob.ar\/wp-content\/uploads\/2025\/04\/WhatsApp-Image-2025-04-09-at-08.12.59-1024x576.jpeg\" alt=\"\" class=\"wp-image-6554\" srcset=\"https:\/\/prensa.sma.gob.ar\/wp-content\/uploads\/2025\/04\/WhatsApp-Image-2025-04-09-at-08.12.59-1024x576.jpeg 1024w, https:\/\/prensa.sma.gob.ar\/wp-content\/uploads\/2025\/04\/WhatsApp-Image-2025-04-09-at-08.12.59-300x169.jpeg 300w, https:\/\/prensa.sma.gob.ar\/wp-content\/uploads\/2025\/04\/WhatsApp-Image-2025-04-09-at-08.12.59-768x432.jpeg 768w, https:\/\/prensa.sma.gob.ar\/wp-content\/uploads\/2025\/04\/WhatsApp-Image-2025-04-09-at-08.12.59-1536x864.jpeg 1536w, https:\/\/prensa.sma.gob.ar\/wp-content\/uploads\/2025\/04\/WhatsApp-Image-2025-04-09-at-08.12.59-747x420.jpeg 747w, https:\/\/prensa.sma.gob.ar\/wp-content\/uploads\/2025\/04\/WhatsApp-Image-2025-04-09-at-08.12.59-696x392.jpeg 696w, https:\/\/prensa.sma.gob.ar\/wp-content\/uploads\/2025\/04\/WhatsApp-Image-2025-04-09-at-08.12.59-1068x601.jpeg 1068w, https:\/\/prensa.sma.gob.ar\/wp-content\/uploads\/2025\/04\/WhatsApp-Image-2025-04-09-at-08.12.59.jpeg 1600w\" sizes=\"auto, (max-width: 1024px) 100vw, 1024px\" \/><\/figure>\n\n\n\n<figure class=\"wp-block-image size-large\"><img loading=\"lazy\" decoding=\"async\" width=\"1024\" height=\"600\" data-id=\"6556\" src=\"https:\/\/prensa.sma.gob.ar\/wp-content\/uploads\/2025\/04\/WhatsApp-Image-2025-04-09-at-08.12.58-1-1024x600.jpeg\" alt=\"\" class=\"wp-image-6556\" srcset=\"https:\/\/prensa.sma.gob.ar\/wp-content\/uploads\/2025\/04\/WhatsApp-Image-2025-04-09-at-08.12.58-1-1024x600.jpeg 1024w, https:\/\/prensa.sma.gob.ar\/wp-content\/uploads\/2025\/04\/WhatsApp-Image-2025-04-09-at-08.12.58-1-300x176.jpeg 300w, https:\/\/prensa.sma.gob.ar\/wp-content\/uploads\/2025\/04\/WhatsApp-Image-2025-04-09-at-08.12.58-1-768x450.jpeg 768w, https:\/\/prensa.sma.gob.ar\/wp-content\/uploads\/2025\/04\/WhatsApp-Image-2025-04-09-at-08.12.58-1-1536x900.jpeg 1536w, https:\/\/prensa.sma.gob.ar\/wp-content\/uploads\/2025\/04\/WhatsApp-Image-2025-04-09-at-08.12.58-1-717x420.jpeg 717w, https:\/\/prensa.sma.gob.ar\/wp-content\/uploads\/2025\/04\/WhatsApp-Image-2025-04-09-at-08.12.58-1-696x408.jpeg 696w, https:\/\/prensa.sma.gob.ar\/wp-content\/uploads\/2025\/04\/WhatsApp-Image-2025-04-09-at-08.12.58-1-1068x625.jpeg 1068w, https:\/\/prensa.sma.gob.ar\/wp-content\/uploads\/2025\/04\/WhatsApp-Image-2025-04-09-at-08.12.58-1.jpeg 1600w\" sizes=\"auto, (max-width: 1024px) 100vw, 1024px\" \/><\/figure>\n\n\n\n<figure class=\"wp-block-image size-large\"><img loading=\"lazy\" decoding=\"async\" width=\"1024\" height=\"576\" data-id=\"6557\" src=\"https:\/\/prensa.sma.gob.ar\/wp-content\/uploads\/2025\/04\/WhatsApp-Image-2025-04-09-at-08.12.58-1024x576.jpeg\" alt=\"\" class=\"wp-image-6557\" srcset=\"https:\/\/prensa.sma.gob.ar\/wp-content\/uploads\/2025\/04\/WhatsApp-Image-2025-04-09-at-08.12.58-1024x576.jpeg 1024w, https:\/\/prensa.sma.gob.ar\/wp-content\/uploads\/2025\/04\/WhatsApp-Image-2025-04-09-at-08.12.58-300x169.jpeg 300w, https:\/\/prensa.sma.gob.ar\/wp-content\/uploads\/2025\/04\/WhatsApp-Image-2025-04-09-at-08.12.58-768x432.jpeg 768w, https:\/\/prensa.sma.gob.ar\/wp-content\/uploads\/2025\/04\/WhatsApp-Image-2025-04-09-at-08.12.58-1536x864.jpeg 1536w, https:\/\/prensa.sma.gob.ar\/wp-content\/uploads\/2025\/04\/WhatsApp-Image-2025-04-09-at-08.12.58-747x420.jpeg 747w, https:\/\/prensa.sma.gob.ar\/wp-content\/uploads\/2025\/04\/WhatsApp-Image-2025-04-09-at-08.12.58-696x392.jpeg 696w, https:\/\/prensa.sma.gob.ar\/wp-content\/uploads\/2025\/04\/WhatsApp-Image-2025-04-09-at-08.12.58-1068x601.jpeg 1068w, https:\/\/prensa.sma.gob.ar\/wp-content\/uploads\/2025\/04\/WhatsApp-Image-2025-04-09-at-08.12.58.jpeg 1600w\" sizes=\"auto, (max-width: 1024px) 100vw, 1024px\" \/><\/figure>\n\n\n\n<figure class=\"wp-block-image size-large\"><img loading=\"lazy\" decoding=\"async\" width=\"1024\" height=\"576\" data-id=\"6558\" src=\"https:\/\/prensa.sma.gob.ar\/wp-content\/uploads\/2025\/04\/WhatsApp-Image-2025-04-09-at-08.12.57-2-1024x576.jpeg\" alt=\"\" class=\"wp-image-6558\" srcset=\"https:\/\/prensa.sma.gob.ar\/wp-content\/uploads\/2025\/04\/WhatsApp-Image-2025-04-09-at-08.12.57-2-1024x576.jpeg 1024w, https:\/\/prensa.sma.gob.ar\/wp-content\/uploads\/2025\/04\/WhatsApp-Image-2025-04-09-at-08.12.57-2-300x169.jpeg 300w, https:\/\/prensa.sma.gob.ar\/wp-content\/uploads\/2025\/04\/WhatsApp-Image-2025-04-09-at-08.12.57-2-768x432.jpeg 768w, https:\/\/prensa.sma.gob.ar\/wp-content\/uploads\/2025\/04\/WhatsApp-Image-2025-04-09-at-08.12.57-2-1536x864.jpeg 1536w, https:\/\/prensa.sma.gob.ar\/wp-content\/uploads\/2025\/04\/WhatsApp-Image-2025-04-09-at-08.12.57-2-747x420.jpeg 747w, https:\/\/prensa.sma.gob.ar\/wp-content\/uploads\/2025\/04\/WhatsApp-Image-2025-04-09-at-08.12.57-2-696x392.jpeg 696w, https:\/\/prensa.sma.gob.ar\/wp-content\/uploads\/2025\/04\/WhatsApp-Image-2025-04-09-at-08.12.57-2-1068x601.jpeg 1068w, https:\/\/prensa.sma.gob.ar\/wp-content\/uploads\/2025\/04\/WhatsApp-Image-2025-04-09-at-08.12.57-2.jpeg 1600w\" sizes=\"auto, (max-width: 1024px) 100vw, 1024px\" \/><\/figure>\n\n\n\n<figure class=\"wp-block-image size-large\"><img loading=\"lazy\" decoding=\"async\" width=\"1024\" height=\"600\" data-id=\"6559\" src=\"https:\/\/prensa.sma.gob.ar\/wp-content\/uploads\/2025\/04\/WhatsApp-Image-2025-04-09-at-08.12.57-1-1024x600.jpeg\" alt=\"\" class=\"wp-image-6559\" srcset=\"https:\/\/prensa.sma.gob.ar\/wp-content\/uploads\/2025\/04\/WhatsApp-Image-2025-04-09-at-08.12.57-1-1024x600.jpeg 1024w, https:\/\/prensa.sma.gob.ar\/wp-content\/uploads\/2025\/04\/WhatsApp-Image-2025-04-09-at-08.12.57-1-300x176.jpeg 300w, https:\/\/prensa.sma.gob.ar\/wp-content\/uploads\/2025\/04\/WhatsApp-Image-2025-04-09-at-08.12.57-1-768x450.jpeg 768w, https:\/\/prensa.sma.gob.ar\/wp-content\/uploads\/2025\/04\/WhatsApp-Image-2025-04-09-at-08.12.57-1-1536x900.jpeg 1536w, https:\/\/prensa.sma.gob.ar\/wp-content\/uploads\/2025\/04\/WhatsApp-Image-2025-04-09-at-08.12.57-1-717x420.jpeg 717w, https:\/\/prensa.sma.gob.ar\/wp-content\/uploads\/2025\/04\/WhatsApp-Image-2025-04-09-at-08.12.57-1-696x408.jpeg 696w, https:\/\/prensa.sma.gob.ar\/wp-content\/uploads\/2025\/04\/WhatsApp-Image-2025-04-09-at-08.12.57-1-1068x625.jpeg 1068w, https:\/\/prensa.sma.gob.ar\/wp-content\/uploads\/2025\/04\/WhatsApp-Image-2025-04-09-at-08.12.57-1.jpeg 1600w\" sizes=\"auto, (max-width: 1024px) 100vw, 1024px\" \/><\/figure>\n\n\n\n<figure class=\"wp-block-image size-large\"><img loading=\"lazy\" decoding=\"async\" width=\"1024\" height=\"576\" data-id=\"6560\" src=\"https:\/\/prensa.sma.gob.ar\/wp-content\/uploads\/2025\/04\/WhatsApp-Image-2025-04-09-at-08.12.57-1024x576.jpeg\" alt=\"\" class=\"wp-image-6560\" srcset=\"https:\/\/prensa.sma.gob.ar\/wp-content\/uploads\/2025\/04\/WhatsApp-Image-2025-04-09-at-08.12.57-1024x576.jpeg 1024w, https:\/\/prensa.sma.gob.ar\/wp-content\/uploads\/2025\/04\/WhatsApp-Image-2025-04-09-at-08.12.57-300x169.jpeg 300w, https:\/\/prensa.sma.gob.ar\/wp-content\/uploads\/2025\/04\/WhatsApp-Image-2025-04-09-at-08.12.57-768x432.jpeg 768w, https:\/\/prensa.sma.gob.ar\/wp-content\/uploads\/2025\/04\/WhatsApp-Image-2025-04-09-at-08.12.57-1536x864.jpeg 1536w, https:\/\/prensa.sma.gob.ar\/wp-content\/uploads\/2025\/04\/WhatsApp-Image-2025-04-09-at-08.12.57-747x420.jpeg 747w, https:\/\/prensa.sma.gob.ar\/wp-content\/uploads\/2025\/04\/WhatsApp-Image-2025-04-09-at-08.12.57-696x392.jpeg 696w, https:\/\/prensa.sma.gob.ar\/wp-content\/uploads\/2025\/04\/WhatsApp-Image-2025-04-09-at-08.12.57-1068x601.jpeg 1068w, https:\/\/prensa.sma.gob.ar\/wp-content\/uploads\/2025\/04\/WhatsApp-Image-2025-04-09-at-08.12.57.jpeg 1600w\" sizes=\"auto, (max-width: 1024px) 100vw, 1024px\" \/><\/figure>\n\n\n\n<figure class=\"wp-block-image size-large\"><img loading=\"lazy\" decoding=\"async\" width=\"1024\" height=\"576\" data-id=\"6561\" src=\"https:\/\/prensa.sma.gob.ar\/wp-content\/uploads\/2025\/04\/WhatsApp-Image-2025-04-09-at-08.12.56-2-1024x576.jpeg\" alt=\"\" class=\"wp-image-6561\" srcset=\"https:\/\/prensa.sma.gob.ar\/wp-content\/uploads\/2025\/04\/WhatsApp-Image-2025-04-09-at-08.12.56-2-1024x576.jpeg 1024w, https:\/\/prensa.sma.gob.ar\/wp-content\/uploads\/2025\/04\/WhatsApp-Image-2025-04-09-at-08.12.56-2-300x169.jpeg 300w, https:\/\/prensa.sma.gob.ar\/wp-content\/uploads\/2025\/04\/WhatsApp-Image-2025-04-09-at-08.12.56-2-768x432.jpeg 768w, https:\/\/prensa.sma.gob.ar\/wp-content\/uploads\/2025\/04\/WhatsApp-Image-2025-04-09-at-08.12.56-2-1536x864.jpeg 1536w, https:\/\/prensa.sma.gob.ar\/wp-content\/uploads\/2025\/04\/WhatsApp-Image-2025-04-09-at-08.12.56-2-747x420.jpeg 747w, https:\/\/prensa.sma.gob.ar\/wp-content\/uploads\/2025\/04\/WhatsApp-Image-2025-04-09-at-08.12.56-2-696x392.jpeg 696w, https:\/\/prensa.sma.gob.ar\/wp-content\/uploads\/2025\/04\/WhatsApp-Image-2025-04-09-at-08.12.56-2-1068x601.jpeg 1068w, https:\/\/prensa.sma.gob.ar\/wp-content\/uploads\/2025\/04\/WhatsApp-Image-2025-04-09-at-08.12.56-2.jpeg 1600w\" sizes=\"auto, (max-width: 1024px) 100vw, 1024px\" \/><\/figure>\n\n\n\n<figure class=\"wp-block-image size-large\"><img loading=\"lazy\" decoding=\"async\" width=\"1024\" height=\"576\" data-id=\"6562\" src=\"https:\/\/prensa.sma.gob.ar\/wp-content\/uploads\/2025\/04\/WhatsApp-Image-2025-04-09-at-08.12.56-1-1024x576.jpeg\" alt=\"\" class=\"wp-image-6562\" srcset=\"https:\/\/prensa.sma.gob.ar\/wp-content\/uploads\/2025\/04\/WhatsApp-Image-2025-04-09-at-08.12.56-1-1024x576.jpeg 1024w, https:\/\/prensa.sma.gob.ar\/wp-content\/uploads\/2025\/04\/WhatsApp-Image-2025-04-09-at-08.12.56-1-300x169.jpeg 300w, https:\/\/prensa.sma.gob.ar\/wp-content\/uploads\/2025\/04\/WhatsApp-Image-2025-04-09-at-08.12.56-1-768x432.jpeg 768w, https:\/\/prensa.sma.gob.ar\/wp-content\/uploads\/2025\/04\/WhatsApp-Image-2025-04-09-at-08.12.56-1-1536x864.jpeg 1536w, https:\/\/prensa.sma.gob.ar\/wp-content\/uploads\/2025\/04\/WhatsApp-Image-2025-04-09-at-08.12.56-1-747x420.jpeg 747w, https:\/\/prensa.sma.gob.ar\/wp-content\/uploads\/2025\/04\/WhatsApp-Image-2025-04-09-at-08.12.56-1-696x392.jpeg 696w, https:\/\/prensa.sma.gob.ar\/wp-content\/uploads\/2025\/04\/WhatsApp-Image-2025-04-09-at-08.12.56-1-1068x601.jpeg 1068w, https:\/\/prensa.sma.gob.ar\/wp-content\/uploads\/2025\/04\/WhatsApp-Image-2025-04-09-at-08.12.56-1.jpeg 1600w\" sizes=\"auto, (max-width: 1024px) 100vw, 1024px\" \/><\/figure>\n\n\n\n<figure class=\"wp-block-image size-large\"><img loading=\"lazy\" decoding=\"async\" width=\"1024\" height=\"576\" data-id=\"6548\" src=\"https:\/\/prensa.sma.gob.ar\/wp-content\/uploads\/2025\/04\/WhatsApp-Image-2025-04-09-at-08.13.01-1-1024x576.jpeg\" alt=\"\" class=\"wp-image-6548\" srcset=\"https:\/\/prensa.sma.gob.ar\/wp-content\/uploads\/2025\/04\/WhatsApp-Image-2025-04-09-at-08.13.01-1-1024x576.jpeg 1024w, https:\/\/prensa.sma.gob.ar\/wp-content\/uploads\/2025\/04\/WhatsApp-Image-2025-04-09-at-08.13.01-1-300x169.jpeg 300w, https:\/\/prensa.sma.gob.ar\/wp-content\/uploads\/2025\/04\/WhatsApp-Image-2025-04-09-at-08.13.01-1-768x432.jpeg 768w, https:\/\/prensa.sma.gob.ar\/wp-content\/uploads\/2025\/04\/WhatsApp-Image-2025-04-09-at-08.13.01-1-1536x864.jpeg 1536w, https:\/\/prensa.sma.gob.ar\/wp-content\/uploads\/2025\/04\/WhatsApp-Image-2025-04-09-at-08.13.01-1-747x420.jpeg 747w, https:\/\/prensa.sma.gob.ar\/wp-content\/uploads\/2025\/04\/WhatsApp-Image-2025-04-09-at-08.13.01-1-696x392.jpeg 696w, https:\/\/prensa.sma.gob.ar\/wp-content\/uploads\/2025\/04\/WhatsApp-Image-2025-04-09-at-08.13.01-1-1068x601.jpeg 1068w, https:\/\/prensa.sma.gob.ar\/wp-content\/uploads\/2025\/04\/WhatsApp-Image-2025-04-09-at-08.13.01-1.jpeg 1600w\" sizes=\"auto, (max-width: 1024px) 100vw, 1024px\" \/><\/figure>\n<\/figure>\n","protected":false},"excerpt":{"rendered":"<p>La Subsecretar\u00eda de Cultura la provincia de Neuqu\u00e9n present\u00f3 en la Regi\u00f3n Lagos del Sur una serie de programas que comenzar\u00e1 a implementar este a\u00f1o, orientados al apoyo a artistas, a festivales y al fortalecimiento de espacios culturales, entre otros. Entre otras cosas, los programas crean el Fondo Permanente para Trabajadores de la Cultura, una [&hellip;]<\/p>\n","protected":false},"author":2,"featured_media":6549,"comment_status":"closed","ping_status":"open","sticky":false,"template":"","format":"standard","meta":{"footnotes":""},"categories":[5,16,14,17],"tags":[],"class_list":{"0":"post-6545","1":"post","2":"type-post","3":"status-publish","4":"format-standard","5":"has-post-thumbnail","7":"category-cultura","8":"category-destacadas","9":"category-noticias","10":"category-portada"},"_links":{"self":[{"href":"https:\/\/prensa.sma.gob.ar\/index.php?rest_route=\/wp\/v2\/posts\/6545","targetHints":{"allow":["GET"]}}],"collection":[{"href":"https:\/\/prensa.sma.gob.ar\/index.php?rest_route=\/wp\/v2\/posts"}],"about":[{"href":"https:\/\/prensa.sma.gob.ar\/index.php?rest_route=\/wp\/v2\/types\/post"}],"author":[{"embeddable":true,"href":"https:\/\/prensa.sma.gob.ar\/index.php?rest_route=\/wp\/v2\/users\/2"}],"replies":[{"embeddable":true,"href":"https:\/\/prensa.sma.gob.ar\/index.php?rest_route=%2Fwp%2Fv2%2Fcomments&post=6545"}],"version-history":[{"count":2,"href":"https:\/\/prensa.sma.gob.ar\/index.php?rest_route=\/wp\/v2\/posts\/6545\/revisions"}],"predecessor-version":[{"id":6581,"href":"https:\/\/prensa.sma.gob.ar\/index.php?rest_route=\/wp\/v2\/posts\/6545\/revisions\/6581"}],"wp:featuredmedia":[{"embeddable":true,"href":"https:\/\/prensa.sma.gob.ar\/index.php?rest_route=\/wp\/v2\/media\/6549"}],"wp:attachment":[{"href":"https:\/\/prensa.sma.gob.ar\/index.php?rest_route=%2Fwp%2Fv2%2Fmedia&parent=6545"}],"wp:term":[{"taxonomy":"category","embeddable":true,"href":"https:\/\/prensa.sma.gob.ar\/index.php?rest_route=%2Fwp%2Fv2%2Fcategories&post=6545"},{"taxonomy":"post_tag","embeddable":true,"href":"https:\/\/prensa.sma.gob.ar\/index.php?rest_route=%2Fwp%2Fv2%2Ftags&post=6545"}],"curies":[{"name":"wp","href":"https:\/\/api.w.org\/{rel}","templated":true}]}}