{"id":6566,"date":"2025-04-10T12:36:34","date_gmt":"2025-04-10T12:36:34","guid":{"rendered":"https:\/\/prensa.sma.gob.ar\/?p=6566"},"modified":"2025-04-10T12:43:00","modified_gmt":"2025-04-10T12:43:00","slug":"primer-consejo-asesor-de-la-vivienda-y-habitat-del-ano-en-dialogo-por-la-emergencia","status":"publish","type":"post","link":"https:\/\/prensa.sma.gob.ar\/?p=6566","title":{"rendered":"Primer Consejo Asesor de la Vivienda y H\u00e1bitat del a\u00f1o: \u201cEn di\u00e1logo por la Emergencia\u201d"},"content":{"rendered":"\n<p>Se realiz\u00f3 el primer encuentro del Consejo Asesor de la Vivienda y H\u00e1bitat del a\u00f1o, convocado desde el Instituto de Vivienda y H\u00e1bitat municipal (IVH), en el marco del tratamiento del Proyecto de Ordenanza que propone declarar la d\u00e9cima Emergencia Habitacional, que vence este 30 de abril.<\/p>\n\n\n\n<p>La reuni\u00f3n tuvo lugar este martes en el Concejo Deliberante de nuestra ciudad, y cont\u00f3 con la participaci\u00f3n de autoridades y trabajadoras del IVH, las y los concejales Jovita Brondo, Sol Petagna, Carlos Men\u00e9ndez, C\u00e9sar Meza y Santiago Fern\u00e1ndez; la Defensor\u00eda del Pueblo, el Consejo de Planificaci\u00f3n Estrat\u00e9gica (COPE), organizaciones sociales incluyendo Vecinos sin Techo, el Movimiento de Trabajadores Excluidos (MTE), Colectivo Enjambre y los barrios autogestivos el Tr\u00e9bol, Aitue y familias de los 24 Lotes de Chacra 28.<\/p>\n\n\n\n<p>La presentaci\u00f3n estuvo a cargo de la directora del Instituto Municipal, Carolina Amaya, quien junto a los integrantes de su equipo Ramiro Morel y Alejandra De Bonis, Liliana Rold\u00e1n y Julia Mu\u00f1oz presentaron los hitos del trabajo realizado en 2024 desde el IVH y el plan de trabajo para los siguientes a\u00f1os de gesti\u00f3n.<\/p>\n\n\n\n<p>\u201cEl Instituto de Vivienda y H\u00e1bitat es una planta peque\u00f1a de trabajo dentro de la municipalidad que tiene que resolver la demanda habitacional del 21,2% de la poblaci\u00f3n en la Ciudad. Que esta ordenanza no se quede en una exclamaci\u00f3n. Tiene un marco estrat\u00e9gico, a donde vamos. Y un marco operativo. Y algunas herramientas que faciliten la aplicaci\u00f3n de los recursos. Necesitamos consenso y gesti\u00f3n\u201d, se\u00f1al\u00f3 Amaya. Adem\u00e1s, comparti\u00f3 que al d\u00eda de la reuni\u00f3n, 8 de abril, hab\u00eda 7.793 personas inscritas al registro de demanda habitacional que requieren de atenci\u00f3n.\u201d<\/p>\n\n\n\n<figure class=\"wp-block-gallery has-nested-images columns-default is-cropped wp-block-gallery-1 is-layout-flex wp-block-gallery-is-layout-flex\">\n<figure class=\"wp-block-image size-large\"><img loading=\"lazy\" decoding=\"async\" width=\"1024\" height=\"682\" data-id=\"6576\" src=\"https:\/\/prensa.sma.gob.ar\/wp-content\/uploads\/2025\/04\/WhatsApp-Image-2025-04-10-at-09.21.11-1024x682.jpeg\" alt=\"\" class=\"wp-image-6576\" srcset=\"https:\/\/prensa.sma.gob.ar\/wp-content\/uploads\/2025\/04\/WhatsApp-Image-2025-04-10-at-09.21.11-1024x682.jpeg 1024w, https:\/\/prensa.sma.gob.ar\/wp-content\/uploads\/2025\/04\/WhatsApp-Image-2025-04-10-at-09.21.11-300x200.jpeg 300w, https:\/\/prensa.sma.gob.ar\/wp-content\/uploads\/2025\/04\/WhatsApp-Image-2025-04-10-at-09.21.11-768x512.jpeg 768w, https:\/\/prensa.sma.gob.ar\/wp-content\/uploads\/2025\/04\/WhatsApp-Image-2025-04-10-at-09.21.11-630x420.jpeg 630w, https:\/\/prensa.sma.gob.ar\/wp-content\/uploads\/2025\/04\/WhatsApp-Image-2025-04-10-at-09.21.11-696x464.jpeg 696w, https:\/\/prensa.sma.gob.ar\/wp-content\/uploads\/2025\/04\/WhatsApp-Image-2025-04-10-at-09.21.11-1068x712.jpeg 1068w, https:\/\/prensa.sma.gob.ar\/wp-content\/uploads\/2025\/04\/WhatsApp-Image-2025-04-10-at-09.21.11.jpeg 1280w\" sizes=\"auto, (max-width: 1024px) 100vw, 1024px\" \/><\/figure>\n\n\n\n<figure class=\"wp-block-image size-large\"><img loading=\"lazy\" decoding=\"async\" width=\"1024\" height=\"682\" data-id=\"6574\" src=\"https:\/\/prensa.sma.gob.ar\/wp-content\/uploads\/2025\/04\/WhatsApp-Image-2025-04-10-at-09.21.12-1024x682.jpeg\" alt=\"\" class=\"wp-image-6574\" srcset=\"https:\/\/prensa.sma.gob.ar\/wp-content\/uploads\/2025\/04\/WhatsApp-Image-2025-04-10-at-09.21.12-1024x682.jpeg 1024w, https:\/\/prensa.sma.gob.ar\/wp-content\/uploads\/2025\/04\/WhatsApp-Image-2025-04-10-at-09.21.12-300x200.jpeg 300w, https:\/\/prensa.sma.gob.ar\/wp-content\/uploads\/2025\/04\/WhatsApp-Image-2025-04-10-at-09.21.12-768x512.jpeg 768w, https:\/\/prensa.sma.gob.ar\/wp-content\/uploads\/2025\/04\/WhatsApp-Image-2025-04-10-at-09.21.12-630x420.jpeg 630w, https:\/\/prensa.sma.gob.ar\/wp-content\/uploads\/2025\/04\/WhatsApp-Image-2025-04-10-at-09.21.12-696x464.jpeg 696w, https:\/\/prensa.sma.gob.ar\/wp-content\/uploads\/2025\/04\/WhatsApp-Image-2025-04-10-at-09.21.12-1068x712.jpeg 1068w, https:\/\/prensa.sma.gob.ar\/wp-content\/uploads\/2025\/04\/WhatsApp-Image-2025-04-10-at-09.21.12.jpeg 1280w\" sizes=\"auto, (max-width: 1024px) 100vw, 1024px\" \/><\/figure>\n\n\n\n<figure class=\"wp-block-image size-large\"><img loading=\"lazy\" decoding=\"async\" width=\"1024\" height=\"682\" data-id=\"6573\" src=\"https:\/\/prensa.sma.gob.ar\/wp-content\/uploads\/2025\/04\/WhatsApp-Image-2025-04-10-at-09.21.12-1-1024x682.jpeg\" alt=\"\" class=\"wp-image-6573\" srcset=\"https:\/\/prensa.sma.gob.ar\/wp-content\/uploads\/2025\/04\/WhatsApp-Image-2025-04-10-at-09.21.12-1-1024x682.jpeg 1024w, https:\/\/prensa.sma.gob.ar\/wp-content\/uploads\/2025\/04\/WhatsApp-Image-2025-04-10-at-09.21.12-1-300x200.jpeg 300w, https:\/\/prensa.sma.gob.ar\/wp-content\/uploads\/2025\/04\/WhatsApp-Image-2025-04-10-at-09.21.12-1-768x512.jpeg 768w, https:\/\/prensa.sma.gob.ar\/wp-content\/uploads\/2025\/04\/WhatsApp-Image-2025-04-10-at-09.21.12-1-630x420.jpeg 630w, https:\/\/prensa.sma.gob.ar\/wp-content\/uploads\/2025\/04\/WhatsApp-Image-2025-04-10-at-09.21.12-1-696x464.jpeg 696w, https:\/\/prensa.sma.gob.ar\/wp-content\/uploads\/2025\/04\/WhatsApp-Image-2025-04-10-at-09.21.12-1-1068x712.jpeg 1068w, https:\/\/prensa.sma.gob.ar\/wp-content\/uploads\/2025\/04\/WhatsApp-Image-2025-04-10-at-09.21.12-1.jpeg 1280w\" sizes=\"auto, (max-width: 1024px) 100vw, 1024px\" \/><\/figure>\n<\/figure>\n\n\n\n<p>El defensor del Pueblo y del Ambiente, Fernando Bravo, hizo referencia a la dificultad en torno al alquiler permanente en nuestra ciudad y comparti\u00f3 que \u201cestamos recibiendo en la Defensor\u00eda con bastante frecuencia situaciones de desalojo o que est\u00e1n al borde de desalojo de los alquileres. Y cuando hay ni\u00f1os o ni\u00f1as, es m\u00e1s complicado\u201d.<\/p>\n\n\n\n<p>En este sentido, Bravo sostuvo que \u201cno podemos separar la Emergencia de San Mart\u00edn de los Andes, del pa\u00eds que tenemos. En los \u00faltimos, donde el cr\u00e9dito hipotecario aparece y desaparece, donde tenemos tasas de inflaci\u00f3n absolutamente inveros\u00edmiles, donde el cr\u00e9dito bancario para la vivienda, de aquel que puede pagar,&nbsp; desaparece. Con lo cual esos vaivenes permanentes est\u00e1n quitando posibilidades de mercado para que El Estado se concentre en la respuesta social m\u00e1s inmediata.\u201d<\/p>\n\n\n\n<p>En el segundo bloque del encuentro, titulado \u00abEn di\u00e1logo con las organizaciones locales\u00bb, participaron distintas organizaciones sociales del territorio. Ignacio Ferrer\u00eda, integrante de Vecinos sin Techo y del equipo TEC-IN-HAB, comparti\u00f3 la experiencia de la Escuela Municipal de Autogesti\u00f3n, una iniciativa que se desarrolla en conjunto con el IVH y diversas organizaciones comunitarias.<\/p>\n\n\n\n<p>Luego, Juan Grana, del Colectivo Enjambre, expuso sobre las diversas tareas interdisciplinarias que llevan adelante como trabajadores del h\u00e1bitat. Entre ellas, destac\u00f3 \u2014tambi\u00e9n en articulaci\u00f3n con el IVH y el MTE\u2014 los trabajos de remediaci\u00f3n en zonas afectadas por deslaves, una problem\u00e1tica que cada a\u00f1o impacta a vecinos y vecinas que habitan en las laderas, as\u00ed como la implementaci\u00f3n de m\u00f3dulos habitacionales para futuras viviendas transitorias.<\/p>\n\n\n\n<figure class=\"wp-block-gallery has-nested-images columns-default is-cropped wp-block-gallery-2 is-layout-flex wp-block-gallery-is-layout-flex\">\n<figure class=\"wp-block-image size-large\"><img loading=\"lazy\" decoding=\"async\" width=\"1024\" height=\"682\" data-id=\"6572\" src=\"https:\/\/prensa.sma.gob.ar\/wp-content\/uploads\/2025\/04\/WhatsApp-Image-2025-04-10-at-09.21.12-2-1024x682.jpeg\" alt=\"\" class=\"wp-image-6572\" srcset=\"https:\/\/prensa.sma.gob.ar\/wp-content\/uploads\/2025\/04\/WhatsApp-Image-2025-04-10-at-09.21.12-2-1024x682.jpeg 1024w, https:\/\/prensa.sma.gob.ar\/wp-content\/uploads\/2025\/04\/WhatsApp-Image-2025-04-10-at-09.21.12-2-300x200.jpeg 300w, https:\/\/prensa.sma.gob.ar\/wp-content\/uploads\/2025\/04\/WhatsApp-Image-2025-04-10-at-09.21.12-2-768x512.jpeg 768w, https:\/\/prensa.sma.gob.ar\/wp-content\/uploads\/2025\/04\/WhatsApp-Image-2025-04-10-at-09.21.12-2-630x420.jpeg 630w, https:\/\/prensa.sma.gob.ar\/wp-content\/uploads\/2025\/04\/WhatsApp-Image-2025-04-10-at-09.21.12-2-696x464.jpeg 696w, https:\/\/prensa.sma.gob.ar\/wp-content\/uploads\/2025\/04\/WhatsApp-Image-2025-04-10-at-09.21.12-2-1068x712.jpeg 1068w, https:\/\/prensa.sma.gob.ar\/wp-content\/uploads\/2025\/04\/WhatsApp-Image-2025-04-10-at-09.21.12-2.jpeg 1280w\" sizes=\"auto, (max-width: 1024px) 100vw, 1024px\" \/><\/figure>\n\n\n\n<figure class=\"wp-block-image size-large\"><img loading=\"lazy\" decoding=\"async\" width=\"1024\" height=\"682\" data-id=\"6571\" src=\"https:\/\/prensa.sma.gob.ar\/wp-content\/uploads\/2025\/04\/WhatsApp-Image-2025-04-10-at-09.21.13-1024x682.jpeg\" alt=\"\" class=\"wp-image-6571\" srcset=\"https:\/\/prensa.sma.gob.ar\/wp-content\/uploads\/2025\/04\/WhatsApp-Image-2025-04-10-at-09.21.13-1024x682.jpeg 1024w, https:\/\/prensa.sma.gob.ar\/wp-content\/uploads\/2025\/04\/WhatsApp-Image-2025-04-10-at-09.21.13-300x200.jpeg 300w, https:\/\/prensa.sma.gob.ar\/wp-content\/uploads\/2025\/04\/WhatsApp-Image-2025-04-10-at-09.21.13-768x512.jpeg 768w, https:\/\/prensa.sma.gob.ar\/wp-content\/uploads\/2025\/04\/WhatsApp-Image-2025-04-10-at-09.21.13-630x420.jpeg 630w, https:\/\/prensa.sma.gob.ar\/wp-content\/uploads\/2025\/04\/WhatsApp-Image-2025-04-10-at-09.21.13-696x464.jpeg 696w, https:\/\/prensa.sma.gob.ar\/wp-content\/uploads\/2025\/04\/WhatsApp-Image-2025-04-10-at-09.21.13-1068x712.jpeg 1068w, https:\/\/prensa.sma.gob.ar\/wp-content\/uploads\/2025\/04\/WhatsApp-Image-2025-04-10-at-09.21.13.jpeg 1280w\" sizes=\"auto, (max-width: 1024px) 100vw, 1024px\" \/><\/figure>\n\n\n\n<figure class=\"wp-block-image size-large\"><img loading=\"lazy\" decoding=\"async\" width=\"1024\" height=\"682\" data-id=\"6570\" src=\"https:\/\/prensa.sma.gob.ar\/wp-content\/uploads\/2025\/04\/WhatsApp-Image-2025-04-10-at-09.21.13-1-1024x682.jpeg\" alt=\"\" class=\"wp-image-6570\" srcset=\"https:\/\/prensa.sma.gob.ar\/wp-content\/uploads\/2025\/04\/WhatsApp-Image-2025-04-10-at-09.21.13-1-1024x682.jpeg 1024w, https:\/\/prensa.sma.gob.ar\/wp-content\/uploads\/2025\/04\/WhatsApp-Image-2025-04-10-at-09.21.13-1-300x200.jpeg 300w, https:\/\/prensa.sma.gob.ar\/wp-content\/uploads\/2025\/04\/WhatsApp-Image-2025-04-10-at-09.21.13-1-768x512.jpeg 768w, https:\/\/prensa.sma.gob.ar\/wp-content\/uploads\/2025\/04\/WhatsApp-Image-2025-04-10-at-09.21.13-1-630x420.jpeg 630w, https:\/\/prensa.sma.gob.ar\/wp-content\/uploads\/2025\/04\/WhatsApp-Image-2025-04-10-at-09.21.13-1-696x464.jpeg 696w, https:\/\/prensa.sma.gob.ar\/wp-content\/uploads\/2025\/04\/WhatsApp-Image-2025-04-10-at-09.21.13-1-1068x712.jpeg 1068w, https:\/\/prensa.sma.gob.ar\/wp-content\/uploads\/2025\/04\/WhatsApp-Image-2025-04-10-at-09.21.13-1.jpeg 1280w\" sizes=\"auto, (max-width: 1024px) 100vw, 1024px\" \/><\/figure>\n<\/figure>\n\n\n\n<p>Grana plante\u00f3 la importancia de avanzar en consensos: \u201cLa ciudad y la Emergencia es parte de todos, de los privados, de lo p\u00fablico, de las organizaciones, de la comunidad. Todav\u00eda San Mart\u00edn de los Andes est\u00e1 a tiempo de hacerse la pregunta: \u00bfqu\u00e9 ciudad queremos ser? Y eso solo se resuelve con todas las partes trabajando en conjunto.<\/p>\n\n\n\n<p>Frente a esta reflexi\u00f3n, Juan Far\u00edas, del Movimiento de Trabajadores Excluidos (MTE), afirm\u00f3: \u201cEl problema es que se densifica de una manera que no beneficia al pueblo. Porque esos alquileres no fueron a los trabajadores esenciales \u2014m\u00e9dicos, docentes, funcionarios\u2014, \u00bfa qui\u00e9nes fueron? Al turismo privado. No lo regulamos tampoco. Entonces, entre todos tenemos una oportunidad. El Banco de Tierra es una oportunidad. Tiene que ser transparente, avalado, fiscalizado y tiene que haber una auditor\u00eda p\u00fablica, donde cada ciudadano de este pueblo pueda ver qu\u00e9 pas\u00f3 con la tierra de este pueblo.\u201d<\/p>\n\n\n\n<p>En el tercer y \u00faltimo bloque, denominado \u00abEn di\u00e1logo con la comunidad\u201d, Patricio P\u00e9rez comparti\u00f3 la experiencia del Barrio el Tr\u00e9bol pero tambi\u00e9n una reflexi\u00f3n: \u201cLlevamos 21 a\u00f1os y seguimos detr\u00e1s de la Emergencia en San Mart\u00edn de los Andes, a pesar de la experiencia nuestra, que es muy corta, muy distinta. Nos parece importante levantar la bandera, que el camino es solidario, es entre todas y todos, y la soluci\u00f3n va por ah\u00ed sino realmente va a ser un conflicto\u201d.<\/p>\n\n\n\n<p>P\u00e9rez luego pas\u00f3 la palabra a Alejandra Arce y Jos\u00e9 P\u00e9rez, del Barrio Aitu\u00e9. Alejandra comparti\u00f3 que \u201cen los primeros talleres (organizados por el IVH), el lema era: \u2018\u00bfQu\u00e9 hacemos ac\u00e1? \u2018Yo espero que me digan d\u00f3nde buscar la llave\u2019. Pero fuimos descubriendo a trav\u00e9s de los encuentros, que nos tenemos que enterar nosotros tambi\u00e9n. Y saber, y entender. A trav\u00e9s de todas las gestiones que va haciendo el IVH y nosotros vamos alimentando el ser parte del lugar, de conocernos, y saber qu\u00e9 es lo que va pasando\u201d. Tambi\u00e9n habl\u00f3 de la realidad diaria: \u201cEn el medio, en el grupo de whatsapp llegan noticias de los vecinos y nos vamos enterando de las que buscan alquiler, o a&nbsp; los que desalojaron.\u201d<\/p>\n\n\n\n<p>El encuentro dej\u00f3 muchos temas por tratar y seguir profundizando. En el cierre, Carolina Amaya agradeci\u00f3 la participaci\u00f3n y la escucha activa y tambi\u00e9n se\u00f1al\u00f3 las ausencias: \u201cUna ciudad no puede planificar sin una voz que hable de h\u00e1bitat y vivienda en contexto de emergencia. Si no, planificamos para algunos. Y tenemos que planificar para todos. Y desde el Consejo de Vivienda y H\u00e1bitat, tenemos mucho para decir al respecto.\u201d<\/p>\n\n\n\n<figure class=\"wp-block-gallery has-nested-images columns-default is-cropped wp-block-gallery-3 is-layout-flex wp-block-gallery-is-layout-flex\">\n<figure class=\"wp-block-image size-large\"><img loading=\"lazy\" decoding=\"async\" width=\"896\" height=\"682\" data-id=\"6578\" src=\"https:\/\/prensa.sma.gob.ar\/wp-content\/uploads\/2025\/04\/Caro-1.jpg\" alt=\"\" class=\"wp-image-6578\" srcset=\"https:\/\/prensa.sma.gob.ar\/wp-content\/uploads\/2025\/04\/Caro-1.jpg 896w, https:\/\/prensa.sma.gob.ar\/wp-content\/uploads\/2025\/04\/Caro-1-300x228.jpg 300w, https:\/\/prensa.sma.gob.ar\/wp-content\/uploads\/2025\/04\/Caro-1-768x585.jpg 768w, https:\/\/prensa.sma.gob.ar\/wp-content\/uploads\/2025\/04\/Caro-1-552x420.jpg 552w, https:\/\/prensa.sma.gob.ar\/wp-content\/uploads\/2025\/04\/Caro-1-80x60.jpg 80w, https:\/\/prensa.sma.gob.ar\/wp-content\/uploads\/2025\/04\/Caro-1-696x530.jpg 696w\" sizes=\"auto, (max-width: 896px) 100vw, 896px\" \/><\/figure>\n\n\n\n<figure class=\"wp-block-image size-large\"><img loading=\"lazy\" decoding=\"async\" width=\"977\" height=\"682\" data-id=\"6577\" src=\"https:\/\/prensa.sma.gob.ar\/wp-content\/uploads\/2025\/04\/Caro-2.jpg\" alt=\"\" class=\"wp-image-6577\" srcset=\"https:\/\/prensa.sma.gob.ar\/wp-content\/uploads\/2025\/04\/Caro-2.jpg 977w, https:\/\/prensa.sma.gob.ar\/wp-content\/uploads\/2025\/04\/Caro-2-300x209.jpg 300w, https:\/\/prensa.sma.gob.ar\/wp-content\/uploads\/2025\/04\/Caro-2-768x536.jpg 768w, https:\/\/prensa.sma.gob.ar\/wp-content\/uploads\/2025\/04\/Caro-2-602x420.jpg 602w, https:\/\/prensa.sma.gob.ar\/wp-content\/uploads\/2025\/04\/Caro-2-696x486.jpg 696w\" sizes=\"auto, (max-width: 977px) 100vw, 977px\" \/><\/figure>\n\n\n\n<figure class=\"wp-block-image size-large\"><img loading=\"lazy\" decoding=\"async\" width=\"1024\" height=\"682\" data-id=\"6570\" src=\"https:\/\/prensa.sma.gob.ar\/wp-content\/uploads\/2025\/04\/WhatsApp-Image-2025-04-10-at-09.21.13-1-1024x682.jpeg\" alt=\"\" class=\"wp-image-6570\" srcset=\"https:\/\/prensa.sma.gob.ar\/wp-content\/uploads\/2025\/04\/WhatsApp-Image-2025-04-10-at-09.21.13-1-1024x682.jpeg 1024w, https:\/\/prensa.sma.gob.ar\/wp-content\/uploads\/2025\/04\/WhatsApp-Image-2025-04-10-at-09.21.13-1-300x200.jpeg 300w, https:\/\/prensa.sma.gob.ar\/wp-content\/uploads\/2025\/04\/WhatsApp-Image-2025-04-10-at-09.21.13-1-768x512.jpeg 768w, https:\/\/prensa.sma.gob.ar\/wp-content\/uploads\/2025\/04\/WhatsApp-Image-2025-04-10-at-09.21.13-1-630x420.jpeg 630w, https:\/\/prensa.sma.gob.ar\/wp-content\/uploads\/2025\/04\/WhatsApp-Image-2025-04-10-at-09.21.13-1-696x464.jpeg 696w, https:\/\/prensa.sma.gob.ar\/wp-content\/uploads\/2025\/04\/WhatsApp-Image-2025-04-10-at-09.21.13-1-1068x712.jpeg 1068w, https:\/\/prensa.sma.gob.ar\/wp-content\/uploads\/2025\/04\/WhatsApp-Image-2025-04-10-at-09.21.13-1.jpeg 1280w\" sizes=\"auto, (max-width: 1024px) 100vw, 1024px\" \/><\/figure>\n<\/figure>\n","protected":false},"excerpt":{"rendered":"<p>Se realiz\u00f3 el primer encuentro del Consejo Asesor de la Vivienda y H\u00e1bitat del a\u00f1o, convocado desde el Instituto de Vivienda y H\u00e1bitat municipal (IVH), en el marco del tratamiento del Proyecto de Ordenanza que propone declarar la d\u00e9cima Emergencia Habitacional, que vence este 30 de abril. La reuni\u00f3n tuvo lugar este martes en el [&hellip;]<\/p>\n","protected":false},"author":2,"featured_media":6568,"comment_status":"closed","ping_status":"open","sticky":false,"template":"","format":"standard","meta":{"footnotes":""},"categories":[16,14,17,37],"tags":[],"class_list":{"0":"post-6566","1":"post","2":"type-post","3":"status-publish","4":"format-standard","5":"has-post-thumbnail","7":"category-destacadas","8":"category-noticias","9":"category-portada","10":"category-vivienda"},"_links":{"self":[{"href":"https:\/\/prensa.sma.gob.ar\/index.php?rest_route=\/wp\/v2\/posts\/6566","targetHints":{"allow":["GET"]}}],"collection":[{"href":"https:\/\/prensa.sma.gob.ar\/index.php?rest_route=\/wp\/v2\/posts"}],"about":[{"href":"https:\/\/prensa.sma.gob.ar\/index.php?rest_route=\/wp\/v2\/types\/post"}],"author":[{"embeddable":true,"href":"https:\/\/prensa.sma.gob.ar\/index.php?rest_route=\/wp\/v2\/users\/2"}],"replies":[{"embeddable":true,"href":"https:\/\/prensa.sma.gob.ar\/index.php?rest_route=%2Fwp%2Fv2%2Fcomments&post=6566"}],"version-history":[{"count":3,"href":"https:\/\/prensa.sma.gob.ar\/index.php?rest_route=\/wp\/v2\/posts\/6566\/revisions"}],"predecessor-version":[{"id":6580,"href":"https:\/\/prensa.sma.gob.ar\/index.php?rest_route=\/wp\/v2\/posts\/6566\/revisions\/6580"}],"wp:featuredmedia":[{"embeddable":true,"href":"https:\/\/prensa.sma.gob.ar\/index.php?rest_route=\/wp\/v2\/media\/6568"}],"wp:attachment":[{"href":"https:\/\/prensa.sma.gob.ar\/index.php?rest_route=%2Fwp%2Fv2%2Fmedia&parent=6566"}],"wp:term":[{"taxonomy":"category","embeddable":true,"href":"https:\/\/prensa.sma.gob.ar\/index.php?rest_route=%2Fwp%2Fv2%2Fcategories&post=6566"},{"taxonomy":"post_tag","embeddable":true,"href":"https:\/\/prensa.sma.gob.ar\/index.php?rest_route=%2Fwp%2Fv2%2Ftags&post=6566"}],"curies":[{"name":"wp","href":"https:\/\/api.w.org\/{rel}","templated":true}]}}