{"id":6584,"date":"2025-04-10T17:04:18","date_gmt":"2025-04-10T17:04:18","guid":{"rendered":"https:\/\/prensa.sma.gob.ar\/?p=6584"},"modified":"2025-04-10T17:04:19","modified_gmt":"2025-04-10T17:04:19","slug":"provincia-ratifico-los-roles-que-tendra-el-municipio-en-la-adjudicacion-y-concesion-del-cerro-chapelco","status":"publish","type":"post","link":"https:\/\/prensa.sma.gob.ar\/?p=6584","title":{"rendered":"Provincia ratific\u00f3 los roles que tendr\u00e1 el Municipio en la adjudicaci\u00f3n y concesi\u00f3n del Cerro Chapelco"},"content":{"rendered":"\n<p>El ministro de Turismo de la provincia de Neuqu\u00e9n, Gustavo Fern\u00e1ndez Capiet, asegur\u00f3 que el municipio tendr\u00e1 un lugar en la Comisi\u00f3n de Adjudicaci\u00f3n de la concesi\u00f3n del centro invernal del Cerro Chapelco, que ser\u00e1 ejercido por el intendente Carlos Saloniti.<\/p>\n\n\n\n<p>Fern\u00e1ndez Capiet record\u00f3 que el Municipio integrar\u00e1 la Mesa Ambiental, prevista en el pliego de bases y condiciones de la licitaci\u00f3n, junto a las comunidades mapuche, la Provincia y el futuro concesionario.<\/p>\n\n\n\n<p>Durante una conferencia de prensa que ofreci\u00f3 este mi\u00e9rcoles junto al intendente Saloniti, el ministro de Turismo record\u00f3 que, adem\u00e1s, el Municipio ejerce en el Cerro las mismas funciones de habilitaciones y control, en \u00e1reas como licencias comerciales y bromatolog\u00eda, con las facultades que le son propias como Ejecutivo municipal.<\/p>\n\n\n\n<p>Fern\u00e1ndez Capiet se\u00f1al\u00f3, adem\u00e1s, que el Estado provincial profundizar\u00e1 su rol de control de la concesi\u00f3n. \u201cNosotros vamos a pasar de tener un Estado ausente en el control a tener un Estado presente. No vamos a operar pero vamos a estar encima del control\u201d, afirm\u00f3.<\/p>\n\n\n\n<p>\u201cCreemos que en los \u00faltimos a\u00f1os hemos estado ausentes en el control, no s\u00f3lo en esta concesi\u00f3n sino en las otras tambi\u00e9n. Y no queremos estar ausentes porque no controlar nos genera m\u00e1s problemas que soluciones\u201d, afirm\u00f3.<\/p>\n","protected":false},"excerpt":{"rendered":"<p>El ministro de Turismo de la provincia de Neuqu\u00e9n, Gustavo Fern\u00e1ndez Capiet, asegur\u00f3 que el municipio tendr\u00e1 un lugar en la Comisi\u00f3n de Adjudicaci\u00f3n de la concesi\u00f3n del centro invernal del Cerro Chapelco, que ser\u00e1 ejercido por el intendente Carlos Saloniti. Fern\u00e1ndez Capiet record\u00f3 que el Municipio integrar\u00e1 la Mesa Ambiental, prevista en el pliego [&hellip;]<\/p>\n","protected":false},"author":1,"featured_media":6585,"comment_status":"closed","ping_status":"open","sticky":false,"template":"","format":"standard","meta":{"footnotes":""},"categories":[16,14,17],"tags":[],"class_list":{"0":"post-6584","1":"post","2":"type-post","3":"status-publish","4":"format-standard","5":"has-post-thumbnail","7":"category-destacadas","8":"category-noticias","9":"category-portada"},"_links":{"self":[{"href":"https:\/\/prensa.sma.gob.ar\/index.php?rest_route=\/wp\/v2\/posts\/6584","targetHints":{"allow":["GET"]}}],"collection":[{"href":"https:\/\/prensa.sma.gob.ar\/index.php?rest_route=\/wp\/v2\/posts"}],"about":[{"href":"https:\/\/prensa.sma.gob.ar\/index.php?rest_route=\/wp\/v2\/types\/post"}],"author":[{"embeddable":true,"href":"https:\/\/prensa.sma.gob.ar\/index.php?rest_route=\/wp\/v2\/users\/1"}],"replies":[{"embeddable":true,"href":"https:\/\/prensa.sma.gob.ar\/index.php?rest_route=%2Fwp%2Fv2%2Fcomments&post=6584"}],"version-history":[{"count":1,"href":"https:\/\/prensa.sma.gob.ar\/index.php?rest_route=\/wp\/v2\/posts\/6584\/revisions"}],"predecessor-version":[{"id":6586,"href":"https:\/\/prensa.sma.gob.ar\/index.php?rest_route=\/wp\/v2\/posts\/6584\/revisions\/6586"}],"wp:featuredmedia":[{"embeddable":true,"href":"https:\/\/prensa.sma.gob.ar\/index.php?rest_route=\/wp\/v2\/media\/6585"}],"wp:attachment":[{"href":"https:\/\/prensa.sma.gob.ar\/index.php?rest_route=%2Fwp%2Fv2%2Fmedia&parent=6584"}],"wp:term":[{"taxonomy":"category","embeddable":true,"href":"https:\/\/prensa.sma.gob.ar\/index.php?rest_route=%2Fwp%2Fv2%2Fcategories&post=6584"},{"taxonomy":"post_tag","embeddable":true,"href":"https:\/\/prensa.sma.gob.ar\/index.php?rest_route=%2Fwp%2Fv2%2Ftags&post=6584"}],"curies":[{"name":"wp","href":"https:\/\/api.w.org\/{rel}","templated":true}]}}