{"id":661,"date":"2024-06-24T21:42:59","date_gmt":"2024-06-24T21:42:59","guid":{"rendered":"https:\/\/prensa.sma.gob.ar\/?p=661"},"modified":"2024-06-24T21:49:13","modified_gmt":"2024-06-24T21:49:13","slug":"historia-de-la-musica-influyente-para-la-comunidad-lgbt","status":"publish","type":"post","link":"https:\/\/prensa.sma.gob.ar\/?p=661","title":{"rendered":"Historia de la m\u00fasica influyente para la comunidad LGBT+"},"content":{"rendered":"\n<p>La Casa Integral Juana Azurduy invita a una radio abierta sobre la historia de la m\u00fasica influyente para la comunidad LGBT+.<\/p>\n\n\n\n<p>El encuentro ser\u00e1 el mi\u00e9rcoles 26 de junio, a las 15:30, en la Biblioteca 9 de julio y est\u00e1 destinado a adolescentes y j\u00f3venes.<\/p>\n\n\n\n<p>Esta actividad proporcionar\u00e1 una plataforma para charlar sobre el impacto de la m\u00fasica en la visibilidad y aceptaci\u00f3n de la comunidad, as\u00ed como para celebrar las contribuciones de artistas LGBT+ a la cultura musical global.<\/p>\n\n\n\n<p>Se buscar\u00e1 de esta manera fomentar el di\u00e1logo, la reflexi\u00f3n y la inclusi\u00f3n, contribuyendo al fortalecimiento de una sociedad m\u00e1s diversa y respetuosa.<\/p>\n\n\n\n<p>La actividad est\u00e1 organizada por La Subsecretar\u00eda de Diversidad, perteneciente al Ministerio de Desarrollo Humano, Gobiernos Locales y Mujeres de la provincia de Neuqu\u00e9n. Acompa\u00f1an la Direcci\u00f3n General de Derechos Humanos, G\u00e9nero, Diversidad y Mediaci\u00f3n Comunitaria de San Mart\u00edn de los Andes y la Biblioteca Popular 9 de Julio.<\/p>\n","protected":false},"excerpt":{"rendered":"<p>La Casa Integral Juana Azurduy invita a una radio abierta sobre la historia de la m\u00fasica influyente para la comunidad LGBT+. El encuentro ser\u00e1 el mi\u00e9rcoles 26 de junio, a las 15:30, en la Biblioteca 9 de julio y est\u00e1 destinado a adolescentes y j\u00f3venes. Esta actividad proporcionar\u00e1 una plataforma para charlar sobre el impacto [&hellip;]<\/p>\n","protected":false},"author":1,"featured_media":662,"comment_status":"open","ping_status":"open","sticky":false,"template":"","format":"standard","meta":{"footnotes":""},"categories":[15,14],"tags":[],"class_list":{"0":"post-661","1":"post","2":"type-post","3":"status-publish","4":"format-standard","5":"has-post-thumbnail","7":"category-desarrollo-social","8":"category-noticias"},"_links":{"self":[{"href":"https:\/\/prensa.sma.gob.ar\/index.php?rest_route=\/wp\/v2\/posts\/661","targetHints":{"allow":["GET"]}}],"collection":[{"href":"https:\/\/prensa.sma.gob.ar\/index.php?rest_route=\/wp\/v2\/posts"}],"about":[{"href":"https:\/\/prensa.sma.gob.ar\/index.php?rest_route=\/wp\/v2\/types\/post"}],"author":[{"embeddable":true,"href":"https:\/\/prensa.sma.gob.ar\/index.php?rest_route=\/wp\/v2\/users\/1"}],"replies":[{"embeddable":true,"href":"https:\/\/prensa.sma.gob.ar\/index.php?rest_route=%2Fwp%2Fv2%2Fcomments&post=661"}],"version-history":[{"count":1,"href":"https:\/\/prensa.sma.gob.ar\/index.php?rest_route=\/wp\/v2\/posts\/661\/revisions"}],"predecessor-version":[{"id":663,"href":"https:\/\/prensa.sma.gob.ar\/index.php?rest_route=\/wp\/v2\/posts\/661\/revisions\/663"}],"wp:featuredmedia":[{"embeddable":true,"href":"https:\/\/prensa.sma.gob.ar\/index.php?rest_route=\/wp\/v2\/media\/662"}],"wp:attachment":[{"href":"https:\/\/prensa.sma.gob.ar\/index.php?rest_route=%2Fwp%2Fv2%2Fmedia&parent=661"}],"wp:term":[{"taxonomy":"category","embeddable":true,"href":"https:\/\/prensa.sma.gob.ar\/index.php?rest_route=%2Fwp%2Fv2%2Fcategories&post=661"},{"taxonomy":"post_tag","embeddable":true,"href":"https:\/\/prensa.sma.gob.ar\/index.php?rest_route=%2Fwp%2Fv2%2Ftags&post=661"}],"curies":[{"name":"wp","href":"https:\/\/api.w.org\/{rel}","templated":true}]}}