{"id":6633,"date":"2025-04-16T13:02:24","date_gmt":"2025-04-16T13:02:24","guid":{"rendered":"https:\/\/prensa.sma.gob.ar\/?p=6633"},"modified":"2025-04-16T13:28:20","modified_gmt":"2025-04-16T13:28:20","slug":"se-realizo-la-primera-reunion-de-trabajo-para-analizar-la-ordenanza-de-juntas-vecinales","status":"publish","type":"post","link":"https:\/\/prensa.sma.gob.ar\/?p=6633","title":{"rendered":"Se realiz\u00f3 la primera reuni\u00f3n de trabajo para analizar la actual Ordenanza de Juntas Vecinales"},"content":{"rendered":"\n<p>Con la presencia de numerosos vecinos y vecinas y representantes de comisiones barriales se realiz\u00f3 la primera reuni\u00f3n de trabajo para analizar la ordenanza 9439 del a\u00f1o 2012, que da marco a la creaci\u00f3n de las Juntas Vecinales y a la actual Subsecretar\u00eda del \u00e1rea.<\/p>\n\n\n\n<p>El encuentro, que se realiz\u00f3 el s\u00e1bado 12 en el CDI Aitue, en Cordones del Chapelco, fue convocado por la Subsecretar\u00eda de Juntas Vecinales\u00a0 y el Consejo de Juntas Vecinales, de acuerdo a lo resuelto en el reciente plenario, que aprob\u00f3 por unanimidad analizar las modificaciones necesarias a la Ordenanza.<\/p>\n\n\n\n<p>Durante la reuni\u00f3n, cada vecina y vecino expuso sobre algunos de los asuntos que deber\u00eda atender una eventual nueva ordenanza, ya sea mediante cambios, modificaciones o especificaciones en algunos de sus art\u00edculos. Luego del debate, se acord\u00f3 mantener reuniones en diferentes \u00e1mbitos de nuestra ciudad, marcando continuidad y enriquecimiento con el aporte de quienes se vayan sumando.<\/p>\n\n\n\n<p><strong>La segunda reuni\u00f3n tendr\u00e1 lugar en la Biblioteca Popular 9 de Julio, el pr\u00f3ximo lunes 21 de abril, en la que se analizar\u00e1n en detalle los art\u00edculos del Cap\u00edtulo I, sobre DEFINICI\u00d3N, OBJETIVOS Y PERSONER\u00cdA MUNICIPAL, Art\u00edculos 1 al 8. Adem\u00e1s, se compartir\u00e1 lo trabajado en el primer encuentro con aquellas vecinas y vecinos que se sumen en esta instancia.<\/strong><\/p>\n\n\n\n<p>A manera de introducci\u00f3n, la subsecretaria de Juntas Vecinales, Lorena Gonz\u00e1lez, record\u00f3 que el mandato de analizar eventuales cambios o modificaciones en la Ordenanza surgi\u00f3 de votaci\u00f3n un\u00e1nime del reciente Plenario del Consejo de Juntas Vecinales, en virtud de algunas observaciones sobre falta de cumplimiento y claridad en la normativa actual. Mencion\u00f3 que, seg\u00fan el \u00faltimo registro del 12 de abril, San Mart\u00edn de los Andes tiene 34 juntas vecinales con personer\u00eda municipal.<\/p>\n\n\n\n<p>Tambi\u00e9n consider\u00f3 que este debate sobre las comisiones barriales transita un buen momento, teniendo en cuenta el apoyo pol\u00edtico dado por el intendente Carlos Saloniti para allanar el camino institucional a la participaci\u00f3n masiva de vecinas y vecinos a trav\u00e9s de los \u00f3rganos constituidos para eso: las Juntas Vecinales, sus comisiones barriales, la Subsecretar\u00eda y el Consejo.<\/p>\n\n\n\n<p>Gonz\u00e1lez record\u00f3 que los \u00f3rganos de representaci\u00f3n municipal est\u00e1n contemplados en la Carta Org\u00e1nica Municipal y que el Cap\u00edtulo 1 se refiere espec\u00edficamente a las Juntas Vecinales, Art\u00edculos 163 a 168. Tambi\u00e9n refiri\u00f3 que la Ordenanza 9439 \u201cReglamentaci\u00f3n Juntas vecinales\u201d fue publicada el 27 de julio del 2012 en el Bolet\u00edn oficial n\u00famero 425. La Ordenanza que comenz\u00f3 a discutirse consta de 53 art\u00edculos y 7 cap\u00edtulos, que se ir\u00e1n tratando en sucesivas reuniones en sedes rotativas, coordinadas por la Subsecretar\u00eda de Juntas Vecinales y el Grupo Coordinador del Consejo de Juntas Vecinales.<\/p>\n\n\n\n<figure class=\"wp-block-gallery has-nested-images columns-default is-cropped wp-block-gallery-1 is-layout-flex wp-block-gallery-is-layout-flex\">\n<figure class=\"wp-block-image size-large\"><img loading=\"lazy\" decoding=\"async\" width=\"738\" height=\"689\" data-id=\"6638\" src=\"https:\/\/prensa.sma.gob.ar\/wp-content\/uploads\/2025\/04\/JUNTAS-2.jpg\" alt=\"\" class=\"wp-image-6638\" srcset=\"https:\/\/prensa.sma.gob.ar\/wp-content\/uploads\/2025\/04\/JUNTAS-2.jpg 738w, https:\/\/prensa.sma.gob.ar\/wp-content\/uploads\/2025\/04\/JUNTAS-2-300x280.jpg 300w, https:\/\/prensa.sma.gob.ar\/wp-content\/uploads\/2025\/04\/JUNTAS-2-450x420.jpg 450w, https:\/\/prensa.sma.gob.ar\/wp-content\/uploads\/2025\/04\/JUNTAS-2-696x650.jpg 696w\" sizes=\"auto, (max-width: 738px) 100vw, 738px\" \/><\/figure>\n\n\n\n<figure class=\"wp-block-image size-large\"><img loading=\"lazy\" decoding=\"async\" width=\"738\" height=\"685\" data-id=\"6637\" src=\"https:\/\/prensa.sma.gob.ar\/wp-content\/uploads\/2025\/04\/JUNTAS-4.jpg\" alt=\"\" class=\"wp-image-6637\" srcset=\"https:\/\/prensa.sma.gob.ar\/wp-content\/uploads\/2025\/04\/JUNTAS-4.jpg 738w, https:\/\/prensa.sma.gob.ar\/wp-content\/uploads\/2025\/04\/JUNTAS-4-300x278.jpg 300w, https:\/\/prensa.sma.gob.ar\/wp-content\/uploads\/2025\/04\/JUNTAS-4-452x420.jpg 452w, https:\/\/prensa.sma.gob.ar\/wp-content\/uploads\/2025\/04\/JUNTAS-4-696x646.jpg 696w\" sizes=\"auto, (max-width: 738px) 100vw, 738px\" \/><\/figure>\n\n\n\n<figure class=\"wp-block-image size-large\"><img loading=\"lazy\" decoding=\"async\" width=\"738\" height=\"776\" data-id=\"6636\" src=\"https:\/\/prensa.sma.gob.ar\/wp-content\/uploads\/2025\/04\/JUNTAS-3.jpg\" alt=\"\" class=\"wp-image-6636\" srcset=\"https:\/\/prensa.sma.gob.ar\/wp-content\/uploads\/2025\/04\/JUNTAS-3.jpg 738w, https:\/\/prensa.sma.gob.ar\/wp-content\/uploads\/2025\/04\/JUNTAS-3-285x300.jpg 285w, https:\/\/prensa.sma.gob.ar\/wp-content\/uploads\/2025\/04\/JUNTAS-3-399x420.jpg 399w, https:\/\/prensa.sma.gob.ar\/wp-content\/uploads\/2025\/04\/JUNTAS-3-696x732.jpg 696w\" sizes=\"auto, (max-width: 738px) 100vw, 738px\" \/><\/figure>\n<\/figure>\n\n\n\n<p>Entre los planteos, las vecinas y vecinos reunidos en Aitue hicieron referencia al concepto de Junta Vecinal y al alcance del t\u00e9rmino, especificaciones que actualmente est\u00e1n mencionadas en los Art\u00edculos 1 a 8. En este sentido, el debate a modo de diagn\u00f3stico general promovi\u00f3 definiciones sobre qui\u00e9n es considerado vecino y c\u00f3mo se definir\u00eda: la persona que reside de manera permanente o quien posee lotes o casas, que tributa pero no vive en el barrio. El intercambio apunt\u00f3, adem\u00e1s, a qu\u00e9 grado de representatividad tiene o tendr\u00eda en este caso.<\/p>\n\n\n\n<p>Otro de los temas diagnosticados fue el del padr\u00f3n mediante el cual los vecinos y las vecinas solicitan la creaci\u00f3n de la Junta, su reconocimiento y el otorgamiento de Personer\u00eda Municipal. Sobre este tema, surgieron preguntas sobre el concepto de \u201cvecino domiciliado\u201d, y qu\u00e9 domicilio se toma para finar la residencia. Tambi\u00e9n se plante\u00f3 precisar la c\u00f3mo se confeccionan los padrones barriales y qui\u00e9n los actualiza.<\/p>\n\n\n\n<p>En cuanto al territorio de las Juntas Vecinales, se habl\u00f3 del ejido municipal y de la institucionalizaci\u00f3n de Juntas en aquellos barrios que est\u00e1n fuera del ejido y c\u00f3mo se contemplan los barrios cerrados.<\/p>\n\n\n\n<p>Durante la primera reuni\u00f3n tambi\u00e9n se analiz\u00f3 el rol de la actual Subsecretar\u00eda de Juntas Vecinales como \u00f3rgano de fiscalizaci\u00f3n; la elaboraci\u00f3n de los estatutos de cada Junta Vecinal, &nbsp;constituci\u00f3n y funcionamiento e integraci\u00f3n de la Junta Vecinal; reuniones de comisi\u00f3n y asistencia de vecinos.<\/p>\n\n\n\n<p>Asimismo, se contempl\u00f3 analizar la representatividad de la comisi\u00f3n directiva, c\u00f3mo se da el qu\u00f3rum para funcionar y para tomar decisiones; revisar el aspecto de representatividad en el caso de dos listas o tres que forman la comisi\u00f3n; decisiones que afectan a quienes no viven y tiene\u00a0 terreno, casa o segunda residencia y c\u00f3mo se contemplan estos casos.<\/p>\n\n\n\n<p>En sus intervenciones, las vecinas y vecinos dejaron preguntas para analizar en pr\u00f3ximas reuniones: representatividad, participaci\u00f3n, voz y voto de quienes no viven en el barrio; temas, convocatorias y mayor\u00edas en las Asambleas de vecinos; influencia del sistema D\u2019Hont en la constituci\u00f3n de la Comisi\u00f3n Directiva y su funcionamiento.<\/p>\n\n\n\n<p>Tambi\u00e9n se mencion\u00f3 en el diagn\u00f3stico las funciones y roles de la Junta Vecinal una vez que se haya terminado el mandato y no haya sucesi\u00f3n; los pasos a seguir en caso de que la Subsecretar\u00eda no convoque a elecciones; duraci\u00f3n de cada Comisi\u00f3n Vecinal, que actualmente es de dos a\u00f1os; campo de acci\u00f3n de la Comisi\u00f3n Directiva; injerencia de la Comisi\u00f3n Directiva en las gestiones y como representante de la junta vecinal ante los estamentos del Gobierno municipal y vicios administrativos que se observen en la aplicaci\u00f3n de la Ordenanza.<\/p>\n\n\n\n<p>Adem\u00e1s, se puso a consideraci\u00f3n debatir en pr\u00f3ximos encuentros los requisitos para integrar las listas a comisiones directivas, la posibilidad de exigir el cumplimiento del r\u00e9gimen de cuota alimentaria y de tener los impuestos municipales y provinciales al d\u00eda. Tambi\u00e9n se mencion\u00f3 la necesidad de resoluci\u00f3n de situaciones derivadas de tener intereses personales, pol\u00edticos partidarios u otro tipo de conflicto para integrar las listas. Tambi\u00e9n se hizo hincapi\u00e9 en considerar el trato con respeto (no violento).<\/p>\n\n\n\n<p>Otros temas mencionados fueron los relacionados con patrimonio, control y contabilidad; costos de mantenimiento de las Juntas Vecinales que tiene sede; actualizaci\u00f3n de montos para funcionamiento de las juntas vecinales; presupuesto de gastos y el acceso a un sistema m\u00e1s simple de aportes y administraci\u00f3n.<\/p>\n\n\n\n<p>Se hizo especial referencia a que la perspectiva de discapacidad no est\u00e1 contemplada en la actual Ordenanza. Tambi\u00e9n se habl\u00f3 del desinter\u00e9s participativo detectado en algunos barrios; la necesidad de mejorar la comunicaci\u00f3n y la informaci\u00f3n para llegar a todos los vecinos y vecinas; confecci\u00f3n de estatutos de cada Junta Vecinal.<\/p>\n\n\n\n<p>De cara a esta etapa de an\u00e1lisis, diagn\u00f3stico y discusi\u00f3n sobre la ordenanza, algunas vecinas y vecinos plantearon armar un cronograma de reuniones que tengan plazo de finalizaci\u00f3n mientras que otros participantes plantearon tomarse todo el tiempo necesario para tratar la ordenanza actual y realizar eventuales cambios. Tambi\u00e9n se propuso que las decisiones sean tomadas por consenso y aplicar nuevas herramientas para favorecer la participaci\u00f3n ciudadana y se especific\u00f3 que el proyecto que surja de esta serie de reuniones deber\u00e1 ser tratado en el Plenario antes de que sea elevado al Concejo Deliberante.<\/p>\n\n\n\n<p>Quienes asistieron a esta primera reuni\u00f3n acordaron encuentros regulares para trabajar de manera conjunta sobre las modificaciones que se analizan para la ordenanza&nbsp; y dividir los ejes tem\u00e1ticos de cada encuentro en base a los cap\u00edtulos de la Ordenanza actual. Para el encuentro del 21 de abril en la Biblioteca Popular 9 de Julio, a las 20 horas, se acord\u00f3 la presencia de un representante de la Defensor\u00eda del Pueblo y del Ambiente.<\/p>\n\n\n\n<figure class=\"wp-block-gallery has-nested-images columns-default is-cropped wp-block-gallery-2 is-layout-flex wp-block-gallery-is-layout-flex\">\n<figure class=\"wp-block-image size-large\"><img loading=\"lazy\" decoding=\"async\" width=\"738\" height=\"841\" data-id=\"6634\" src=\"https:\/\/prensa.sma.gob.ar\/wp-content\/uploads\/2025\/04\/JUNTAS-6.jpg\" alt=\"\" class=\"wp-image-6634\" srcset=\"https:\/\/prensa.sma.gob.ar\/wp-content\/uploads\/2025\/04\/JUNTAS-6.jpg 738w, https:\/\/prensa.sma.gob.ar\/wp-content\/uploads\/2025\/04\/JUNTAS-6-263x300.jpg 263w, https:\/\/prensa.sma.gob.ar\/wp-content\/uploads\/2025\/04\/JUNTAS-6-369x420.jpg 369w, https:\/\/prensa.sma.gob.ar\/wp-content\/uploads\/2025\/04\/JUNTAS-6-696x793.jpg 696w\" sizes=\"auto, (max-width: 738px) 100vw, 738px\" \/><\/figure>\n\n\n\n<figure class=\"wp-block-image size-large\"><img loading=\"lazy\" decoding=\"async\" width=\"922\" height=\"967\" data-id=\"6635\" src=\"https:\/\/prensa.sma.gob.ar\/wp-content\/uploads\/2025\/04\/JUNTAS-5.jpg\" alt=\"\" class=\"wp-image-6635\" srcset=\"https:\/\/prensa.sma.gob.ar\/wp-content\/uploads\/2025\/04\/JUNTAS-5.jpg 922w, https:\/\/prensa.sma.gob.ar\/wp-content\/uploads\/2025\/04\/JUNTAS-5-286x300.jpg 286w, https:\/\/prensa.sma.gob.ar\/wp-content\/uploads\/2025\/04\/JUNTAS-5-768x805.jpg 768w, https:\/\/prensa.sma.gob.ar\/wp-content\/uploads\/2025\/04\/JUNTAS-5-400x420.jpg 400w, https:\/\/prensa.sma.gob.ar\/wp-content\/uploads\/2025\/04\/JUNTAS-5-696x730.jpg 696w\" sizes=\"auto, (max-width: 922px) 100vw, 922px\" \/><\/figure>\n\n\n\n<figure class=\"wp-block-image size-large\"><img loading=\"lazy\" decoding=\"async\" width=\"900\" height=\"776\" data-id=\"6639\" src=\"https:\/\/prensa.sma.gob.ar\/wp-content\/uploads\/2025\/04\/JUNTAS-VECINALES-1.jpg\" alt=\"\" class=\"wp-image-6639\" srcset=\"https:\/\/prensa.sma.gob.ar\/wp-content\/uploads\/2025\/04\/JUNTAS-VECINALES-1.jpg 900w, https:\/\/prensa.sma.gob.ar\/wp-content\/uploads\/2025\/04\/JUNTAS-VECINALES-1-300x259.jpg 300w, https:\/\/prensa.sma.gob.ar\/wp-content\/uploads\/2025\/04\/JUNTAS-VECINALES-1-768x662.jpg 768w, https:\/\/prensa.sma.gob.ar\/wp-content\/uploads\/2025\/04\/JUNTAS-VECINALES-1-487x420.jpg 487w, https:\/\/prensa.sma.gob.ar\/wp-content\/uploads\/2025\/04\/JUNTAS-VECINALES-1-696x600.jpg 696w\" sizes=\"auto, (max-width: 900px) 100vw, 900px\" \/><\/figure>\n<\/figure>\n","protected":false},"excerpt":{"rendered":"<p>Con la presencia de numerosos vecinos y vecinas y representantes de comisiones barriales se realiz\u00f3 la primera reuni\u00f3n de trabajo para analizar la ordenanza 9439 del a\u00f1o 2012, que da marco a la creaci\u00f3n de las Juntas Vecinales y a la actual Subsecretar\u00eda del \u00e1rea. El encuentro, que se realiz\u00f3 el s\u00e1bado 12 en el [&hellip;]<\/p>\n","protected":false},"author":2,"featured_media":6639,"comment_status":"closed","ping_status":"open","sticky":false,"template":"","format":"standard","meta":{"footnotes":""},"categories":[16,39,14],"tags":[],"class_list":{"0":"post-6633","1":"post","2":"type-post","3":"status-publish","4":"format-standard","5":"has-post-thumbnail","7":"category-destacadas","8":"category-subs-juntas-vecinales","9":"category-noticias"},"_links":{"self":[{"href":"https:\/\/prensa.sma.gob.ar\/index.php?rest_route=\/wp\/v2\/posts\/6633","targetHints":{"allow":["GET"]}}],"collection":[{"href":"https:\/\/prensa.sma.gob.ar\/index.php?rest_route=\/wp\/v2\/posts"}],"about":[{"href":"https:\/\/prensa.sma.gob.ar\/index.php?rest_route=\/wp\/v2\/types\/post"}],"author":[{"embeddable":true,"href":"https:\/\/prensa.sma.gob.ar\/index.php?rest_route=\/wp\/v2\/users\/2"}],"replies":[{"embeddable":true,"href":"https:\/\/prensa.sma.gob.ar\/index.php?rest_route=%2Fwp%2Fv2%2Fcomments&post=6633"}],"version-history":[{"count":3,"href":"https:\/\/prensa.sma.gob.ar\/index.php?rest_route=\/wp\/v2\/posts\/6633\/revisions"}],"predecessor-version":[{"id":6644,"href":"https:\/\/prensa.sma.gob.ar\/index.php?rest_route=\/wp\/v2\/posts\/6633\/revisions\/6644"}],"wp:featuredmedia":[{"embeddable":true,"href":"https:\/\/prensa.sma.gob.ar\/index.php?rest_route=\/wp\/v2\/media\/6639"}],"wp:attachment":[{"href":"https:\/\/prensa.sma.gob.ar\/index.php?rest_route=%2Fwp%2Fv2%2Fmedia&parent=6633"}],"wp:term":[{"taxonomy":"category","embeddable":true,"href":"https:\/\/prensa.sma.gob.ar\/index.php?rest_route=%2Fwp%2Fv2%2Fcategories&post=6633"},{"taxonomy":"post_tag","embeddable":true,"href":"https:\/\/prensa.sma.gob.ar\/index.php?rest_route=%2Fwp%2Fv2%2Ftags&post=6633"}],"curies":[{"name":"wp","href":"https:\/\/api.w.org\/{rel}","templated":true}]}}