{"id":665,"date":"2024-06-24T21:47:24","date_gmt":"2024-06-24T21:47:24","guid":{"rendered":"https:\/\/prensa.sma.gob.ar\/?p=665"},"modified":"2024-06-24T21:47:25","modified_gmt":"2024-06-24T21:47:25","slug":"carga-mental-domestica-y-sus-consecuencias-en-la-salud","status":"publish","type":"post","link":"https:\/\/prensa.sma.gob.ar\/?p=665","title":{"rendered":"Carga mental dom\u00e9stica y sus consecuencias en la salud"},"content":{"rendered":"\n<p>Este mi\u00e9rcoles 26 se realizar\u00e1 una actividad como parte de la campa\u00f1a provincial que busca sensibilizar y visibilizar la carga mental dom\u00e9stica y sus consecuencias en la salud, especialmente en las mujeres.<\/p>\n\n\n\n<p>El encuentro se denomina \u00abUn espacio de dialogo sobre la carga mental dom\u00e9stica y sus consecuencias en la salud\u00bb y es impulsado por la Subsecretar\u00eda de las Mujeres de la provincia de Neuqu\u00e9n.<\/p>\n\n\n\n<p>En encuentro ser\u00e1 el mi\u00e9rcoles 26 a las 9.00 en el Sal\u00f3n Municipal<\/p>\n","protected":false},"excerpt":{"rendered":"<p>Este mi\u00e9rcoles 26 se realizar\u00e1 una actividad como parte de la campa\u00f1a provincial que busca sensibilizar y visibilizar la carga mental dom\u00e9stica y sus consecuencias en la salud, especialmente en las mujeres. El encuentro se denomina \u00abUn espacio de dialogo sobre la carga mental dom\u00e9stica y sus consecuencias en la salud\u00bb y es impulsado por [&hellip;]<\/p>\n","protected":false},"author":1,"featured_media":666,"comment_status":"open","ping_status":"open","sticky":false,"template":"","format":"standard","meta":{"footnotes":""},"categories":[15,14],"tags":[],"class_list":{"0":"post-665","1":"post","2":"type-post","3":"status-publish","4":"format-standard","5":"has-post-thumbnail","7":"category-desarrollo-social","8":"category-noticias"},"_links":{"self":[{"href":"https:\/\/prensa.sma.gob.ar\/index.php?rest_route=\/wp\/v2\/posts\/665","targetHints":{"allow":["GET"]}}],"collection":[{"href":"https:\/\/prensa.sma.gob.ar\/index.php?rest_route=\/wp\/v2\/posts"}],"about":[{"href":"https:\/\/prensa.sma.gob.ar\/index.php?rest_route=\/wp\/v2\/types\/post"}],"author":[{"embeddable":true,"href":"https:\/\/prensa.sma.gob.ar\/index.php?rest_route=\/wp\/v2\/users\/1"}],"replies":[{"embeddable":true,"href":"https:\/\/prensa.sma.gob.ar\/index.php?rest_route=%2Fwp%2Fv2%2Fcomments&post=665"}],"version-history":[{"count":1,"href":"https:\/\/prensa.sma.gob.ar\/index.php?rest_route=\/wp\/v2\/posts\/665\/revisions"}],"predecessor-version":[{"id":667,"href":"https:\/\/prensa.sma.gob.ar\/index.php?rest_route=\/wp\/v2\/posts\/665\/revisions\/667"}],"wp:featuredmedia":[{"embeddable":true,"href":"https:\/\/prensa.sma.gob.ar\/index.php?rest_route=\/wp\/v2\/media\/666"}],"wp:attachment":[{"href":"https:\/\/prensa.sma.gob.ar\/index.php?rest_route=%2Fwp%2Fv2%2Fmedia&parent=665"}],"wp:term":[{"taxonomy":"category","embeddable":true,"href":"https:\/\/prensa.sma.gob.ar\/index.php?rest_route=%2Fwp%2Fv2%2Fcategories&post=665"},{"taxonomy":"post_tag","embeddable":true,"href":"https:\/\/prensa.sma.gob.ar\/index.php?rest_route=%2Fwp%2Fv2%2Ftags&post=665"}],"curies":[{"name":"wp","href":"https:\/\/api.w.org\/{rel}","templated":true}]}}