{"id":670,"date":"2024-06-24T10:50:11","date_gmt":"2024-06-24T10:50:11","guid":{"rendered":"https:\/\/prensa.sma.gob.ar\/?p=670"},"modified":"2024-06-25T02:32:24","modified_gmt":"2024-06-25T02:32:24","slug":"tarde-de-futbol-contra-la-depresion-en-el-javier-carriqueo","status":"publish","type":"post","link":"https:\/\/prensa.sma.gob.ar\/?p=670","title":{"rendered":"Tarde de f\u00fatbol contra la depresi\u00f3n en el Javier Carriqueo"},"content":{"rendered":"\n<p><\/p>\n\n\n\n<p>Este s\u00e1bado, 22 de junio se realiz\u00f3 una jornada de encuentro a trav\u00e9s del f\u00fatbol con el lema \u00abGolazo contra la Depresi\u00f3n\u00bb, organizado por la Direcci\u00f3n de Deportes del Municipio.<\/p>\n\n\n\n<p>Este Torneo Rel\u00e1mpago Masculino se realiz\u00f3 en las canchas del Gimnasio Municipal Javier Carriqueo, donde los chicos demostraron todo su talento y la constancia.<\/p>\n\n\n\n<p>El \u00e1rea de Deportes del Municipio recuerda que \u201cno se trata solo de ser talentoso, sino de comprometerte d\u00eda tras d\u00eda a superar tus sue\u00f1os\u201d.<\/p>\n","protected":false},"excerpt":{"rendered":"<p>Este s\u00e1bado, 22 de junio se realiz\u00f3 una jornada de encuentro a trav\u00e9s del f\u00fatbol con el lema \u00abGolazo contra la Depresi\u00f3n\u00bb, organizado por la Direcci\u00f3n de Deportes del Municipio. Este Torneo Rel\u00e1mpago Masculino se realiz\u00f3 en las canchas del Gimnasio Municipal Javier Carriqueo, donde los chicos demostraron todo su talento y la constancia. El [&hellip;]<\/p>\n","protected":false},"author":1,"featured_media":671,"comment_status":"closed","ping_status":"open","sticky":false,"template":"","format":"standard","meta":{"footnotes":""},"categories":[7,14],"tags":[],"class_list":{"0":"post-670","1":"post","2":"type-post","3":"status-publish","4":"format-standard","5":"has-post-thumbnail","7":"category-deportes","8":"category-noticias"},"_links":{"self":[{"href":"https:\/\/prensa.sma.gob.ar\/index.php?rest_route=\/wp\/v2\/posts\/670","targetHints":{"allow":["GET"]}}],"collection":[{"href":"https:\/\/prensa.sma.gob.ar\/index.php?rest_route=\/wp\/v2\/posts"}],"about":[{"href":"https:\/\/prensa.sma.gob.ar\/index.php?rest_route=\/wp\/v2\/types\/post"}],"author":[{"embeddable":true,"href":"https:\/\/prensa.sma.gob.ar\/index.php?rest_route=\/wp\/v2\/users\/1"}],"replies":[{"embeddable":true,"href":"https:\/\/prensa.sma.gob.ar\/index.php?rest_route=%2Fwp%2Fv2%2Fcomments&post=670"}],"version-history":[{"count":1,"href":"https:\/\/prensa.sma.gob.ar\/index.php?rest_route=\/wp\/v2\/posts\/670\/revisions"}],"predecessor-version":[{"id":672,"href":"https:\/\/prensa.sma.gob.ar\/index.php?rest_route=\/wp\/v2\/posts\/670\/revisions\/672"}],"wp:featuredmedia":[{"embeddable":true,"href":"https:\/\/prensa.sma.gob.ar\/index.php?rest_route=\/wp\/v2\/media\/671"}],"wp:attachment":[{"href":"https:\/\/prensa.sma.gob.ar\/index.php?rest_route=%2Fwp%2Fv2%2Fmedia&parent=670"}],"wp:term":[{"taxonomy":"category","embeddable":true,"href":"https:\/\/prensa.sma.gob.ar\/index.php?rest_route=%2Fwp%2Fv2%2Fcategories&post=670"},{"taxonomy":"post_tag","embeddable":true,"href":"https:\/\/prensa.sma.gob.ar\/index.php?rest_route=%2Fwp%2Fv2%2Ftags&post=670"}],"curies":[{"name":"wp","href":"https:\/\/api.w.org\/{rel}","templated":true}]}}