{"id":674,"date":"2024-06-25T22:11:55","date_gmt":"2024-06-25T22:11:55","guid":{"rendered":"https:\/\/prensa.sma.gob.ar\/?p=674"},"modified":"2024-06-26T12:06:03","modified_gmt":"2024-06-26T12:06:03","slug":"comienza-el-relevamiento-para-la-regularizacion-dominial-de-chacra-4","status":"publish","type":"post","link":"https:\/\/prensa.sma.gob.ar\/?p=674","title":{"rendered":"Comienza el relevamiento para la regularizaci\u00f3n dominial de Chacra 4"},"content":{"rendered":"\n<p>A partir del d\u00eda lunes 1 de julio comenzar\u00e1 el relevamiento habitacional de cada vivienda y de familias que integran el barrio Chacra 4, como primera etapa del proceso de regularizaci\u00f3n dominial que se estar\u00e1 llevando a cabo.<\/p>\n\n\n\n<p>La convocatoria la realizan el Instituto municipal de Vivienda y H\u00e1bitat, junto al Concejo Deliberante y la Delegaci\u00f3n Vega Centro.<\/p>\n\n\n\n<p>Se solicita a los vecinos dispongan que un adulto se encuentre en cada vivienda, en el horario de 10 a 13, momento en que ser\u00e1n visitados por personal municipal debidamente identificado.<\/p>\n\n\n\n<p>Cabe aclarar que las visitas no se har\u00e1n estrictamente el d\u00eda lunes 1\u00b0 de julio, sino que se extender\u00e1 por el tiempo necesario para poder relevar a todas las viviendas.<\/p>\n","protected":false},"excerpt":{"rendered":"<p>A partir del d\u00eda lunes 1 de julio comenzar\u00e1 el relevamiento habitacional de cada vivienda y de familias que integran el barrio Chacra 4, como primera etapa del proceso de regularizaci\u00f3n dominial que se estar\u00e1 llevando a cabo. La convocatoria la realizan el Instituto municipal de Vivienda y H\u00e1bitat, junto al Concejo Deliberante y la [&hellip;]<\/p>\n","protected":false},"author":1,"featured_media":675,"comment_status":"open","ping_status":"open","sticky":false,"template":"","format":"standard","meta":{"footnotes":""},"categories":[16,14,37],"tags":[],"class_list":{"0":"post-674","1":"post","2":"type-post","3":"status-publish","4":"format-standard","5":"has-post-thumbnail","7":"category-destacadas","8":"category-noticias","9":"category-vivienda"},"_links":{"self":[{"href":"https:\/\/prensa.sma.gob.ar\/index.php?rest_route=\/wp\/v2\/posts\/674","targetHints":{"allow":["GET"]}}],"collection":[{"href":"https:\/\/prensa.sma.gob.ar\/index.php?rest_route=\/wp\/v2\/posts"}],"about":[{"href":"https:\/\/prensa.sma.gob.ar\/index.php?rest_route=\/wp\/v2\/types\/post"}],"author":[{"embeddable":true,"href":"https:\/\/prensa.sma.gob.ar\/index.php?rest_route=\/wp\/v2\/users\/1"}],"replies":[{"embeddable":true,"href":"https:\/\/prensa.sma.gob.ar\/index.php?rest_route=%2Fwp%2Fv2%2Fcomments&post=674"}],"version-history":[{"count":2,"href":"https:\/\/prensa.sma.gob.ar\/index.php?rest_route=\/wp\/v2\/posts\/674\/revisions"}],"predecessor-version":[{"id":683,"href":"https:\/\/prensa.sma.gob.ar\/index.php?rest_route=\/wp\/v2\/posts\/674\/revisions\/683"}],"wp:featuredmedia":[{"embeddable":true,"href":"https:\/\/prensa.sma.gob.ar\/index.php?rest_route=\/wp\/v2\/media\/675"}],"wp:attachment":[{"href":"https:\/\/prensa.sma.gob.ar\/index.php?rest_route=%2Fwp%2Fv2%2Fmedia&parent=674"}],"wp:term":[{"taxonomy":"category","embeddable":true,"href":"https:\/\/prensa.sma.gob.ar\/index.php?rest_route=%2Fwp%2Fv2%2Fcategories&post=674"},{"taxonomy":"post_tag","embeddable":true,"href":"https:\/\/prensa.sma.gob.ar\/index.php?rest_route=%2Fwp%2Fv2%2Ftags&post=674"}],"curies":[{"name":"wp","href":"https:\/\/api.w.org\/{rel}","templated":true}]}}