{"id":677,"date":"2024-06-25T22:20:02","date_gmt":"2024-06-25T22:20:02","guid":{"rendered":"https:\/\/prensa.sma.gob.ar\/?p=677"},"modified":"2024-06-25T22:20:03","modified_gmt":"2024-06-25T22:20:03","slug":"ultimos-trabajos-para-dar-por-concluida-la-pavimentacion-de-avenida-los-lagos","status":"publish","type":"post","link":"https:\/\/prensa.sma.gob.ar\/?p=677","title":{"rendered":"\u00daltimos trabajos para dar por concluida la pavimentaci\u00f3n de avenida Los Lagos"},"content":{"rendered":"\n<p>Una cuadrilla de la Secretar\u00eda de Obras P\u00fablicas trabaj\u00f3 en la reparaci\u00f3n de un pa\u00f1o de 3 metros por 3 metros sobre avenida Los Lagos, una de las tareas pendientes para finalizar la obra de pavimentaci\u00f3n.<\/p>\n\n\n\n<p>Recordamos que el trabajo con hormig\u00f3n de los casi 2000 metros finaliz\u00f3 la semana pasada y s\u00f3lo quedan tareas de terminaci\u00f3n para entregar el trabajo, realizado por personal municipal y con recursos municipales.<\/p>\n","protected":false},"excerpt":{"rendered":"<p>Una cuadrilla de la Secretar\u00eda de Obras P\u00fablicas trabaj\u00f3 en la reparaci\u00f3n de un pa\u00f1o de 3 metros por 3 metros sobre avenida Los Lagos, una de las tareas pendientes para finalizar la obra de pavimentaci\u00f3n. Recordamos que el trabajo con hormig\u00f3n de los casi 2000 metros finaliz\u00f3 la semana pasada y s\u00f3lo quedan tareas [&hellip;]<\/p>\n","protected":false},"author":1,"featured_media":678,"comment_status":"open","ping_status":"open","sticky":false,"template":"","format":"standard","meta":{"footnotes":""},"categories":[16,14,19],"tags":[],"class_list":{"0":"post-677","1":"post","2":"type-post","3":"status-publish","4":"format-standard","5":"has-post-thumbnail","7":"category-destacadas","8":"category-noticias","9":"category-obras-y-servicios-publicos"},"_links":{"self":[{"href":"https:\/\/prensa.sma.gob.ar\/index.php?rest_route=\/wp\/v2\/posts\/677","targetHints":{"allow":["GET"]}}],"collection":[{"href":"https:\/\/prensa.sma.gob.ar\/index.php?rest_route=\/wp\/v2\/posts"}],"about":[{"href":"https:\/\/prensa.sma.gob.ar\/index.php?rest_route=\/wp\/v2\/types\/post"}],"author":[{"embeddable":true,"href":"https:\/\/prensa.sma.gob.ar\/index.php?rest_route=\/wp\/v2\/users\/1"}],"replies":[{"embeddable":true,"href":"https:\/\/prensa.sma.gob.ar\/index.php?rest_route=%2Fwp%2Fv2%2Fcomments&post=677"}],"version-history":[{"count":1,"href":"https:\/\/prensa.sma.gob.ar\/index.php?rest_route=\/wp\/v2\/posts\/677\/revisions"}],"predecessor-version":[{"id":679,"href":"https:\/\/prensa.sma.gob.ar\/index.php?rest_route=\/wp\/v2\/posts\/677\/revisions\/679"}],"wp:featuredmedia":[{"embeddable":true,"href":"https:\/\/prensa.sma.gob.ar\/index.php?rest_route=\/wp\/v2\/media\/678"}],"wp:attachment":[{"href":"https:\/\/prensa.sma.gob.ar\/index.php?rest_route=%2Fwp%2Fv2%2Fmedia&parent=677"}],"wp:term":[{"taxonomy":"category","embeddable":true,"href":"https:\/\/prensa.sma.gob.ar\/index.php?rest_route=%2Fwp%2Fv2%2Fcategories&post=677"},{"taxonomy":"post_tag","embeddable":true,"href":"https:\/\/prensa.sma.gob.ar\/index.php?rest_route=%2Fwp%2Fv2%2Ftags&post=677"}],"curies":[{"name":"wp","href":"https:\/\/api.w.org\/{rel}","templated":true}]}}