{"id":6794,"date":"2025-04-22T15:57:50","date_gmt":"2025-04-22T15:57:50","guid":{"rendered":"https:\/\/prensa.sma.gob.ar\/?p=6794"},"modified":"2025-04-22T15:57:51","modified_gmt":"2025-04-22T15:57:51","slug":"encuesta-sobre-deportes-adaptados-para-personas-con-discapacidad-motriz","status":"publish","type":"post","link":"https:\/\/prensa.sma.gob.ar\/?p=6794","title":{"rendered":"Encuesta sobre Deportes Adaptados para personas con discapacidad motriz"},"content":{"rendered":"\n<p>La Subsecretar\u00eda de Gobierno e Innovaci\u00f3n de la Municipalidad de San Mart\u00edn de los Andes, junto al atleta paral\u00edmpico Enrique Plantey, lanzaron una encuesta para personas con discapacidad motriz para conocer las necesidades e intereses de nuestra comunidad para impulsar la creaci\u00f3n de Escuelas Deportivas Adaptadas.<\/p>\n\n\n\n<p>Los datos que se recopilen ser\u00e1n fundamentales para dise\u00f1ar pol\u00edticas deportivas m\u00e1s inclusivas, accesibles y pensadas para todos. La participaci\u00f3n en esta encuesta es clave. \u00a1Contamos con vos para construir una ciudad con m\u00e1s oportunidades!<\/p>\n\n\n\n<p>Se puede acceder a la encuesta a trav\u00e9s del siguiente enlace: <\/p>\n\n\n\n<p><a href=\"https:\/\/docs.google.com\/forms\/d\/e\/1FAIpQLSfc7EuVj1Fd6m2yOZozqjR4cPVq3U1bfx-SOiNrI_gGBImY3g\/viewform?pli=1\">https:\/\/docs.google.com\/forms\/d\/e\/1FAIpQLSfc7EuVj1Fd6m2yOZozqjR4cPVq3U1bfx-SOiNrI_gGBImY3g\/viewform?pli=1<\/a><\/p>\n","protected":false},"excerpt":{"rendered":"<p>La Subsecretar\u00eda de Gobierno e Innovaci\u00f3n de la Municipalidad de San Mart\u00edn de los Andes, junto al atleta paral\u00edmpico Enrique Plantey, lanzaron una encuesta para personas con discapacidad motriz para conocer las necesidades e intereses de nuestra comunidad para impulsar la creaci\u00f3n de Escuelas Deportivas Adaptadas. Los datos que se recopilen ser\u00e1n fundamentales para dise\u00f1ar [&hellip;]<\/p>\n","protected":false},"author":2,"featured_media":6795,"comment_status":"closed","ping_status":"open","sticky":false,"template":"","format":"standard","meta":{"footnotes":""},"categories":[16,2,11,14],"tags":[],"class_list":{"0":"post-6794","1":"post","2":"type-post","3":"status-publish","4":"format-standard","5":"has-post-thumbnail","7":"category-destacadas","8":"category-discapacidad","9":"category-gobierno","10":"category-noticias"},"_links":{"self":[{"href":"https:\/\/prensa.sma.gob.ar\/index.php?rest_route=\/wp\/v2\/posts\/6794","targetHints":{"allow":["GET"]}}],"collection":[{"href":"https:\/\/prensa.sma.gob.ar\/index.php?rest_route=\/wp\/v2\/posts"}],"about":[{"href":"https:\/\/prensa.sma.gob.ar\/index.php?rest_route=\/wp\/v2\/types\/post"}],"author":[{"embeddable":true,"href":"https:\/\/prensa.sma.gob.ar\/index.php?rest_route=\/wp\/v2\/users\/2"}],"replies":[{"embeddable":true,"href":"https:\/\/prensa.sma.gob.ar\/index.php?rest_route=%2Fwp%2Fv2%2Fcomments&post=6794"}],"version-history":[{"count":1,"href":"https:\/\/prensa.sma.gob.ar\/index.php?rest_route=\/wp\/v2\/posts\/6794\/revisions"}],"predecessor-version":[{"id":6796,"href":"https:\/\/prensa.sma.gob.ar\/index.php?rest_route=\/wp\/v2\/posts\/6794\/revisions\/6796"}],"wp:featuredmedia":[{"embeddable":true,"href":"https:\/\/prensa.sma.gob.ar\/index.php?rest_route=\/wp\/v2\/media\/6795"}],"wp:attachment":[{"href":"https:\/\/prensa.sma.gob.ar\/index.php?rest_route=%2Fwp%2Fv2%2Fmedia&parent=6794"}],"wp:term":[{"taxonomy":"category","embeddable":true,"href":"https:\/\/prensa.sma.gob.ar\/index.php?rest_route=%2Fwp%2Fv2%2Fcategories&post=6794"},{"taxonomy":"post_tag","embeddable":true,"href":"https:\/\/prensa.sma.gob.ar\/index.php?rest_route=%2Fwp%2Fv2%2Ftags&post=6794"}],"curies":[{"name":"wp","href":"https:\/\/api.w.org\/{rel}","templated":true}]}}