{"id":6797,"date":"2025-04-23T00:18:28","date_gmt":"2025-04-23T00:18:28","guid":{"rendered":"https:\/\/prensa.sma.gob.ar\/?p=6797"},"modified":"2025-04-23T00:18:29","modified_gmt":"2025-04-23T00:18:29","slug":"las-obras-publicas-y-privadas-movilizan-la-economia-de-san-martin-de-los-andes","status":"publish","type":"post","link":"https:\/\/prensa.sma.gob.ar\/?p=6797","title":{"rendered":"Las obras p\u00fablicas y privadas movilizan la econom\u00eda de San Mart\u00edn de los Andes"},"content":{"rendered":"\n<p>Varias obras en simult\u00e1neo se llevan adelante en San Mart\u00edn de los Andes, muchas de ellas con recursos propios del Municipio, otras con financiamiento del Estado neuquino y otras, producto de la iniciativa privada. La inversi\u00f3n estatal en infraestructura, tanto provincial como local, sumado a los capitales particulares en \u00e1reas de servicios, a proyectos inmobiliarios y al turismo, son los ejes de la actividad econ\u00f3mica de la ciudad.<\/p>\n\n\n\n<p>En estos primeros cuatro meses de 2025 se destacan la adjudicaci\u00f3n para la construcci\u00f3n de la escuela secundaria de Cordones del Chapelco y la licitaci\u00f3n de nuevos edificios educativos; el programa de hormigonado en varios sectores de la ciudad; una nueva estaci\u00f3n de servicio y un proyecto inmobiliario que representa una importante inversi\u00f3n y preserva uno de los patrimonios hist\u00f3ricos de nuestra ciudad.<\/p>\n\n\n\n<p>La m\u00e1s reciente compra de hormig\u00f3n le permiti\u00f3 al Municipio atender varios pedidos de las comisiones vecinales, entre ellos las uniones de Av. Los Lagos con los accesos a los barrios Las Nalcas y Balconada y la uni\u00f3n de Ruta Nacional 40 con Pasaje Trahunco, acceso a El Oasis. Tambi\u00e9n se trabaja en el tramo que une la Ruta Provincial N\u00ba 48 con Pasaje del Pueblo, calle de acceso al Hospital Ram\u00f3n Carrillo.<\/p>\n\n\n\n<figure class=\"wp-block-gallery has-nested-images columns-default is-cropped wp-block-gallery-1 is-layout-flex wp-block-gallery-is-layout-flex\">\n<figure class=\"wp-block-image size-large\"><img loading=\"lazy\" decoding=\"async\" width=\"1024\" height=\"576\" data-id=\"6821\" src=\"https:\/\/prensa.sma.gob.ar\/wp-content\/uploads\/2025\/04\/WhatsApp-Image-2025-04-21-at-13.41.08-1024x576.jpeg\" alt=\"\" class=\"wp-image-6821\" srcset=\"https:\/\/prensa.sma.gob.ar\/wp-content\/uploads\/2025\/04\/WhatsApp-Image-2025-04-21-at-13.41.08-1024x576.jpeg 1024w, https:\/\/prensa.sma.gob.ar\/wp-content\/uploads\/2025\/04\/WhatsApp-Image-2025-04-21-at-13.41.08-300x169.jpeg 300w, https:\/\/prensa.sma.gob.ar\/wp-content\/uploads\/2025\/04\/WhatsApp-Image-2025-04-21-at-13.41.08-768x432.jpeg 768w, https:\/\/prensa.sma.gob.ar\/wp-content\/uploads\/2025\/04\/WhatsApp-Image-2025-04-21-at-13.41.08-1536x864.jpeg 1536w, https:\/\/prensa.sma.gob.ar\/wp-content\/uploads\/2025\/04\/WhatsApp-Image-2025-04-21-at-13.41.08-747x420.jpeg 747w, https:\/\/prensa.sma.gob.ar\/wp-content\/uploads\/2025\/04\/WhatsApp-Image-2025-04-21-at-13.41.08-696x392.jpeg 696w, https:\/\/prensa.sma.gob.ar\/wp-content\/uploads\/2025\/04\/WhatsApp-Image-2025-04-21-at-13.41.08-1068x601.jpeg 1068w, https:\/\/prensa.sma.gob.ar\/wp-content\/uploads\/2025\/04\/WhatsApp-Image-2025-04-21-at-13.41.08.jpeg 1600w\" sizes=\"auto, (max-width: 1024px) 100vw, 1024px\" \/><\/figure>\n\n\n\n<figure class=\"wp-block-image size-large\"><img loading=\"lazy\" decoding=\"async\" width=\"1024\" height=\"576\" data-id=\"6820\" src=\"https:\/\/prensa.sma.gob.ar\/wp-content\/uploads\/2025\/04\/WhatsApp-Image-2025-04-11-at-15.21.24-1-1024x576.jpeg\" alt=\"\" class=\"wp-image-6820\" srcset=\"https:\/\/prensa.sma.gob.ar\/wp-content\/uploads\/2025\/04\/WhatsApp-Image-2025-04-11-at-15.21.24-1-1024x576.jpeg 1024w, https:\/\/prensa.sma.gob.ar\/wp-content\/uploads\/2025\/04\/WhatsApp-Image-2025-04-11-at-15.21.24-1-300x169.jpeg 300w, https:\/\/prensa.sma.gob.ar\/wp-content\/uploads\/2025\/04\/WhatsApp-Image-2025-04-11-at-15.21.24-1-768x432.jpeg 768w, https:\/\/prensa.sma.gob.ar\/wp-content\/uploads\/2025\/04\/WhatsApp-Image-2025-04-11-at-15.21.24-1-1536x864.jpeg 1536w, https:\/\/prensa.sma.gob.ar\/wp-content\/uploads\/2025\/04\/WhatsApp-Image-2025-04-11-at-15.21.24-1-747x420.jpeg 747w, https:\/\/prensa.sma.gob.ar\/wp-content\/uploads\/2025\/04\/WhatsApp-Image-2025-04-11-at-15.21.24-1-696x392.jpeg 696w, https:\/\/prensa.sma.gob.ar\/wp-content\/uploads\/2025\/04\/WhatsApp-Image-2025-04-11-at-15.21.24-1-1068x601.jpeg 1068w, https:\/\/prensa.sma.gob.ar\/wp-content\/uploads\/2025\/04\/WhatsApp-Image-2025-04-11-at-15.21.24-1.jpeg 1600w\" sizes=\"auto, (max-width: 1024px) 100vw, 1024px\" \/><\/figure>\n\n\n\n<figure class=\"wp-block-image size-large\"><img loading=\"lazy\" decoding=\"async\" width=\"1024\" height=\"576\" data-id=\"6816\" src=\"https:\/\/prensa.sma.gob.ar\/wp-content\/uploads\/2025\/04\/WhatsApp-Image-2025-04-11-at-15.21.26-1-1024x576.jpeg\" alt=\"\" class=\"wp-image-6816\" srcset=\"https:\/\/prensa.sma.gob.ar\/wp-content\/uploads\/2025\/04\/WhatsApp-Image-2025-04-11-at-15.21.26-1-1024x576.jpeg 1024w, https:\/\/prensa.sma.gob.ar\/wp-content\/uploads\/2025\/04\/WhatsApp-Image-2025-04-11-at-15.21.26-1-300x169.jpeg 300w, https:\/\/prensa.sma.gob.ar\/wp-content\/uploads\/2025\/04\/WhatsApp-Image-2025-04-11-at-15.21.26-1-768x432.jpeg 768w, https:\/\/prensa.sma.gob.ar\/wp-content\/uploads\/2025\/04\/WhatsApp-Image-2025-04-11-at-15.21.26-1-1536x864.jpeg 1536w, https:\/\/prensa.sma.gob.ar\/wp-content\/uploads\/2025\/04\/WhatsApp-Image-2025-04-11-at-15.21.26-1-747x420.jpeg 747w, https:\/\/prensa.sma.gob.ar\/wp-content\/uploads\/2025\/04\/WhatsApp-Image-2025-04-11-at-15.21.26-1-696x392.jpeg 696w, https:\/\/prensa.sma.gob.ar\/wp-content\/uploads\/2025\/04\/WhatsApp-Image-2025-04-11-at-15.21.26-1-1068x601.jpeg 1068w, https:\/\/prensa.sma.gob.ar\/wp-content\/uploads\/2025\/04\/WhatsApp-Image-2025-04-11-at-15.21.26-1.jpeg 1600w\" sizes=\"auto, (max-width: 1024px) 100vw, 1024px\" \/><\/figure>\n<\/figure>\n\n\n\n<p>Los trabajos con hormig\u00f3n incluyen las veredas de las viviendas de los abuelos sobre Av. Los Lagos, en Cordones del Chapelco. En el mismo barrio, el Municipio reacondiciona un galp\u00f3n donde se concentrar\u00e1 el movimiento de veh\u00edculos destinados a la recolecci\u00f3n y a otros servicios. Tambi\u00e9n se retom\u00f3 el programa de reparaci\u00f3n y mejoramiento de puentes en el ejido urbano, que incluye el reacondicionamiento completo del cruce sobre callej\u00f3n de Torres, con carpeta de hormig\u00f3n y pasarela de hierro.&nbsp;<\/p>\n\n\n\n<p>En zona Centro de la ciudad, concluy\u00f3 recientemente la nueva vereda sobre la terminal de \u00f3mnibus. Antes, se realizaron trabajos de hormigonado en calle Rudecindo Roca frente a la Escuela N\u00ba 134, en calle P\u00e9rez frente al Instituto Superior de Formaci\u00f3n Docente y la reparaci\u00f3n de la esquina de calles Belgrano y 3 de Caballer\u00eda. Pr\u00f3ximamente se trabajar\u00e1 en un sector importante de la calle Coronel D\u00edaz entre Villegas y San Mart\u00edn. En todas estas tareas, la mano de obra y los recursos son del Municipio y de sus operarios, ya que s\u00f3lo se terceriza, mediante licitaci\u00f3n, la provisi\u00f3n del hormig\u00f3n.<\/p>\n\n\n\n<p>Como ya se anunci\u00f3, y est\u00e1 en etapa de consultas a las vecinas y vecinos, las pr\u00f3ximas grandes inversiones en hormig\u00f3n del Municipio estar\u00e1n centradas en la pavimentaci\u00f3n de calle Los Pinos, en El Arenal, y de los tramos de calles en Chacra 4 paralelas a la Ruta Nacional 40: Tromen, Las Coloradas , Pil Pily Las Lajas, para unir la rotonda de la ex Caminera con la Ruta Provincial 62.<\/p>\n\n\n\n<figure class=\"wp-block-gallery has-nested-images columns-default is-cropped wp-block-gallery-2 is-layout-flex wp-block-gallery-is-layout-flex\">\n<figure class=\"wp-block-image size-large\"><img loading=\"lazy\" decoding=\"async\" width=\"1024\" height=\"576\" data-id=\"6812\" src=\"https:\/\/prensa.sma.gob.ar\/wp-content\/uploads\/2025\/04\/WhatsApp-Image-2025-04-11-at-15.34.07-1-1024x576.jpeg\" alt=\"\" class=\"wp-image-6812\" srcset=\"https:\/\/prensa.sma.gob.ar\/wp-content\/uploads\/2025\/04\/WhatsApp-Image-2025-04-11-at-15.34.07-1-1024x576.jpeg 1024w, https:\/\/prensa.sma.gob.ar\/wp-content\/uploads\/2025\/04\/WhatsApp-Image-2025-04-11-at-15.34.07-1-300x169.jpeg 300w, https:\/\/prensa.sma.gob.ar\/wp-content\/uploads\/2025\/04\/WhatsApp-Image-2025-04-11-at-15.34.07-1-768x432.jpeg 768w, https:\/\/prensa.sma.gob.ar\/wp-content\/uploads\/2025\/04\/WhatsApp-Image-2025-04-11-at-15.34.07-1-1536x864.jpeg 1536w, https:\/\/prensa.sma.gob.ar\/wp-content\/uploads\/2025\/04\/WhatsApp-Image-2025-04-11-at-15.34.07-1-747x420.jpeg 747w, https:\/\/prensa.sma.gob.ar\/wp-content\/uploads\/2025\/04\/WhatsApp-Image-2025-04-11-at-15.34.07-1-696x392.jpeg 696w, https:\/\/prensa.sma.gob.ar\/wp-content\/uploads\/2025\/04\/WhatsApp-Image-2025-04-11-at-15.34.07-1-1068x601.jpeg 1068w, https:\/\/prensa.sma.gob.ar\/wp-content\/uploads\/2025\/04\/WhatsApp-Image-2025-04-11-at-15.34.07-1.jpeg 1600w\" sizes=\"auto, (max-width: 1024px) 100vw, 1024px\" \/><\/figure>\n\n\n\n<figure class=\"wp-block-image size-large\"><img loading=\"lazy\" decoding=\"async\" width=\"1024\" height=\"576\" data-id=\"6810\" src=\"https:\/\/prensa.sma.gob.ar\/wp-content\/uploads\/2025\/04\/WhatsApp-Image-2025-04-11-at-15.34.09-1024x576.jpeg\" alt=\"\" class=\"wp-image-6810\" srcset=\"https:\/\/prensa.sma.gob.ar\/wp-content\/uploads\/2025\/04\/WhatsApp-Image-2025-04-11-at-15.34.09-1024x576.jpeg 1024w, https:\/\/prensa.sma.gob.ar\/wp-content\/uploads\/2025\/04\/WhatsApp-Image-2025-04-11-at-15.34.09-300x169.jpeg 300w, https:\/\/prensa.sma.gob.ar\/wp-content\/uploads\/2025\/04\/WhatsApp-Image-2025-04-11-at-15.34.09-768x432.jpeg 768w, https:\/\/prensa.sma.gob.ar\/wp-content\/uploads\/2025\/04\/WhatsApp-Image-2025-04-11-at-15.34.09-1536x864.jpeg 1536w, https:\/\/prensa.sma.gob.ar\/wp-content\/uploads\/2025\/04\/WhatsApp-Image-2025-04-11-at-15.34.09-747x420.jpeg 747w, https:\/\/prensa.sma.gob.ar\/wp-content\/uploads\/2025\/04\/WhatsApp-Image-2025-04-11-at-15.34.09-696x392.jpeg 696w, https:\/\/prensa.sma.gob.ar\/wp-content\/uploads\/2025\/04\/WhatsApp-Image-2025-04-11-at-15.34.09-1068x601.jpeg 1068w, https:\/\/prensa.sma.gob.ar\/wp-content\/uploads\/2025\/04\/WhatsApp-Image-2025-04-11-at-15.34.09.jpeg 1600w\" sizes=\"auto, (max-width: 1024px) 100vw, 1024px\" \/><\/figure>\n\n\n\n<figure class=\"wp-block-image size-large\"><img loading=\"lazy\" decoding=\"async\" width=\"1024\" height=\"576\" data-id=\"6811\" src=\"https:\/\/prensa.sma.gob.ar\/wp-content\/uploads\/2025\/04\/WhatsApp-Image-2025-04-11-at-15.34.08-1-1024x576.jpeg\" alt=\"\" class=\"wp-image-6811\" srcset=\"https:\/\/prensa.sma.gob.ar\/wp-content\/uploads\/2025\/04\/WhatsApp-Image-2025-04-11-at-15.34.08-1-1024x576.jpeg 1024w, https:\/\/prensa.sma.gob.ar\/wp-content\/uploads\/2025\/04\/WhatsApp-Image-2025-04-11-at-15.34.08-1-300x169.jpeg 300w, https:\/\/prensa.sma.gob.ar\/wp-content\/uploads\/2025\/04\/WhatsApp-Image-2025-04-11-at-15.34.08-1-768x432.jpeg 768w, https:\/\/prensa.sma.gob.ar\/wp-content\/uploads\/2025\/04\/WhatsApp-Image-2025-04-11-at-15.34.08-1-1536x864.jpeg 1536w, https:\/\/prensa.sma.gob.ar\/wp-content\/uploads\/2025\/04\/WhatsApp-Image-2025-04-11-at-15.34.08-1-747x420.jpeg 747w, https:\/\/prensa.sma.gob.ar\/wp-content\/uploads\/2025\/04\/WhatsApp-Image-2025-04-11-at-15.34.08-1-696x392.jpeg 696w, https:\/\/prensa.sma.gob.ar\/wp-content\/uploads\/2025\/04\/WhatsApp-Image-2025-04-11-at-15.34.08-1-1068x601.jpeg 1068w, https:\/\/prensa.sma.gob.ar\/wp-content\/uploads\/2025\/04\/WhatsApp-Image-2025-04-11-at-15.34.08-1.jpeg 1600w\" sizes=\"auto, (max-width: 1024px) 100vw, 1024px\" \/><\/figure>\n<\/figure>\n\n\n\n<p>La construcci\u00f3n de la nueva estaci\u00f3n de servicio Shell registra un avance de obra superior al 50 por ciento. Acaba de montarse la estructura del techo y se trabaja en la colocaci\u00f3n de surtidores, interior del edificio e instalaci\u00f3n de pisos y revestimientos. Est\u00e1 ubicada sobre Ruta Nacional 40 a la altura de callej\u00f3n de Torres, tendr\u00e1 todos los servicios de una estaci\u00f3n de estas caracter\u00edsticas y es construida por La Colonia, una empresa con casi 30 a\u00f1os en el mercado de combustibles y lubricantes en la regi\u00f3n patag\u00f3nica, con una docena de estaciones de servicios en la provincia de Neuqu\u00e9n y en el Alto Valle de R\u00edo Negro.<\/p>\n\n\n\n<p>Tambi\u00e9n registra un avance importante el proyecto Vivre Andes, un condominio emplazado en el lote que perteneci\u00f3 a la hist\u00f3rica Hoster\u00eda Parque Los Andes, sobre el ingreso a El Oasis, recostado sobre el arroyo Trabunco. El desarrollo establece el compromiso de preservaci\u00f3n del edificio principal, considerado Patrimonio Arquitect\u00f3nico, por haber albergado el primer hotel de categor\u00eda cinco estrellas de la Patagonia. Fundado en 1937, sol\u00eda alojar a integrantes de la realeza europea. Entre sus visitantes ilustres se encuentra Pablo Neruda, quien en 1949 tambi\u00e9n se aloj\u00f3 all\u00ed tras cruzar a caballo la cordillera.<\/p>\n\n\n\n<p>Entre muchas obras encaradas por el Estado neuquino, a comienzos de abril, el gobernador Rolando Figueroa adjudic\u00f3 a la empresa Julio C\u00e9sar Maiolo la obra del nuevo edificio del CPEM N\u00b0 96, para J\u00f3venes y adultos, que se ubicar\u00e1 junto a la Escuela N\u00b0 359 en Cordones del Chapelco, y tendr\u00e1 una superficie de casi 2.000 metros cuadrados cubiertos. La obra, priorizada por el gobierno provincial en acuerdo con un pedido del Municipio de San Mart\u00edn de los Andes, se enmarca en el Plan Integral de Infraestructura Educativa.<\/p>\n\n\n\n<figure class=\"wp-block-gallery has-nested-images columns-default is-cropped wp-block-gallery-3 is-layout-flex wp-block-gallery-is-layout-flex\">\n<figure class=\"wp-block-image size-large\"><img loading=\"lazy\" decoding=\"async\" width=\"1024\" height=\"576\" data-id=\"6806\" src=\"https:\/\/prensa.sma.gob.ar\/wp-content\/uploads\/2025\/04\/WhatsApp-Image-2025-04-11-at-16.20.03-2-1024x576.jpeg\" alt=\"\" class=\"wp-image-6806\" srcset=\"https:\/\/prensa.sma.gob.ar\/wp-content\/uploads\/2025\/04\/WhatsApp-Image-2025-04-11-at-16.20.03-2-1024x576.jpeg 1024w, https:\/\/prensa.sma.gob.ar\/wp-content\/uploads\/2025\/04\/WhatsApp-Image-2025-04-11-at-16.20.03-2-300x169.jpeg 300w, https:\/\/prensa.sma.gob.ar\/wp-content\/uploads\/2025\/04\/WhatsApp-Image-2025-04-11-at-16.20.03-2-768x432.jpeg 768w, https:\/\/prensa.sma.gob.ar\/wp-content\/uploads\/2025\/04\/WhatsApp-Image-2025-04-11-at-16.20.03-2-1536x864.jpeg 1536w, https:\/\/prensa.sma.gob.ar\/wp-content\/uploads\/2025\/04\/WhatsApp-Image-2025-04-11-at-16.20.03-2-747x420.jpeg 747w, https:\/\/prensa.sma.gob.ar\/wp-content\/uploads\/2025\/04\/WhatsApp-Image-2025-04-11-at-16.20.03-2-696x392.jpeg 696w, https:\/\/prensa.sma.gob.ar\/wp-content\/uploads\/2025\/04\/WhatsApp-Image-2025-04-11-at-16.20.03-2-1068x601.jpeg 1068w, https:\/\/prensa.sma.gob.ar\/wp-content\/uploads\/2025\/04\/WhatsApp-Image-2025-04-11-at-16.20.03-2.jpeg 1600w\" sizes=\"auto, (max-width: 1024px) 100vw, 1024px\" \/><\/figure>\n\n\n\n<figure class=\"wp-block-image size-large\"><img loading=\"lazy\" decoding=\"async\" width=\"1024\" height=\"478\" data-id=\"6799\" src=\"https:\/\/prensa.sma.gob.ar\/wp-content\/uploads\/2025\/04\/WhatsApp-Image-2025-04-15-at-12.16.38-1-1024x478.jpeg\" alt=\"\" class=\"wp-image-6799\" srcset=\"https:\/\/prensa.sma.gob.ar\/wp-content\/uploads\/2025\/04\/WhatsApp-Image-2025-04-15-at-12.16.38-1-1024x478.jpeg 1024w, https:\/\/prensa.sma.gob.ar\/wp-content\/uploads\/2025\/04\/WhatsApp-Image-2025-04-15-at-12.16.38-1-300x140.jpeg 300w, https:\/\/prensa.sma.gob.ar\/wp-content\/uploads\/2025\/04\/WhatsApp-Image-2025-04-15-at-12.16.38-1-768x359.jpeg 768w, https:\/\/prensa.sma.gob.ar\/wp-content\/uploads\/2025\/04\/WhatsApp-Image-2025-04-15-at-12.16.38-1-1536x717.jpeg 1536w, https:\/\/prensa.sma.gob.ar\/wp-content\/uploads\/2025\/04\/WhatsApp-Image-2025-04-15-at-12.16.38-1-900x420.jpeg 900w, https:\/\/prensa.sma.gob.ar\/wp-content\/uploads\/2025\/04\/WhatsApp-Image-2025-04-15-at-12.16.38-1-696x325.jpeg 696w, https:\/\/prensa.sma.gob.ar\/wp-content\/uploads\/2025\/04\/WhatsApp-Image-2025-04-15-at-12.16.38-1-1068x499.jpeg 1068w, https:\/\/prensa.sma.gob.ar\/wp-content\/uploads\/2025\/04\/WhatsApp-Image-2025-04-15-at-12.16.38-1.jpeg 1600w\" sizes=\"auto, (max-width: 1024px) 100vw, 1024px\" \/><\/figure>\n\n\n\n<figure class=\"wp-block-image size-large\"><img loading=\"lazy\" decoding=\"async\" width=\"1024\" height=\"576\" data-id=\"6807\" src=\"https:\/\/prensa.sma.gob.ar\/wp-content\/uploads\/2025\/04\/WhatsApp-Image-2025-04-11-at-16.20.03-1024x576.jpeg\" alt=\"\" class=\"wp-image-6807\" srcset=\"https:\/\/prensa.sma.gob.ar\/wp-content\/uploads\/2025\/04\/WhatsApp-Image-2025-04-11-at-16.20.03-1024x576.jpeg 1024w, https:\/\/prensa.sma.gob.ar\/wp-content\/uploads\/2025\/04\/WhatsApp-Image-2025-04-11-at-16.20.03-300x169.jpeg 300w, https:\/\/prensa.sma.gob.ar\/wp-content\/uploads\/2025\/04\/WhatsApp-Image-2025-04-11-at-16.20.03-768x432.jpeg 768w, https:\/\/prensa.sma.gob.ar\/wp-content\/uploads\/2025\/04\/WhatsApp-Image-2025-04-11-at-16.20.03-1536x864.jpeg 1536w, https:\/\/prensa.sma.gob.ar\/wp-content\/uploads\/2025\/04\/WhatsApp-Image-2025-04-11-at-16.20.03-747x420.jpeg 747w, https:\/\/prensa.sma.gob.ar\/wp-content\/uploads\/2025\/04\/WhatsApp-Image-2025-04-11-at-16.20.03-696x392.jpeg 696w, https:\/\/prensa.sma.gob.ar\/wp-content\/uploads\/2025\/04\/WhatsApp-Image-2025-04-11-at-16.20.03-1068x601.jpeg 1068w, https:\/\/prensa.sma.gob.ar\/wp-content\/uploads\/2025\/04\/WhatsApp-Image-2025-04-11-at-16.20.03.jpeg 1600w\" sizes=\"auto, (max-width: 1024px) 100vw, 1024px\" \/><\/figure>\n<\/figure>\n\n\n\n<p>La construcci\u00f3n del Cpem 96 est\u00e1 incluida en el \u00e1rea de Educaci\u00f3n del Presupuesto provincial 2025, junto a los nuevos edificios del Centro de Iniciaci\u00f3n Art\u00edstica (CIART) N\u00ba 5, del Centro de Formaci\u00f3n Profesional (CFP 19) y de la Escuela Integral de Adultos y J\u00f3venes N\u00ba 3, adem\u00e1s de obras en el Cpem 28 y la ampliaci\u00f3n de la Epet 21. Esto se suma a las obras en la Escuela primaria 33, de Quila Quina; la Escuela primaria 86; el Cpem 13, adem\u00e1s de las ya inauguradas escuelas de Lolog, Lago Hermoso y Pil Pil.<\/p>\n\n\n\n<p>Otra inversi\u00f3n millonaria anunciada recientemente por el Estado provincial, con beneficio directo en nuestra ciudad, incluye al aeropuerto Chapelco, tanto en el sector de pista para el estacionamiento de aviones como en la ampliaci\u00f3n del edificio y la terminaci\u00f3n de las obras paralizadas. La estaci\u00f3n a\u00e9rea, que registra un crecimiento constante en el movimiento de pasajeros desde hace varios a\u00f1os, mejorar\u00e1 sus prestaciones para residentes de nuestra ciudad y para los turistas.<\/p>\n\n\n\n<p>Entre otras acciones econ\u00f3micas importantes del Estado provincial en nuestra ciudad, se destaca la ya licitada pavimentaci\u00f3n de la Ruta Provincial N\u00ba 62 a Lolog. La obra tendr\u00e1 un triple impacto, como s\u00edntesis de los alcances amplios que tienen las inversiones p\u00fablicas y privadas en San Mart\u00edn de los Andes: beneficiar\u00e1 a vecinas y vecinos de diferentes barrios y de nuevos loteos, favorecer\u00e1 la conectividad en uno de los sectores tur\u00edsticos m\u00e1s importantes de la regi\u00f3n e impulsar\u00e1 el desarrollo inmobiliario de varios proyectos privados.<\/p>\n\n\n\n<figure class=\"wp-block-gallery has-nested-images columns-default is-cropped wp-block-gallery-4 is-layout-flex wp-block-gallery-is-layout-flex\">\n<figure class=\"wp-block-image size-large\"><img loading=\"lazy\" decoding=\"async\" width=\"1024\" height=\"561\" data-id=\"6803\" src=\"https:\/\/prensa.sma.gob.ar\/wp-content\/uploads\/2025\/04\/WhatsApp-Image-2025-04-15-at-12.00.00-3-1024x561.jpeg\" alt=\"\" class=\"wp-image-6803\" srcset=\"https:\/\/prensa.sma.gob.ar\/wp-content\/uploads\/2025\/04\/WhatsApp-Image-2025-04-15-at-12.00.00-3-1024x561.jpeg 1024w, https:\/\/prensa.sma.gob.ar\/wp-content\/uploads\/2025\/04\/WhatsApp-Image-2025-04-15-at-12.00.00-3-300x164.jpeg 300w, https:\/\/prensa.sma.gob.ar\/wp-content\/uploads\/2025\/04\/WhatsApp-Image-2025-04-15-at-12.00.00-3-768x421.jpeg 768w, https:\/\/prensa.sma.gob.ar\/wp-content\/uploads\/2025\/04\/WhatsApp-Image-2025-04-15-at-12.00.00-3-1536x842.jpeg 1536w, https:\/\/prensa.sma.gob.ar\/wp-content\/uploads\/2025\/04\/WhatsApp-Image-2025-04-15-at-12.00.00-3-766x420.jpeg 766w, https:\/\/prensa.sma.gob.ar\/wp-content\/uploads\/2025\/04\/WhatsApp-Image-2025-04-15-at-12.00.00-3-696x381.jpeg 696w, https:\/\/prensa.sma.gob.ar\/wp-content\/uploads\/2025\/04\/WhatsApp-Image-2025-04-15-at-12.00.00-3-1068x585.jpeg 1068w, https:\/\/prensa.sma.gob.ar\/wp-content\/uploads\/2025\/04\/WhatsApp-Image-2025-04-15-at-12.00.00-3.jpeg 1600w\" sizes=\"auto, (max-width: 1024px) 100vw, 1024px\" \/><\/figure>\n\n\n\n<figure class=\"wp-block-image size-large\"><img loading=\"lazy\" decoding=\"async\" width=\"1024\" height=\"576\" data-id=\"6813\" src=\"https:\/\/prensa.sma.gob.ar\/wp-content\/uploads\/2025\/04\/WhatsApp-Image-2025-04-11-at-15.29.27-1024x576.jpeg\" alt=\"\" class=\"wp-image-6813\" srcset=\"https:\/\/prensa.sma.gob.ar\/wp-content\/uploads\/2025\/04\/WhatsApp-Image-2025-04-11-at-15.29.27-1024x576.jpeg 1024w, https:\/\/prensa.sma.gob.ar\/wp-content\/uploads\/2025\/04\/WhatsApp-Image-2025-04-11-at-15.29.27-300x169.jpeg 300w, https:\/\/prensa.sma.gob.ar\/wp-content\/uploads\/2025\/04\/WhatsApp-Image-2025-04-11-at-15.29.27-768x432.jpeg 768w, https:\/\/prensa.sma.gob.ar\/wp-content\/uploads\/2025\/04\/WhatsApp-Image-2025-04-11-at-15.29.27-1536x864.jpeg 1536w, https:\/\/prensa.sma.gob.ar\/wp-content\/uploads\/2025\/04\/WhatsApp-Image-2025-04-11-at-15.29.27-747x420.jpeg 747w, https:\/\/prensa.sma.gob.ar\/wp-content\/uploads\/2025\/04\/WhatsApp-Image-2025-04-11-at-15.29.27-696x392.jpeg 696w, https:\/\/prensa.sma.gob.ar\/wp-content\/uploads\/2025\/04\/WhatsApp-Image-2025-04-11-at-15.29.27-1068x601.jpeg 1068w, https:\/\/prensa.sma.gob.ar\/wp-content\/uploads\/2025\/04\/WhatsApp-Image-2025-04-11-at-15.29.27.jpeg 1600w\" sizes=\"auto, (max-width: 1024px) 100vw, 1024px\" \/><\/figure>\n\n\n\n<figure class=\"wp-block-image size-large\"><img loading=\"lazy\" decoding=\"async\" width=\"1024\" height=\"576\" data-id=\"6814\" src=\"https:\/\/prensa.sma.gob.ar\/wp-content\/uploads\/2025\/04\/WhatsApp-Image-2025-04-11-at-15.27.59-2-1024x576.jpeg\" alt=\"\" class=\"wp-image-6814\" srcset=\"https:\/\/prensa.sma.gob.ar\/wp-content\/uploads\/2025\/04\/WhatsApp-Image-2025-04-11-at-15.27.59-2-1024x576.jpeg 1024w, https:\/\/prensa.sma.gob.ar\/wp-content\/uploads\/2025\/04\/WhatsApp-Image-2025-04-11-at-15.27.59-2-300x169.jpeg 300w, https:\/\/prensa.sma.gob.ar\/wp-content\/uploads\/2025\/04\/WhatsApp-Image-2025-04-11-at-15.27.59-2-768x432.jpeg 768w, https:\/\/prensa.sma.gob.ar\/wp-content\/uploads\/2025\/04\/WhatsApp-Image-2025-04-11-at-15.27.59-2-1536x864.jpeg 1536w, https:\/\/prensa.sma.gob.ar\/wp-content\/uploads\/2025\/04\/WhatsApp-Image-2025-04-11-at-15.27.59-2-747x420.jpeg 747w, https:\/\/prensa.sma.gob.ar\/wp-content\/uploads\/2025\/04\/WhatsApp-Image-2025-04-11-at-15.27.59-2-696x392.jpeg 696w, https:\/\/prensa.sma.gob.ar\/wp-content\/uploads\/2025\/04\/WhatsApp-Image-2025-04-11-at-15.27.59-2-1068x601.jpeg 1068w, https:\/\/prensa.sma.gob.ar\/wp-content\/uploads\/2025\/04\/WhatsApp-Image-2025-04-11-at-15.27.59-2.jpeg 1600w\" sizes=\"auto, (max-width: 1024px) 100vw, 1024px\" \/><\/figure>\n\n\n\n<figure class=\"wp-block-image size-large\"><img loading=\"lazy\" decoding=\"async\" width=\"1024\" height=\"576\" data-id=\"6815\" src=\"https:\/\/prensa.sma.gob.ar\/wp-content\/uploads\/2025\/04\/WhatsApp-Image-2025-04-11-at-15.24.11-1-1024x576.jpeg\" alt=\"\" class=\"wp-image-6815\" srcset=\"https:\/\/prensa.sma.gob.ar\/wp-content\/uploads\/2025\/04\/WhatsApp-Image-2025-04-11-at-15.24.11-1-1024x576.jpeg 1024w, https:\/\/prensa.sma.gob.ar\/wp-content\/uploads\/2025\/04\/WhatsApp-Image-2025-04-11-at-15.24.11-1-300x169.jpeg 300w, https:\/\/prensa.sma.gob.ar\/wp-content\/uploads\/2025\/04\/WhatsApp-Image-2025-04-11-at-15.24.11-1-768x432.jpeg 768w, https:\/\/prensa.sma.gob.ar\/wp-content\/uploads\/2025\/04\/WhatsApp-Image-2025-04-11-at-15.24.11-1-1536x864.jpeg 1536w, https:\/\/prensa.sma.gob.ar\/wp-content\/uploads\/2025\/04\/WhatsApp-Image-2025-04-11-at-15.24.11-1-747x420.jpeg 747w, https:\/\/prensa.sma.gob.ar\/wp-content\/uploads\/2025\/04\/WhatsApp-Image-2025-04-11-at-15.24.11-1-696x392.jpeg 696w, https:\/\/prensa.sma.gob.ar\/wp-content\/uploads\/2025\/04\/WhatsApp-Image-2025-04-11-at-15.24.11-1-1068x601.jpeg 1068w, https:\/\/prensa.sma.gob.ar\/wp-content\/uploads\/2025\/04\/WhatsApp-Image-2025-04-11-at-15.24.11-1.jpeg 1600w\" sizes=\"auto, (max-width: 1024px) 100vw, 1024px\" \/><\/figure>\n\n\n\n<figure class=\"wp-block-image size-large\"><img loading=\"lazy\" decoding=\"async\" width=\"1024\" height=\"576\" data-id=\"6809\" src=\"https:\/\/prensa.sma.gob.ar\/wp-content\/uploads\/2025\/04\/WhatsApp-Image-2025-04-11-at-16.19.35-1-1024x576.jpeg\" alt=\"\" class=\"wp-image-6809\" srcset=\"https:\/\/prensa.sma.gob.ar\/wp-content\/uploads\/2025\/04\/WhatsApp-Image-2025-04-11-at-16.19.35-1-1024x576.jpeg 1024w, https:\/\/prensa.sma.gob.ar\/wp-content\/uploads\/2025\/04\/WhatsApp-Image-2025-04-11-at-16.19.35-1-300x169.jpeg 300w, https:\/\/prensa.sma.gob.ar\/wp-content\/uploads\/2025\/04\/WhatsApp-Image-2025-04-11-at-16.19.35-1-768x432.jpeg 768w, https:\/\/prensa.sma.gob.ar\/wp-content\/uploads\/2025\/04\/WhatsApp-Image-2025-04-11-at-16.19.35-1-1536x864.jpeg 1536w, https:\/\/prensa.sma.gob.ar\/wp-content\/uploads\/2025\/04\/WhatsApp-Image-2025-04-11-at-16.19.35-1-747x420.jpeg 747w, https:\/\/prensa.sma.gob.ar\/wp-content\/uploads\/2025\/04\/WhatsApp-Image-2025-04-11-at-16.19.35-1-696x392.jpeg 696w, https:\/\/prensa.sma.gob.ar\/wp-content\/uploads\/2025\/04\/WhatsApp-Image-2025-04-11-at-16.19.35-1-1068x601.jpeg 1068w, https:\/\/prensa.sma.gob.ar\/wp-content\/uploads\/2025\/04\/WhatsApp-Image-2025-04-11-at-16.19.35-1.jpeg 1600w\" sizes=\"auto, (max-width: 1024px) 100vw, 1024px\" \/><\/figure>\n\n\n\n<figure class=\"wp-block-image size-large\"><img loading=\"lazy\" decoding=\"async\" width=\"1024\" height=\"576\" data-id=\"6805\" src=\"https:\/\/prensa.sma.gob.ar\/wp-content\/uploads\/2025\/04\/WhatsApp-Image-2025-04-15-at-11.59.58-2-1024x576.jpeg\" alt=\"\" class=\"wp-image-6805\" srcset=\"https:\/\/prensa.sma.gob.ar\/wp-content\/uploads\/2025\/04\/WhatsApp-Image-2025-04-15-at-11.59.58-2-1024x576.jpeg 1024w, https:\/\/prensa.sma.gob.ar\/wp-content\/uploads\/2025\/04\/WhatsApp-Image-2025-04-15-at-11.59.58-2-300x169.jpeg 300w, https:\/\/prensa.sma.gob.ar\/wp-content\/uploads\/2025\/04\/WhatsApp-Image-2025-04-15-at-11.59.58-2-768x432.jpeg 768w, https:\/\/prensa.sma.gob.ar\/wp-content\/uploads\/2025\/04\/WhatsApp-Image-2025-04-15-at-11.59.58-2-1536x864.jpeg 1536w, https:\/\/prensa.sma.gob.ar\/wp-content\/uploads\/2025\/04\/WhatsApp-Image-2025-04-15-at-11.59.58-2-747x420.jpeg 747w, https:\/\/prensa.sma.gob.ar\/wp-content\/uploads\/2025\/04\/WhatsApp-Image-2025-04-15-at-11.59.58-2-696x392.jpeg 696w, https:\/\/prensa.sma.gob.ar\/wp-content\/uploads\/2025\/04\/WhatsApp-Image-2025-04-15-at-11.59.58-2-1068x601.jpeg 1068w, https:\/\/prensa.sma.gob.ar\/wp-content\/uploads\/2025\/04\/WhatsApp-Image-2025-04-15-at-11.59.58-2.jpeg 1600w\" sizes=\"auto, (max-width: 1024px) 100vw, 1024px\" \/><\/figure>\n<\/figure>\n","protected":false},"excerpt":{"rendered":"<p>Varias obras en simult\u00e1neo se llevan adelante en San Mart\u00edn de los Andes, muchas de ellas con recursos propios del Municipio, otras con financiamiento del Estado neuquino y otras, producto de la iniciativa privada. La inversi\u00f3n estatal en infraestructura, tanto provincial como local, sumado a los capitales particulares en \u00e1reas de servicios, a proyectos inmobiliarios [&hellip;]<\/p>\n","protected":false},"author":2,"featured_media":6801,"comment_status":"closed","ping_status":"open","sticky":false,"template":"","format":"standard","meta":{"footnotes":""},"categories":[16,14,17],"tags":[],"class_list":{"0":"post-6797","1":"post","2":"type-post","3":"status-publish","4":"format-standard","5":"has-post-thumbnail","7":"category-destacadas","8":"category-noticias","9":"category-portada"},"_links":{"self":[{"href":"https:\/\/prensa.sma.gob.ar\/index.php?rest_route=\/wp\/v2\/posts\/6797","targetHints":{"allow":["GET"]}}],"collection":[{"href":"https:\/\/prensa.sma.gob.ar\/index.php?rest_route=\/wp\/v2\/posts"}],"about":[{"href":"https:\/\/prensa.sma.gob.ar\/index.php?rest_route=\/wp\/v2\/types\/post"}],"author":[{"embeddable":true,"href":"https:\/\/prensa.sma.gob.ar\/index.php?rest_route=\/wp\/v2\/users\/2"}],"replies":[{"embeddable":true,"href":"https:\/\/prensa.sma.gob.ar\/index.php?rest_route=%2Fwp%2Fv2%2Fcomments&post=6797"}],"version-history":[{"count":2,"href":"https:\/\/prensa.sma.gob.ar\/index.php?rest_route=\/wp\/v2\/posts\/6797\/revisions"}],"predecessor-version":[{"id":6823,"href":"https:\/\/prensa.sma.gob.ar\/index.php?rest_route=\/wp\/v2\/posts\/6797\/revisions\/6823"}],"wp:featuredmedia":[{"embeddable":true,"href":"https:\/\/prensa.sma.gob.ar\/index.php?rest_route=\/wp\/v2\/media\/6801"}],"wp:attachment":[{"href":"https:\/\/prensa.sma.gob.ar\/index.php?rest_route=%2Fwp%2Fv2%2Fmedia&parent=6797"}],"wp:term":[{"taxonomy":"category","embeddable":true,"href":"https:\/\/prensa.sma.gob.ar\/index.php?rest_route=%2Fwp%2Fv2%2Fcategories&post=6797"},{"taxonomy":"post_tag","embeddable":true,"href":"https:\/\/prensa.sma.gob.ar\/index.php?rest_route=%2Fwp%2Fv2%2Ftags&post=6797"}],"curies":[{"name":"wp","href":"https:\/\/api.w.org\/{rel}","templated":true}]}}