{"id":680,"date":"2024-06-26T03:12:50","date_gmt":"2024-06-26T03:12:50","guid":{"rendered":"https:\/\/prensa.sma.gob.ar\/?p=680"},"modified":"2024-06-28T17:35:35","modified_gmt":"2024-06-28T17:35:35","slug":"reuniones-de-saloniti-en-neuquen-por-la-continuidad-del-transporte-urbano","status":"publish","type":"post","link":"https:\/\/prensa.sma.gob.ar\/?p=680","title":{"rendered":"Reuniones de Saloniti en Neuqu\u00e9n por la continuidad del transporte"},"content":{"rendered":"\n<p>El intendente de San Mart\u00edn de los Andes, Carlos Saloniti, analiz\u00f3 con funcionarios provinciales y con empresarios la compleja situaci\u00f3n del transporte urbano de pasajeros en nuestra ciudad.<\/p>\n\n\n\n<p>Del encuentro participaron el director de Transporte de la Provincia de Neuqu\u00e9n, Juan Ciarrocca; el ministro de Econom\u00eda, Producci\u00f3n e Industria de la provincia, Guillermo Koenig; el secretario de Hacienda del Municipio, Mat\u00edas Fern\u00e1ndez C\u00f3nsoli y uno de los directivos de Expreso Colonia, Nicol\u00e1s C\u00e1ceres.<\/p>\n\n\n\n<p>El tema de la situaci\u00f3n financiera de la empresa, la ecuaci\u00f3n financiera y la recaudaci\u00f3n estuvieron en la agenda del encuentro, que defini\u00f3 la situaci\u00f3n compleja que se vive con otras empresas del autotransporte de Neuqu\u00e9n y de otras provincias de Argentina.<\/p>\n\n\n\n<p>El intendente Saloniti continuar\u00e1 este mi\u00e9rcoles con reuniones en la capital provincial, entre ellas ser\u00e1 recibido por la ministra de Desarrollo Humano, Gobiernos Locales y Mujeres, Julieta Corroza.<\/p>\n","protected":false},"excerpt":{"rendered":"<p>El intendente de San Mart\u00edn de los Andes, Carlos Saloniti, analiz\u00f3 con funcionarios provinciales y con empresarios la compleja situaci\u00f3n del transporte urbano de pasajeros en nuestra ciudad. Del encuentro participaron el director de Transporte de la Provincia de Neuqu\u00e9n, Juan Ciarrocca; el ministro de Econom\u00eda, Producci\u00f3n e Industria de la provincia, Guillermo Koenig; el [&hellip;]<\/p>\n","protected":false},"author":2,"featured_media":681,"comment_status":"closed","ping_status":"open","sticky":false,"template":"","format":"standard","meta":{"footnotes":""},"categories":[16,11,14,17],"tags":[],"class_list":{"0":"post-680","1":"post","2":"type-post","3":"status-publish","4":"format-standard","5":"has-post-thumbnail","7":"category-destacadas","8":"category-gobierno","9":"category-noticias","10":"category-portada"},"_links":{"self":[{"href":"https:\/\/prensa.sma.gob.ar\/index.php?rest_route=\/wp\/v2\/posts\/680","targetHints":{"allow":["GET"]}}],"collection":[{"href":"https:\/\/prensa.sma.gob.ar\/index.php?rest_route=\/wp\/v2\/posts"}],"about":[{"href":"https:\/\/prensa.sma.gob.ar\/index.php?rest_route=\/wp\/v2\/types\/post"}],"author":[{"embeddable":true,"href":"https:\/\/prensa.sma.gob.ar\/index.php?rest_route=\/wp\/v2\/users\/2"}],"replies":[{"embeddable":true,"href":"https:\/\/prensa.sma.gob.ar\/index.php?rest_route=%2Fwp%2Fv2%2Fcomments&post=680"}],"version-history":[{"count":2,"href":"https:\/\/prensa.sma.gob.ar\/index.php?rest_route=\/wp\/v2\/posts\/680\/revisions"}],"predecessor-version":[{"id":729,"href":"https:\/\/prensa.sma.gob.ar\/index.php?rest_route=\/wp\/v2\/posts\/680\/revisions\/729"}],"wp:featuredmedia":[{"embeddable":true,"href":"https:\/\/prensa.sma.gob.ar\/index.php?rest_route=\/wp\/v2\/media\/681"}],"wp:attachment":[{"href":"https:\/\/prensa.sma.gob.ar\/index.php?rest_route=%2Fwp%2Fv2%2Fmedia&parent=680"}],"wp:term":[{"taxonomy":"category","embeddable":true,"href":"https:\/\/prensa.sma.gob.ar\/index.php?rest_route=%2Fwp%2Fv2%2Fcategories&post=680"},{"taxonomy":"post_tag","embeddable":true,"href":"https:\/\/prensa.sma.gob.ar\/index.php?rest_route=%2Fwp%2Fv2%2Ftags&post=680"}],"curies":[{"name":"wp","href":"https:\/\/api.w.org\/{rel}","templated":true}]}}