{"id":6824,"date":"2025-04-23T00:17:46","date_gmt":"2025-04-23T00:17:46","guid":{"rendered":"https:\/\/prensa.sma.gob.ar\/?p=6824"},"modified":"2025-04-23T10:52:32","modified_gmt":"2025-04-23T10:52:32","slug":"se-realizo-la-segunda-reunion-de-trabajo-para-analizar-la-actual-ordenanza-de-juntas-vecinales","status":"publish","type":"post","link":"https:\/\/prensa.sma.gob.ar\/?p=6824","title":{"rendered":"Se realiz\u00f3 la segunda reuni\u00f3n de trabajo para analizar la actual Ordenanza de Juntas Vecinales\u00a0"},"content":{"rendered":"\n<p>Con una nutrida participaci\u00f3n, y la presencia de la Defensora Adjunta del Pueblo y del Ambiente, Milagros Fern\u00e1ndez Noya, se llev\u00f3 a cabo la segunda reuni\u00f3n para analizar posibles modificaciones a la Ordenanza 9439\/12, convocada por el Consejo de Juntas Vecinales y la Subsecretar\u00eda de Juntas Vecinales. El encuentro se realiz\u00f3 este lunes, en la Biblioteca Popular 9 de Julio.<\/p>\n\n\n\n<p>Tal como se hab\u00eda acordado en la primera reuni\u00f3n, realizada en Cordones del Chapelco, el an\u00e1lisis y diagn\u00f3stico de la Ordenanza comenz\u00f3 por su Cap\u00edtulo I, Definici\u00f3n, Objetivos y Personer\u00eda Municipal de las Juntas Vecinales, que comprende los primeros ocho art\u00edculos. Para poner en marcha la reuni\u00f3n, se ley\u00f3 el primer art\u00edculo de la Ordenanza:<\/p>\n\n\n\n<p><em>ART\u00cdCULO I\u00ba.- La Junta Vecinal es el \u00d3rgano de representaci\u00f3n popular intermedio compuesto por la asociaci\u00f3n de un conjunto de vecinos domiciliados en uno de los barrios determinados geogr\u00e1ficamente por la ordenanza que se dictara al efecto.-<\/em><\/p>\n\n\n\n<p>Uno de los asistentes solicit\u00f3 una explicaci\u00f3n con respecto a los \u00f3rganos de representaci\u00f3n popular y de asesoramiento. Ante esto, la Defensora Adjunta del Pueblo y del Ambiente, Milagros Fern\u00e1ndez Noya, record\u00f3 que las Juntas Vecinales son organizaciones intermedias sin fines de lucro y con fines de inter\u00e9s comunitario, seg\u00fan lo establece la Carta Org\u00e1nica en su T\u00edtulo X &#8211; \u00d3rganos de representaci\u00f3n popular y de asesoramiento.<\/p>\n\n\n\n<p>Tambi\u00e9n se lee que el art\u00edculo 163 de la Carta Org\u00e1nica Municipal, referida a Juntas Vecinales: \u201cEn la Municipalidad de San Mart\u00edn de los Andes podr\u00e1n constituirse Juntas Vecinales, las que estar\u00e1n formadas por conjuntos de vecinos de barrios o \u00e1reas territoriales perfectamente delimitadas por ordenanza dictada al efecto\u201d.<\/p>\n\n\n\n<p>El principal eje de debate de la reuni\u00f3n fue el an\u00e1lisis del Art\u00edculo 1 de la Ordenanza 9439, que, adem\u00e1s de definir a una Junta Vecinal, refiere a \u00ablos vecinos\u00bb, punto que demanda, seg\u00fan el criterio de la mayor\u00eda de los asistentes, una interpretaci\u00f3n m\u00e1s precisa de c\u00f3mo definir \u00abvecino\u00bb a la hora de conformar una Junta Vecinal.<\/p>\n\n\n\n<p>Sobre este punto, el debate se vio enriquecido con el aporte de pr\u00e1cticamente todos los asistentes. Se escucharon definiciones concretas y tambi\u00e9n muchas interpretaciones que eventualmente podr\u00edan sumarse a una nueva definici\u00f3n.&nbsp;<\/p>\n\n\n\n<p>Los asistentes coincidieron en que esta definici\u00f3n de vecino o vecina debe ser precisada de manera expl\u00edcita para que sirva como base para discutir los art\u00edculos vinculados a la conformaci\u00f3n de padrones, votaci\u00f3n, participaci\u00f3n en asambleas, postulaci\u00f3n para integrar una Junta Vecinal, integraci\u00f3n de una Comisi\u00f3n Directiva y\/o participaci\u00f3n en la toma de decisiones. La especificaci\u00f3n -se coincidi\u00f3- allanar\u00e1 el camino para evitar futuros conflictos y, a su vez, atender\u00e1 el esp\u00edritu de las Juntas Vecinales de facilitar la participaci\u00f3n popular.<\/p>\n\n\n\n<p>Si bien a instancias de la Defensora Adjunta del Pueblo y del Ambiente se acept\u00f3 por mayor\u00eda retomar el debate cuando se analice el Art\u00edculo 10, que refiere expl\u00edcitamente a \u00abvecino\u00bb, el debate dej\u00f3 sentado varias opciones que ser\u00e1n discutidas en pr\u00f3ximos encuentros, agregando otras miradas y dict\u00e1menes que aporten claridad a la inquietud vecinal.<\/p>\n\n\n\n<p>Sobre este asunto, las y los vecinos expresaron:<\/p>\n\n\n\n<ul class=\"wp-block-list\">\n<li>Que una Junta Vecinal implica la conformaci\u00f3n de un espacio f\u00edsico de quienes lo habitan.<\/li>\n\n\n\n<li>Que las vecinas y vos vecinos deben ser considerados como tales cuando est\u00e1n domiciliados en el lugar que habitan, seg\u00fan el Art. 73 del C\u00f3digo Civil y Comercial de la Naci\u00f3n: establece que el domicilio real de una persona es el lugar donde reside habitualmente pero tambi\u00e9n contempla el domicilio real de quien ejerce una actividad profesional o econ\u00f3mica en determinado lugar.<\/li>\n\n\n\n<li>Que deben ser tenidas en cuenta las personas que acrediten \u00abdomicilio real\u00bb.<\/li>\n\n\n\n<li>Que debe hacerse una distinci\u00f3n entre el vecino que vive en el barrio y el que no vive pero aporta con las cargas.<\/li>\n\n\n\n<li>Tambi\u00e9n surgi\u00f3 la pregunta sobre una posible \u00absegunda residencia\u00bb y el valor que se le da a este concepto dentro de la Ordenanza en revisi\u00f3n.<\/li>\n\n\n\n<li>Vecina y vecino es quien vive en el barrio, lo habita, ocupa el suelo y, de manera diaria o regular, duerme en ese \u00e1mbito. Es aquella persona de la que otros vecinos pueden conocer el nombre y que expresa un inter\u00e9s com\u00fan con el lugar que habita.<\/li>\n\n\n\n<li>Tambi\u00e9n hubo posiciones encontradas en cuanto a los propietarios que no residen en el lugar, quienes tienen terreno o lote en el barrio, quienes tributan en el barrio y quienes tienen proyectos en ese barrio; quienes tienen domicilio fiscal o comercial.<\/li>\n<\/ul>\n\n\n\n<p>En el cierre del encuentro, se acord\u00f3 que la tercera reuni\u00f3n se realizar\u00e1 el martes 6 de mayo, a las 19, en la Delegaci\u00f3n Municipal de Vega Centro. Para ese encuentro, se pedir\u00e1n dict\u00e1menes a los asesores legales del Municipio sobre el concepto jur\u00eddico de vecino y al defensor del Pueblo para tener mayores elementos de an\u00e1lisis. La Defensor\u00eda del Pueblo y del Ambiente comprometi\u00f3 su asistencia, en la figura del Defensor o de alguno de sus adjuntos.<\/p>\n\n\n\n<figure class=\"wp-block-gallery has-nested-images columns-default is-cropped wp-block-gallery-1 is-layout-flex wp-block-gallery-is-layout-flex\">\n<figure class=\"wp-block-image size-large\"><img loading=\"lazy\" decoding=\"async\" width=\"1024\" height=\"768\" data-id=\"6831\" src=\"https:\/\/prensa.sma.gob.ar\/wp-content\/uploads\/2025\/04\/WhatsApp-Image-2025-04-21-at-20.30.02-1024x768.jpeg\" alt=\"\" class=\"wp-image-6831\" srcset=\"https:\/\/prensa.sma.gob.ar\/wp-content\/uploads\/2025\/04\/WhatsApp-Image-2025-04-21-at-20.30.02-1024x768.jpeg 1024w, https:\/\/prensa.sma.gob.ar\/wp-content\/uploads\/2025\/04\/WhatsApp-Image-2025-04-21-at-20.30.02-300x225.jpeg 300w, https:\/\/prensa.sma.gob.ar\/wp-content\/uploads\/2025\/04\/WhatsApp-Image-2025-04-21-at-20.30.02-768x576.jpeg 768w, https:\/\/prensa.sma.gob.ar\/wp-content\/uploads\/2025\/04\/WhatsApp-Image-2025-04-21-at-20.30.02-1536x1152.jpeg 1536w, https:\/\/prensa.sma.gob.ar\/wp-content\/uploads\/2025\/04\/WhatsApp-Image-2025-04-21-at-20.30.02-560x420.jpeg 560w, https:\/\/prensa.sma.gob.ar\/wp-content\/uploads\/2025\/04\/WhatsApp-Image-2025-04-21-at-20.30.02-80x60.jpeg 80w, https:\/\/prensa.sma.gob.ar\/wp-content\/uploads\/2025\/04\/WhatsApp-Image-2025-04-21-at-20.30.02-696x522.jpeg 696w, https:\/\/prensa.sma.gob.ar\/wp-content\/uploads\/2025\/04\/WhatsApp-Image-2025-04-21-at-20.30.02-1068x801.jpeg 1068w, https:\/\/prensa.sma.gob.ar\/wp-content\/uploads\/2025\/04\/WhatsApp-Image-2025-04-21-at-20.30.02.jpeg 1600w\" sizes=\"auto, (max-width: 1024px) 100vw, 1024px\" \/><\/figure>\n\n\n\n<figure class=\"wp-block-image size-large\"><img loading=\"lazy\" decoding=\"async\" width=\"1024\" height=\"768\" data-id=\"6828\" src=\"https:\/\/prensa.sma.gob.ar\/wp-content\/uploads\/2025\/04\/WhatsApp-Image-2025-04-21-at-20.30.04-1024x768.jpeg\" alt=\"\" class=\"wp-image-6828\" srcset=\"https:\/\/prensa.sma.gob.ar\/wp-content\/uploads\/2025\/04\/WhatsApp-Image-2025-04-21-at-20.30.04-1024x768.jpeg 1024w, https:\/\/prensa.sma.gob.ar\/wp-content\/uploads\/2025\/04\/WhatsApp-Image-2025-04-21-at-20.30.04-300x225.jpeg 300w, https:\/\/prensa.sma.gob.ar\/wp-content\/uploads\/2025\/04\/WhatsApp-Image-2025-04-21-at-20.30.04-768x576.jpeg 768w, https:\/\/prensa.sma.gob.ar\/wp-content\/uploads\/2025\/04\/WhatsApp-Image-2025-04-21-at-20.30.04-1536x1152.jpeg 1536w, https:\/\/prensa.sma.gob.ar\/wp-content\/uploads\/2025\/04\/WhatsApp-Image-2025-04-21-at-20.30.04-560x420.jpeg 560w, https:\/\/prensa.sma.gob.ar\/wp-content\/uploads\/2025\/04\/WhatsApp-Image-2025-04-21-at-20.30.04-80x60.jpeg 80w, https:\/\/prensa.sma.gob.ar\/wp-content\/uploads\/2025\/04\/WhatsApp-Image-2025-04-21-at-20.30.04-696x522.jpeg 696w, https:\/\/prensa.sma.gob.ar\/wp-content\/uploads\/2025\/04\/WhatsApp-Image-2025-04-21-at-20.30.04-1068x801.jpeg 1068w, https:\/\/prensa.sma.gob.ar\/wp-content\/uploads\/2025\/04\/WhatsApp-Image-2025-04-21-at-20.30.04.jpeg 1600w\" sizes=\"auto, (max-width: 1024px) 100vw, 1024px\" \/><\/figure>\n\n\n\n<figure class=\"wp-block-image size-large\"><img loading=\"lazy\" decoding=\"async\" width=\"768\" height=\"1024\" data-id=\"6827\" src=\"https:\/\/prensa.sma.gob.ar\/wp-content\/uploads\/2025\/04\/WhatsApp-Image-2025-04-21-at-20.30.04-1-768x1024.jpeg\" alt=\"\" class=\"wp-image-6827\" srcset=\"https:\/\/prensa.sma.gob.ar\/wp-content\/uploads\/2025\/04\/WhatsApp-Image-2025-04-21-at-20.30.04-1-768x1024.jpeg 768w, https:\/\/prensa.sma.gob.ar\/wp-content\/uploads\/2025\/04\/WhatsApp-Image-2025-04-21-at-20.30.04-1-225x300.jpeg 225w, https:\/\/prensa.sma.gob.ar\/wp-content\/uploads\/2025\/04\/WhatsApp-Image-2025-04-21-at-20.30.04-1-1152x1536.jpeg 1152w, https:\/\/prensa.sma.gob.ar\/wp-content\/uploads\/2025\/04\/WhatsApp-Image-2025-04-21-at-20.30.04-1-315x420.jpeg 315w, https:\/\/prensa.sma.gob.ar\/wp-content\/uploads\/2025\/04\/WhatsApp-Image-2025-04-21-at-20.30.04-1-696x928.jpeg 696w, https:\/\/prensa.sma.gob.ar\/wp-content\/uploads\/2025\/04\/WhatsApp-Image-2025-04-21-at-20.30.04-1-1068x1424.jpeg 1068w, https:\/\/prensa.sma.gob.ar\/wp-content\/uploads\/2025\/04\/WhatsApp-Image-2025-04-21-at-20.30.04-1.jpeg 1200w\" sizes=\"auto, (max-width: 768px) 100vw, 768px\" \/><\/figure>\n\n\n\n<figure class=\"wp-block-image size-large\"><img loading=\"lazy\" decoding=\"async\" width=\"768\" height=\"1024\" data-id=\"6826\" src=\"https:\/\/prensa.sma.gob.ar\/wp-content\/uploads\/2025\/04\/WhatsApp-Image-2025-04-21-at-20.30.08-768x1024.jpeg\" alt=\"\" class=\"wp-image-6826\" srcset=\"https:\/\/prensa.sma.gob.ar\/wp-content\/uploads\/2025\/04\/WhatsApp-Image-2025-04-21-at-20.30.08-768x1024.jpeg 768w, https:\/\/prensa.sma.gob.ar\/wp-content\/uploads\/2025\/04\/WhatsApp-Image-2025-04-21-at-20.30.08-225x300.jpeg 225w, https:\/\/prensa.sma.gob.ar\/wp-content\/uploads\/2025\/04\/WhatsApp-Image-2025-04-21-at-20.30.08-1152x1536.jpeg 1152w, https:\/\/prensa.sma.gob.ar\/wp-content\/uploads\/2025\/04\/WhatsApp-Image-2025-04-21-at-20.30.08-315x420.jpeg 315w, https:\/\/prensa.sma.gob.ar\/wp-content\/uploads\/2025\/04\/WhatsApp-Image-2025-04-21-at-20.30.08-696x928.jpeg 696w, https:\/\/prensa.sma.gob.ar\/wp-content\/uploads\/2025\/04\/WhatsApp-Image-2025-04-21-at-20.30.08-1068x1424.jpeg 1068w, https:\/\/prensa.sma.gob.ar\/wp-content\/uploads\/2025\/04\/WhatsApp-Image-2025-04-21-at-20.30.08.jpeg 1200w\" sizes=\"auto, (max-width: 768px) 100vw, 768px\" \/><\/figure>\n\n\n\n<figure class=\"wp-block-image size-large\"><img loading=\"lazy\" decoding=\"async\" width=\"768\" height=\"1024\" data-id=\"6825\" src=\"https:\/\/prensa.sma.gob.ar\/wp-content\/uploads\/2025\/04\/WhatsApp-Image-2025-04-21-at-20.30.08-1-768x1024.jpeg\" alt=\"\" class=\"wp-image-6825\" srcset=\"https:\/\/prensa.sma.gob.ar\/wp-content\/uploads\/2025\/04\/WhatsApp-Image-2025-04-21-at-20.30.08-1-768x1024.jpeg 768w, https:\/\/prensa.sma.gob.ar\/wp-content\/uploads\/2025\/04\/WhatsApp-Image-2025-04-21-at-20.30.08-1-225x300.jpeg 225w, https:\/\/prensa.sma.gob.ar\/wp-content\/uploads\/2025\/04\/WhatsApp-Image-2025-04-21-at-20.30.08-1-1152x1536.jpeg 1152w, https:\/\/prensa.sma.gob.ar\/wp-content\/uploads\/2025\/04\/WhatsApp-Image-2025-04-21-at-20.30.08-1-315x420.jpeg 315w, https:\/\/prensa.sma.gob.ar\/wp-content\/uploads\/2025\/04\/WhatsApp-Image-2025-04-21-at-20.30.08-1-696x928.jpeg 696w, https:\/\/prensa.sma.gob.ar\/wp-content\/uploads\/2025\/04\/WhatsApp-Image-2025-04-21-at-20.30.08-1-1068x1424.jpeg 1068w, https:\/\/prensa.sma.gob.ar\/wp-content\/uploads\/2025\/04\/WhatsApp-Image-2025-04-21-at-20.30.08-1.jpeg 1200w\" sizes=\"auto, (max-width: 768px) 100vw, 768px\" \/><\/figure>\n\n\n\n<figure class=\"wp-block-image size-large\"><img loading=\"lazy\" decoding=\"async\" width=\"1024\" height=\"768\" data-id=\"6829\" src=\"https:\/\/prensa.sma.gob.ar\/wp-content\/uploads\/2025\/04\/WhatsApp-Image-2025-04-21-at-20.30.02-2-1024x768.jpeg\" alt=\"\" class=\"wp-image-6829\" srcset=\"https:\/\/prensa.sma.gob.ar\/wp-content\/uploads\/2025\/04\/WhatsApp-Image-2025-04-21-at-20.30.02-2-1024x768.jpeg 1024w, https:\/\/prensa.sma.gob.ar\/wp-content\/uploads\/2025\/04\/WhatsApp-Image-2025-04-21-at-20.30.02-2-300x225.jpeg 300w, https:\/\/prensa.sma.gob.ar\/wp-content\/uploads\/2025\/04\/WhatsApp-Image-2025-04-21-at-20.30.02-2-768x576.jpeg 768w, https:\/\/prensa.sma.gob.ar\/wp-content\/uploads\/2025\/04\/WhatsApp-Image-2025-04-21-at-20.30.02-2-1536x1152.jpeg 1536w, https:\/\/prensa.sma.gob.ar\/wp-content\/uploads\/2025\/04\/WhatsApp-Image-2025-04-21-at-20.30.02-2-560x420.jpeg 560w, https:\/\/prensa.sma.gob.ar\/wp-content\/uploads\/2025\/04\/WhatsApp-Image-2025-04-21-at-20.30.02-2-80x60.jpeg 80w, https:\/\/prensa.sma.gob.ar\/wp-content\/uploads\/2025\/04\/WhatsApp-Image-2025-04-21-at-20.30.02-2-696x522.jpeg 696w, https:\/\/prensa.sma.gob.ar\/wp-content\/uploads\/2025\/04\/WhatsApp-Image-2025-04-21-at-20.30.02-2-1068x801.jpeg 1068w, https:\/\/prensa.sma.gob.ar\/wp-content\/uploads\/2025\/04\/WhatsApp-Image-2025-04-21-at-20.30.02-2.jpeg 1600w\" sizes=\"auto, (max-width: 1024px) 100vw, 1024px\" \/><\/figure>\n<\/figure>\n","protected":false},"excerpt":{"rendered":"<p>Con una nutrida participaci\u00f3n, y la presencia de la Defensora Adjunta del Pueblo y del Ambiente, Milagros Fern\u00e1ndez Noya, se llev\u00f3 a cabo la segunda reuni\u00f3n para analizar posibles modificaciones a la Ordenanza 9439\/12, convocada por el Consejo de Juntas Vecinales y la Subsecretar\u00eda de Juntas Vecinales. El encuentro se realiz\u00f3 este lunes, en la [&hellip;]<\/p>\n","protected":false},"author":2,"featured_media":6830,"comment_status":"closed","ping_status":"open","sticky":false,"template":"","format":"standard","meta":{"footnotes":""},"categories":[16,39,14],"tags":[],"class_list":{"0":"post-6824","1":"post","2":"type-post","3":"status-publish","4":"format-standard","5":"has-post-thumbnail","7":"category-destacadas","8":"category-subs-juntas-vecinales","9":"category-noticias"},"_links":{"self":[{"href":"https:\/\/prensa.sma.gob.ar\/index.php?rest_route=\/wp\/v2\/posts\/6824","targetHints":{"allow":["GET"]}}],"collection":[{"href":"https:\/\/prensa.sma.gob.ar\/index.php?rest_route=\/wp\/v2\/posts"}],"about":[{"href":"https:\/\/prensa.sma.gob.ar\/index.php?rest_route=\/wp\/v2\/types\/post"}],"author":[{"embeddable":true,"href":"https:\/\/prensa.sma.gob.ar\/index.php?rest_route=\/wp\/v2\/users\/2"}],"replies":[{"embeddable":true,"href":"https:\/\/prensa.sma.gob.ar\/index.php?rest_route=%2Fwp%2Fv2%2Fcomments&post=6824"}],"version-history":[{"count":3,"href":"https:\/\/prensa.sma.gob.ar\/index.php?rest_route=\/wp\/v2\/posts\/6824\/revisions"}],"predecessor-version":[{"id":6834,"href":"https:\/\/prensa.sma.gob.ar\/index.php?rest_route=\/wp\/v2\/posts\/6824\/revisions\/6834"}],"wp:featuredmedia":[{"embeddable":true,"href":"https:\/\/prensa.sma.gob.ar\/index.php?rest_route=\/wp\/v2\/media\/6830"}],"wp:attachment":[{"href":"https:\/\/prensa.sma.gob.ar\/index.php?rest_route=%2Fwp%2Fv2%2Fmedia&parent=6824"}],"wp:term":[{"taxonomy":"category","embeddable":true,"href":"https:\/\/prensa.sma.gob.ar\/index.php?rest_route=%2Fwp%2Fv2%2Fcategories&post=6824"},{"taxonomy":"post_tag","embeddable":true,"href":"https:\/\/prensa.sma.gob.ar\/index.php?rest_route=%2Fwp%2Fv2%2Ftags&post=6824"}],"curies":[{"name":"wp","href":"https:\/\/api.w.org\/{rel}","templated":true}]}}