{"id":684,"date":"2024-06-27T18:01:33","date_gmt":"2024-06-27T18:01:33","guid":{"rendered":"https:\/\/prensa.sma.gob.ar\/?p=684"},"modified":"2024-06-28T17:35:02","modified_gmt":"2024-06-28T17:35:02","slug":"provincia-y-municipio-suscriben-acuerdos-por-mas-obras-y-servicios","status":"publish","type":"post","link":"https:\/\/prensa.sma.gob.ar\/?p=684","title":{"rendered":"Provincia y Municipio suscriben acuerdos por obras y servicios"},"content":{"rendered":"\n<p>El gobernador Rolando Figueroa y el intendente Carlos Saloniti firmaron un convenio de cooperaci\u00f3n y financiamiento para el transporte p\u00fablico urbano; otro para atender la emergencia clim\u00e1tica y fondos para las obras de electrificaci\u00f3n de las 38 viviendas de Chacra 32.<\/p>\n\n\n\n<figure class=\"wp-block-image size-full\"><img loading=\"lazy\" decoding=\"async\" width=\"1024\" height=\"768\" src=\"https:\/\/prensa.sma.gob.ar\/wp-content\/uploads\/2024\/06\/CARLOS-NQN-3.jpg\" alt=\"\" class=\"wp-image-685\" srcset=\"https:\/\/prensa.sma.gob.ar\/wp-content\/uploads\/2024\/06\/CARLOS-NQN-3.jpg 1024w, https:\/\/prensa.sma.gob.ar\/wp-content\/uploads\/2024\/06\/CARLOS-NQN-3-300x225.jpg 300w, https:\/\/prensa.sma.gob.ar\/wp-content\/uploads\/2024\/06\/CARLOS-NQN-3-768x576.jpg 768w, https:\/\/prensa.sma.gob.ar\/wp-content\/uploads\/2024\/06\/CARLOS-NQN-3-560x420.jpg 560w, https:\/\/prensa.sma.gob.ar\/wp-content\/uploads\/2024\/06\/CARLOS-NQN-3-80x60.jpg 80w, https:\/\/prensa.sma.gob.ar\/wp-content\/uploads\/2024\/06\/CARLOS-NQN-3-696x522.jpg 696w\" sizes=\"auto, (max-width: 1024px) 100vw, 1024px\" \/><\/figure>\n\n\n\n<p>Tras el encuentro y la firma con el mandatario provincial, el jefe comunal resalt\u00f3 que el acuerdo contempla una asistencia en el financiamiento del transporte urbano hasta tanto est\u00e9 plenamente en marcha la ecuaci\u00f3n financiera.<\/p>\n\n\n\n<p>El otro tema incluido en el convenio, firmado esta ma\u00f1ana en la casa de Gobierno en Neuqu\u00e9n, contempla asistencia por 100 millones de pesos para acompa\u00f1ar al Municipio que increment\u00f3 sus gastos con el alquiler de una motoniveladora, combustible y otros gastos.<\/p>\n\n\n\n<p>El tercer punto es el financiamiento para completar las obras de electricidad de las 38 viviendas que hace unas semanas comenz\u00f3 a realizar el Municipio con la empresa de energ\u00eda de Neuqu\u00e9n, el Epen.<\/p>\n\n\n\n<p>Saloniti record\u00f3 que el costo del transporte urbano para el Municipio es de 300 millones de pesos y \u201csolo recaudamos 120 millones\u201d, por lo que \u201cpara sostener la ecuaci\u00f3n, aplicamos la tasa vial, aunque todav\u00eda con lo recaudado no llegamos a completar el resto del dinero necesario\u201d<\/p>\n\n\n\n<p>El intendente insisti\u00f3 en que \u201cel objetivo es que la empresa no se caiga\u201d y agreg\u00f3 que \u201ccon dialogo, con gesti\u00f3n y trabajo lo estamos logrando entre Expreso Colonia, el Gobierno Provincial, el sindicato y el Municipio\u201d.<\/p>\n\n\n\n<figure class=\"wp-block-image size-full\"><img loading=\"lazy\" decoding=\"async\" width=\"1024\" height=\"682\" src=\"https:\/\/prensa.sma.gob.ar\/wp-content\/uploads\/2024\/06\/CARLOS-NQN-2.jpg\" alt=\"\" class=\"wp-image-686\" srcset=\"https:\/\/prensa.sma.gob.ar\/wp-content\/uploads\/2024\/06\/CARLOS-NQN-2.jpg 1024w, https:\/\/prensa.sma.gob.ar\/wp-content\/uploads\/2024\/06\/CARLOS-NQN-2-300x200.jpg 300w, https:\/\/prensa.sma.gob.ar\/wp-content\/uploads\/2024\/06\/CARLOS-NQN-2-768x512.jpg 768w, https:\/\/prensa.sma.gob.ar\/wp-content\/uploads\/2024\/06\/CARLOS-NQN-2-631x420.jpg 631w, https:\/\/prensa.sma.gob.ar\/wp-content\/uploads\/2024\/06\/CARLOS-NQN-2-696x464.jpg 696w\" sizes=\"auto, (max-width: 1024px) 100vw, 1024px\" \/><\/figure>\n\n\n\n<p>El jefe comunal sostuvo que, seg\u00fan las proyecciones del Municipio, \u201cen los pr\u00f3ximos meses se podr\u00e1 acomodar esa ecuaci\u00f3n financiera y podremos, entre potras cosas, tener dos nuevos colectivos que est\u00e1 tramitando la empresa\u201d.<\/p>\n\n\n\n<p>Por su parte, el gobernador Figueroa se\u00f1al\u00f3 tras la firma del convenio que \u201cel Pacto de Gobernanza que firmamos con todos los municipios nos permite trabajar de forma conjunta, en pos de una asignaci\u00f3n de recursos m\u00e1s eficiente por parte del Estado en todo el territorio\u201d.<\/p>\n\n\n\n<p>Ayer, Saloniti mantuvo una reuni\u00f3n en la capital provincial con la ministra de Desarrollo Humano, Gobiernos Locales y Mujeres, Julieta Corroza, para analizar el marco del acuerdo y los convenios que se firmaron hoy con el mandatario provincial.<\/p>\n\n\n\n<figure class=\"wp-block-image size-large\"><img loading=\"lazy\" decoding=\"async\" width=\"1024\" height=\"768\" src=\"https:\/\/prensa.sma.gob.ar\/wp-content\/uploads\/2024\/06\/CARLOS-NQN-1024x768.jpg\" alt=\"\" class=\"wp-image-688\" srcset=\"https:\/\/prensa.sma.gob.ar\/wp-content\/uploads\/2024\/06\/CARLOS-NQN-1024x768.jpg 1024w, https:\/\/prensa.sma.gob.ar\/wp-content\/uploads\/2024\/06\/CARLOS-NQN-300x225.jpg 300w, https:\/\/prensa.sma.gob.ar\/wp-content\/uploads\/2024\/06\/CARLOS-NQN-768x576.jpg 768w, https:\/\/prensa.sma.gob.ar\/wp-content\/uploads\/2024\/06\/CARLOS-NQN-1536x1152.jpg 1536w, https:\/\/prensa.sma.gob.ar\/wp-content\/uploads\/2024\/06\/CARLOS-NQN-560x420.jpg 560w, https:\/\/prensa.sma.gob.ar\/wp-content\/uploads\/2024\/06\/CARLOS-NQN-80x60.jpg 80w, https:\/\/prensa.sma.gob.ar\/wp-content\/uploads\/2024\/06\/CARLOS-NQN-696x522.jpg 696w, https:\/\/prensa.sma.gob.ar\/wp-content\/uploads\/2024\/06\/CARLOS-NQN-1068x801.jpg 1068w, https:\/\/prensa.sma.gob.ar\/wp-content\/uploads\/2024\/06\/CARLOS-NQN.jpg 1600w\" sizes=\"auto, (max-width: 1024px) 100vw, 1024px\" \/><\/figure>\n\n\n\n<p>Tambi\u00e9n se reuni\u00f3, junto al Secretario de Hacienda del Municipio, Mat\u00edas Fern\u00e1ndez Consoli, con la Coordinadora de Relaciones Fiscales con Municipios, Rosana Castro, con quien analizaron la relaci\u00f3n entre recaudaci\u00f3n y egresos de los Municipios, la evoluci\u00f3n de la Coparticipaci\u00f3n, tarifas, seguimiento del ordenamiento de las cuentas p\u00fablicas, metas alcanzadas y presupuesto municipal ejecutado.<\/p>\n\n\n\n<figure class=\"wp-block-image size-large\"><img loading=\"lazy\" decoding=\"async\" width=\"768\" height=\"1024\" src=\"https:\/\/prensa.sma.gob.ar\/wp-content\/uploads\/2024\/06\/CARLOS-NQN-1-768x1024.jpg\" alt=\"\" class=\"wp-image-687\" srcset=\"https:\/\/prensa.sma.gob.ar\/wp-content\/uploads\/2024\/06\/CARLOS-NQN-1-768x1024.jpg 768w, https:\/\/prensa.sma.gob.ar\/wp-content\/uploads\/2024\/06\/CARLOS-NQN-1-225x300.jpg 225w, https:\/\/prensa.sma.gob.ar\/wp-content\/uploads\/2024\/06\/CARLOS-NQN-1-1152x1536.jpg 1152w, https:\/\/prensa.sma.gob.ar\/wp-content\/uploads\/2024\/06\/CARLOS-NQN-1-315x420.jpg 315w, https:\/\/prensa.sma.gob.ar\/wp-content\/uploads\/2024\/06\/CARLOS-NQN-1-696x928.jpg 696w, https:\/\/prensa.sma.gob.ar\/wp-content\/uploads\/2024\/06\/CARLOS-NQN-1-1068x1424.jpg 1068w, https:\/\/prensa.sma.gob.ar\/wp-content\/uploads\/2024\/06\/CARLOS-NQN-1.jpg 1200w\" sizes=\"auto, (max-width: 768px) 100vw, 768px\" \/><\/figure>\n","protected":false},"excerpt":{"rendered":"<p>El gobernador Rolando Figueroa y el intendente Carlos Saloniti firmaron un convenio de cooperaci\u00f3n y financiamiento para el transporte p\u00fablico urbano; otro para atender la emergencia clim\u00e1tica y fondos para las obras de electrificaci\u00f3n de las 38 viviendas de Chacra 32. Tras el encuentro y la firma con el mandatario provincial, el jefe comunal resalt\u00f3 [&hellip;]<\/p>\n","protected":false},"author":1,"featured_media":696,"comment_status":"open","ping_status":"open","sticky":false,"template":"","format":"standard","meta":{"footnotes":""},"categories":[16,14,17],"tags":[],"class_list":{"0":"post-684","1":"post","2":"type-post","3":"status-publish","4":"format-standard","5":"has-post-thumbnail","7":"category-destacadas","8":"category-noticias","9":"category-portada"},"_links":{"self":[{"href":"https:\/\/prensa.sma.gob.ar\/index.php?rest_route=\/wp\/v2\/posts\/684","targetHints":{"allow":["GET"]}}],"collection":[{"href":"https:\/\/prensa.sma.gob.ar\/index.php?rest_route=\/wp\/v2\/posts"}],"about":[{"href":"https:\/\/prensa.sma.gob.ar\/index.php?rest_route=\/wp\/v2\/types\/post"}],"author":[{"embeddable":true,"href":"https:\/\/prensa.sma.gob.ar\/index.php?rest_route=\/wp\/v2\/users\/1"}],"replies":[{"embeddable":true,"href":"https:\/\/prensa.sma.gob.ar\/index.php?rest_route=%2Fwp%2Fv2%2Fcomments&post=684"}],"version-history":[{"count":3,"href":"https:\/\/prensa.sma.gob.ar\/index.php?rest_route=\/wp\/v2\/posts\/684\/revisions"}],"predecessor-version":[{"id":728,"href":"https:\/\/prensa.sma.gob.ar\/index.php?rest_route=\/wp\/v2\/posts\/684\/revisions\/728"}],"wp:featuredmedia":[{"embeddable":true,"href":"https:\/\/prensa.sma.gob.ar\/index.php?rest_route=\/wp\/v2\/media\/696"}],"wp:attachment":[{"href":"https:\/\/prensa.sma.gob.ar\/index.php?rest_route=%2Fwp%2Fv2%2Fmedia&parent=684"}],"wp:term":[{"taxonomy":"category","embeddable":true,"href":"https:\/\/prensa.sma.gob.ar\/index.php?rest_route=%2Fwp%2Fv2%2Fcategories&post=684"},{"taxonomy":"post_tag","embeddable":true,"href":"https:\/\/prensa.sma.gob.ar\/index.php?rest_route=%2Fwp%2Fv2%2Ftags&post=684"}],"curies":[{"name":"wp","href":"https:\/\/api.w.org\/{rel}","templated":true}]}}