{"id":6848,"date":"2025-04-24T14:19:44","date_gmt":"2025-04-24T14:19:44","guid":{"rendered":"https:\/\/prensa.sma.gob.ar\/?p=6848"},"modified":"2025-04-24T14:19:45","modified_gmt":"2025-04-24T14:19:45","slug":"nueva-reunion-del-intendente-saloniti-con-el-consejo-de-juntas-vecinales-2","status":"publish","type":"post","link":"https:\/\/prensa.sma.gob.ar\/?p=6848","title":{"rendered":"Nueva reuni\u00f3n del intendente Saloniti con el Consejo de Juntas Vecinales"},"content":{"rendered":"\n<p>El intendente Carlos Saloniti recibi\u00f3 en su despacho al Grupo Coordinador del Consejo de Juntas Vecinales para actualizar la agenda de temas que el Ejecutivo y los representantes de vecinos vienen sosteniendo de encuentros anteriores, una vez al mes.<\/p>\n\n\n\n<p>El objetivo de estas reuniones sigue siendo fortalecer y legitimar al Consejo de Juntas Vecinales como \u00f3rgano representativo de las vecinas y vecinos que integran las comisiones vecinales de cada barrio. En julio, el Consejo tendr\u00e1 la tercera renovaci\u00f3n consecutiva.<\/p>\n\n\n\n<p>Uno de los temas que se trat\u00f3 en la reuni\u00f3n es el trabajo conjunto entre el Consejo de Juntas Vecinales, como \u00f3rgano representativo de las comisiones de vecinos, y la Subsecretar\u00eda de Juntas Vecinales, como \u00e1rea municipal encargada de garantizar el nexo con la comunidad a trav\u00e9s de los \u00f3rganos de representaci\u00f3n.<\/p>\n\n\n\n<p>El intendente Saloniti se interioriz\u00f3 sobre la marcha de las reuniones que se llevan a cabo para analizar posibles modificaciones a la Ordenanza 9439\/12, que norma las Juntas Vecinales. Estos encuentros comenzaron hace tres semanas, convocados por el Consejo de Juntas Vecinales y la Subsecretar\u00eda de Juntas Vecinales. El jefe comunal ratific\u00f3 la importancia de esta actualizaci\u00f3n e insisti\u00f3 en que el principal objetivo de las reformas debe ser facilitar la participaci\u00f3n vecinal.<\/p>\n\n\n\n<figure class=\"wp-block-gallery has-nested-images columns-default is-cropped wp-block-gallery-1 is-layout-flex wp-block-gallery-is-layout-flex\">\n<figure class=\"wp-block-image size-large\"><img loading=\"lazy\" decoding=\"async\" width=\"1024\" height=\"576\" data-id=\"6851\" src=\"https:\/\/prensa.sma.gob.ar\/wp-content\/uploads\/2025\/04\/WhatsApp-Image-2025-04-23-at-13.08.47-1024x576.jpeg\" alt=\"\" class=\"wp-image-6851\" srcset=\"https:\/\/prensa.sma.gob.ar\/wp-content\/uploads\/2025\/04\/WhatsApp-Image-2025-04-23-at-13.08.47-1024x576.jpeg 1024w, https:\/\/prensa.sma.gob.ar\/wp-content\/uploads\/2025\/04\/WhatsApp-Image-2025-04-23-at-13.08.47-300x169.jpeg 300w, https:\/\/prensa.sma.gob.ar\/wp-content\/uploads\/2025\/04\/WhatsApp-Image-2025-04-23-at-13.08.47-768x432.jpeg 768w, https:\/\/prensa.sma.gob.ar\/wp-content\/uploads\/2025\/04\/WhatsApp-Image-2025-04-23-at-13.08.47-1536x864.jpeg 1536w, https:\/\/prensa.sma.gob.ar\/wp-content\/uploads\/2025\/04\/WhatsApp-Image-2025-04-23-at-13.08.47-747x420.jpeg 747w, https:\/\/prensa.sma.gob.ar\/wp-content\/uploads\/2025\/04\/WhatsApp-Image-2025-04-23-at-13.08.47-696x392.jpeg 696w, https:\/\/prensa.sma.gob.ar\/wp-content\/uploads\/2025\/04\/WhatsApp-Image-2025-04-23-at-13.08.47-1068x601.jpeg 1068w, https:\/\/prensa.sma.gob.ar\/wp-content\/uploads\/2025\/04\/WhatsApp-Image-2025-04-23-at-13.08.47.jpeg 1600w\" sizes=\"auto, (max-width: 1024px) 100vw, 1024px\" \/><\/figure>\n\n\n\n<figure class=\"wp-block-image size-large\"><img loading=\"lazy\" decoding=\"async\" width=\"1024\" height=\"576\" data-id=\"6853\" src=\"https:\/\/prensa.sma.gob.ar\/wp-content\/uploads\/2025\/04\/WhatsApp-Image-2025-04-23-at-13.08.46-1024x576.jpeg\" alt=\"\" class=\"wp-image-6853\" srcset=\"https:\/\/prensa.sma.gob.ar\/wp-content\/uploads\/2025\/04\/WhatsApp-Image-2025-04-23-at-13.08.46-1024x576.jpeg 1024w, https:\/\/prensa.sma.gob.ar\/wp-content\/uploads\/2025\/04\/WhatsApp-Image-2025-04-23-at-13.08.46-300x169.jpeg 300w, https:\/\/prensa.sma.gob.ar\/wp-content\/uploads\/2025\/04\/WhatsApp-Image-2025-04-23-at-13.08.46-768x432.jpeg 768w, https:\/\/prensa.sma.gob.ar\/wp-content\/uploads\/2025\/04\/WhatsApp-Image-2025-04-23-at-13.08.46-1536x864.jpeg 1536w, https:\/\/prensa.sma.gob.ar\/wp-content\/uploads\/2025\/04\/WhatsApp-Image-2025-04-23-at-13.08.46-747x420.jpeg 747w, https:\/\/prensa.sma.gob.ar\/wp-content\/uploads\/2025\/04\/WhatsApp-Image-2025-04-23-at-13.08.46-696x392.jpeg 696w, https:\/\/prensa.sma.gob.ar\/wp-content\/uploads\/2025\/04\/WhatsApp-Image-2025-04-23-at-13.08.46-1068x601.jpeg 1068w, https:\/\/prensa.sma.gob.ar\/wp-content\/uploads\/2025\/04\/WhatsApp-Image-2025-04-23-at-13.08.46.jpeg 1600w\" sizes=\"auto, (max-width: 1024px) 100vw, 1024px\" \/><\/figure>\n\n\n\n<figure class=\"wp-block-image size-large\"><img loading=\"lazy\" decoding=\"async\" width=\"1024\" height=\"576\" data-id=\"6854\" src=\"https:\/\/prensa.sma.gob.ar\/wp-content\/uploads\/2025\/04\/WhatsApp-Image-2025-04-23-at-13.08.45-1024x576.jpeg\" alt=\"\" class=\"wp-image-6854\" srcset=\"https:\/\/prensa.sma.gob.ar\/wp-content\/uploads\/2025\/04\/WhatsApp-Image-2025-04-23-at-13.08.45-1024x576.jpeg 1024w, https:\/\/prensa.sma.gob.ar\/wp-content\/uploads\/2025\/04\/WhatsApp-Image-2025-04-23-at-13.08.45-300x169.jpeg 300w, https:\/\/prensa.sma.gob.ar\/wp-content\/uploads\/2025\/04\/WhatsApp-Image-2025-04-23-at-13.08.45-768x432.jpeg 768w, https:\/\/prensa.sma.gob.ar\/wp-content\/uploads\/2025\/04\/WhatsApp-Image-2025-04-23-at-13.08.45-1536x864.jpeg 1536w, https:\/\/prensa.sma.gob.ar\/wp-content\/uploads\/2025\/04\/WhatsApp-Image-2025-04-23-at-13.08.45-747x420.jpeg 747w, https:\/\/prensa.sma.gob.ar\/wp-content\/uploads\/2025\/04\/WhatsApp-Image-2025-04-23-at-13.08.45-696x392.jpeg 696w, https:\/\/prensa.sma.gob.ar\/wp-content\/uploads\/2025\/04\/WhatsApp-Image-2025-04-23-at-13.08.45-1068x601.jpeg 1068w, https:\/\/prensa.sma.gob.ar\/wp-content\/uploads\/2025\/04\/WhatsApp-Image-2025-04-23-at-13.08.45.jpeg 1600w\" sizes=\"auto, (max-width: 1024px) 100vw, 1024px\" \/><\/figure>\n<\/figure>\n\n\n\n<p>El Consejo de Juntas y las comisiones vecinales vienen sosteniendo reuniones de trabajo con diversas \u00e1reas del Municipio como Servicios P\u00fablicos, Seguridad Ciudadana, Juntas Vecinales, Obras P\u00fablicas, entre otras, para ordenar respuestas a las necesidades de la comunidad y reafirmar los canales institucionales de di\u00e1logo y resoluci\u00f3n de problemas.<\/p>\n\n\n\n<p>Del encuentro, que se realiz\u00f3 este mi\u00e9rcoles en el despacho del intendente, participaron la subsecretaria de Juntas Vecinales, Lorena Gonz\u00e1lez, y los representantes del Grupo Coordinador del Consejo Laura Baroni (Junta Vecinal de Chacra 32); Mara Cabrera (Junta Vecinal de Chacra 28); &nbsp;Mar\u00eda Jos\u00e9 Fabro (vecina del Centro); \u00c1ngel Costa (vecino de Kaleuche Alto) y Noelia Galdames (Junta Vecinal del barrio Cantera).<\/p>\n\n\n\n<p>Saloniti&nbsp; reafirm\u00f3 que el Ejecutivo trabajar\u00e1 siempre con el Consejo de Juntas y con las Juntas Vecinales de cada barrio, a trav\u00e9s de la Subsecretar\u00eda, para que sea una pol\u00edtica de trabajo con los vecinos que representan a sus barrios, que se proyecte en el tiempo a trav\u00e9s de los distintos intendentes que sucedan.&nbsp;<\/p>\n\n\n\n<p>El jefe comunal tambi\u00e9n reafirm\u00f3 que la Subsecretaria de Juntas Vecinales debe ser el \u00e1readel Municipio que canalice las denuncias o pedidos de los vecinos con otras \u00e1reas como Guardas Ambientales o Bromatolog\u00eda y ratific\u00f3 la importancia de que el trabajo en los barrios se haga en red con cada \u00e1rea del Municipio, con Polic\u00eda, con Salud y con otras instituciones que trabajen en lo cotidiano con la comunidad.<\/p>\n\n\n\n<p>Saloniti tambi\u00e9n inform\u00f3 que el Municipio trabaja con la Fiscal\u00eda General de la Provincia para avanzar en la instrumentaci\u00f3n del sistema de denuncias an\u00f3nimas por el tr\u00e1fico de drogas y record\u00f3 la reciente visita a la ciudad del fiscal general Jos\u00e9 Gerez.<\/p>\n\n\n\n<p>El intendente y los representantes vecinales establecieron que durante mayo se realizar\u00e1 una nueva reuni\u00f3n y tambi\u00e9n se programar\u00e1 un encuentro del jefe comunal con Juntas Vecinales Unidas de Chapelco, uni\u00f3n de las juntas de todos los barrios de Cordones del Chapelco, para tratar temas comunes a las vecinas y vecinos del lugar.<\/p>\n\n\n\n<figure class=\"wp-block-gallery has-nested-images columns-default is-cropped wp-block-gallery-2 is-layout-flex wp-block-gallery-is-layout-flex\">\n<figure class=\"wp-block-image size-large\"><img loading=\"lazy\" decoding=\"async\" width=\"1024\" height=\"576\" data-id=\"6852\" src=\"https:\/\/prensa.sma.gob.ar\/wp-content\/uploads\/2025\/04\/WhatsApp-Image-2025-04-23-at-13.08.46-1-1024x576.jpeg\" alt=\"\" class=\"wp-image-6852\" srcset=\"https:\/\/prensa.sma.gob.ar\/wp-content\/uploads\/2025\/04\/WhatsApp-Image-2025-04-23-at-13.08.46-1-1024x576.jpeg 1024w, https:\/\/prensa.sma.gob.ar\/wp-content\/uploads\/2025\/04\/WhatsApp-Image-2025-04-23-at-13.08.46-1-300x169.jpeg 300w, https:\/\/prensa.sma.gob.ar\/wp-content\/uploads\/2025\/04\/WhatsApp-Image-2025-04-23-at-13.08.46-1-768x432.jpeg 768w, https:\/\/prensa.sma.gob.ar\/wp-content\/uploads\/2025\/04\/WhatsApp-Image-2025-04-23-at-13.08.46-1-1536x864.jpeg 1536w, https:\/\/prensa.sma.gob.ar\/wp-content\/uploads\/2025\/04\/WhatsApp-Image-2025-04-23-at-13.08.46-1-747x420.jpeg 747w, https:\/\/prensa.sma.gob.ar\/wp-content\/uploads\/2025\/04\/WhatsApp-Image-2025-04-23-at-13.08.46-1-696x392.jpeg 696w, https:\/\/prensa.sma.gob.ar\/wp-content\/uploads\/2025\/04\/WhatsApp-Image-2025-04-23-at-13.08.46-1-1068x601.jpeg 1068w, https:\/\/prensa.sma.gob.ar\/wp-content\/uploads\/2025\/04\/WhatsApp-Image-2025-04-23-at-13.08.46-1.jpeg 1600w\" sizes=\"auto, (max-width: 1024px) 100vw, 1024px\" \/><\/figure>\n\n\n\n<figure class=\"wp-block-image size-large\"><img loading=\"lazy\" decoding=\"async\" width=\"1024\" height=\"576\" data-id=\"6850\" src=\"https:\/\/prensa.sma.gob.ar\/wp-content\/uploads\/2025\/04\/WhatsApp-Image-2025-04-23-at-13.08.47-1-1024x576.jpeg\" alt=\"\" class=\"wp-image-6850\" srcset=\"https:\/\/prensa.sma.gob.ar\/wp-content\/uploads\/2025\/04\/WhatsApp-Image-2025-04-23-at-13.08.47-1-1024x576.jpeg 1024w, https:\/\/prensa.sma.gob.ar\/wp-content\/uploads\/2025\/04\/WhatsApp-Image-2025-04-23-at-13.08.47-1-300x169.jpeg 300w, https:\/\/prensa.sma.gob.ar\/wp-content\/uploads\/2025\/04\/WhatsApp-Image-2025-04-23-at-13.08.47-1-768x432.jpeg 768w, https:\/\/prensa.sma.gob.ar\/wp-content\/uploads\/2025\/04\/WhatsApp-Image-2025-04-23-at-13.08.47-1-1536x864.jpeg 1536w, https:\/\/prensa.sma.gob.ar\/wp-content\/uploads\/2025\/04\/WhatsApp-Image-2025-04-23-at-13.08.47-1-747x420.jpeg 747w, https:\/\/prensa.sma.gob.ar\/wp-content\/uploads\/2025\/04\/WhatsApp-Image-2025-04-23-at-13.08.47-1-696x392.jpeg 696w, https:\/\/prensa.sma.gob.ar\/wp-content\/uploads\/2025\/04\/WhatsApp-Image-2025-04-23-at-13.08.47-1-1068x601.jpeg 1068w, https:\/\/prensa.sma.gob.ar\/wp-content\/uploads\/2025\/04\/WhatsApp-Image-2025-04-23-at-13.08.47-1.jpeg 1600w\" sizes=\"auto, (max-width: 1024px) 100vw, 1024px\" \/><\/figure>\n\n\n\n<figure class=\"wp-block-image size-large\"><img loading=\"lazy\" decoding=\"async\" width=\"1024\" height=\"575\" data-id=\"6849\" src=\"https:\/\/prensa.sma.gob.ar\/wp-content\/uploads\/2025\/04\/WhatsApp-Image-2025-04-23-at-13.08.47-2-1024x575.jpeg\" alt=\"\" class=\"wp-image-6849\" srcset=\"https:\/\/prensa.sma.gob.ar\/wp-content\/uploads\/2025\/04\/WhatsApp-Image-2025-04-23-at-13.08.47-2-1024x575.jpeg 1024w, https:\/\/prensa.sma.gob.ar\/wp-content\/uploads\/2025\/04\/WhatsApp-Image-2025-04-23-at-13.08.47-2-300x169.jpeg 300w, https:\/\/prensa.sma.gob.ar\/wp-content\/uploads\/2025\/04\/WhatsApp-Image-2025-04-23-at-13.08.47-2-768x432.jpeg 768w, https:\/\/prensa.sma.gob.ar\/wp-content\/uploads\/2025\/04\/WhatsApp-Image-2025-04-23-at-13.08.47-2-1536x863.jpeg 1536w, https:\/\/prensa.sma.gob.ar\/wp-content\/uploads\/2025\/04\/WhatsApp-Image-2025-04-23-at-13.08.47-2-747x420.jpeg 747w, https:\/\/prensa.sma.gob.ar\/wp-content\/uploads\/2025\/04\/WhatsApp-Image-2025-04-23-at-13.08.47-2-696x391.jpeg 696w, https:\/\/prensa.sma.gob.ar\/wp-content\/uploads\/2025\/04\/WhatsApp-Image-2025-04-23-at-13.08.47-2-1068x600.jpeg 1068w, https:\/\/prensa.sma.gob.ar\/wp-content\/uploads\/2025\/04\/WhatsApp-Image-2025-04-23-at-13.08.47-2.jpeg 1600w\" sizes=\"auto, (max-width: 1024px) 100vw, 1024px\" \/><\/figure>\n<\/figure>\n","protected":false},"excerpt":{"rendered":"<p>El intendente Carlos Saloniti recibi\u00f3 en su despacho al Grupo Coordinador del Consejo de Juntas Vecinales para actualizar la agenda de temas que el Ejecutivo y los representantes de vecinos vienen sosteniendo de encuentros anteriores, una vez al mes. El objetivo de estas reuniones sigue siendo fortalecer y legitimar al Consejo de Juntas Vecinales como [&hellip;]<\/p>\n","protected":false},"author":2,"featured_media":6849,"comment_status":"closed","ping_status":"open","sticky":false,"template":"","format":"standard","meta":{"footnotes":""},"categories":[16,39,14],"tags":[],"class_list":{"0":"post-6848","1":"post","2":"type-post","3":"status-publish","4":"format-standard","5":"has-post-thumbnail","7":"category-destacadas","8":"category-subs-juntas-vecinales","9":"category-noticias"},"_links":{"self":[{"href":"https:\/\/prensa.sma.gob.ar\/index.php?rest_route=\/wp\/v2\/posts\/6848","targetHints":{"allow":["GET"]}}],"collection":[{"href":"https:\/\/prensa.sma.gob.ar\/index.php?rest_route=\/wp\/v2\/posts"}],"about":[{"href":"https:\/\/prensa.sma.gob.ar\/index.php?rest_route=\/wp\/v2\/types\/post"}],"author":[{"embeddable":true,"href":"https:\/\/prensa.sma.gob.ar\/index.php?rest_route=\/wp\/v2\/users\/2"}],"replies":[{"embeddable":true,"href":"https:\/\/prensa.sma.gob.ar\/index.php?rest_route=%2Fwp%2Fv2%2Fcomments&post=6848"}],"version-history":[{"count":1,"href":"https:\/\/prensa.sma.gob.ar\/index.php?rest_route=\/wp\/v2\/posts\/6848\/revisions"}],"predecessor-version":[{"id":6855,"href":"https:\/\/prensa.sma.gob.ar\/index.php?rest_route=\/wp\/v2\/posts\/6848\/revisions\/6855"}],"wp:featuredmedia":[{"embeddable":true,"href":"https:\/\/prensa.sma.gob.ar\/index.php?rest_route=\/wp\/v2\/media\/6849"}],"wp:attachment":[{"href":"https:\/\/prensa.sma.gob.ar\/index.php?rest_route=%2Fwp%2Fv2%2Fmedia&parent=6848"}],"wp:term":[{"taxonomy":"category","embeddable":true,"href":"https:\/\/prensa.sma.gob.ar\/index.php?rest_route=%2Fwp%2Fv2%2Fcategories&post=6848"},{"taxonomy":"post_tag","embeddable":true,"href":"https:\/\/prensa.sma.gob.ar\/index.php?rest_route=%2Fwp%2Fv2%2Ftags&post=6848"}],"curies":[{"name":"wp","href":"https:\/\/api.w.org\/{rel}","templated":true}]}}