{"id":6857,"date":"2025-04-24T16:08:55","date_gmt":"2025-04-24T16:08:55","guid":{"rendered":"https:\/\/prensa.sma.gob.ar\/?p=6857"},"modified":"2025-04-24T16:47:03","modified_gmt":"2025-04-24T16:47:03","slug":"vecinas-y-vecinos-de-valle-chapelco-realizaron-una-asamblea-clave-para-avanzar-con-la-obra-de-gas","status":"publish","type":"post","link":"https:\/\/prensa.sma.gob.ar\/?p=6857","title":{"rendered":"Vecinas y vecinos de Valle Chapelco realizaron una asamblea clave para la obra de gas en el barrio"},"content":{"rendered":"\n<p>Este mi\u00e9rcoles, vecinas y vecinos de Valle Chapelco, convocados por la Comisi\u00f3n del barrio, realizaron una asamblea con la presencia de funcionarios municipales para definir el m\u00e9todo de pago de la obra de gas entre los 233 lotes catastrales.<\/p>\n\n\n\n<p>Funcionarios de la Secretar\u00eda del Consejo de Planificaci\u00f3n Estrat\u00e9gica (CoPE) y de la Subsecretaria de Juntas Vecinales acompa\u00f1aron la asamblea, realizada en la vivienda de la vecina Teresa de Vita, ofreciendo informaci\u00f3n y detalles de la obra. El COPe propuso dos m\u00e9todos para hacer frente a la obra: por cantidad de lotes o por superficie en metros cuadrados de los lotes. La asamblea vot\u00f3 por unanimidad esta segunda opci\u00f3n.<\/p>\n\n\n\n<p>La concreci\u00f3n de la obra, destacada como un logro de la organizaci\u00f3n vecinal con acompa\u00f1amiento del Municipio y el financiamiento de la Provincia, fue recientemente firmada por el gobernador Rolando Figueroa y el intendente Carlos Saloniti.<\/p>\n\n\n\n<p>La red de gas natural permitir\u00e1 dotar de suministro a las familias que habitan en Valle Chapelco, quienes actualmente dependen de sistemas de calefacci\u00f3n alternativos como la le\u00f1a, lo que implica mayores costos y riesgos. La obra ya cuenta con la aprobaci\u00f3n de Camuzzi Gas del Sur S.A.<\/p>\n\n\n\n<p>La obra ya contaba con el respaldo legal de la Ordenanza N\u00ba 13.092 del a\u00f1o 2020, que la declar\u00f3 de utilidad p\u00fablica y estableci\u00f3 el pago obligatorio mediante el mecanismo de contribuci\u00f3n por mejora.<\/p>\n\n\n\n<p>Una vez transferidos los fondos del Estado provincial, se proceder\u00e1 a la contrataci\u00f3n de la empresa que llevar\u00e1 adelante los trabajos. El costo ser\u00e1 recuperado mediante el sistema de contribuci\u00f3n por mejora que ser\u00e1 abonado por los frentistas una vez finalizada la obra.<\/p>\n\n\n\n<figure class=\"wp-block-gallery has-nested-images columns-default is-cropped wp-block-gallery-1 is-layout-flex wp-block-gallery-is-layout-flex\">\n<figure class=\"wp-block-image size-large\"><img loading=\"lazy\" decoding=\"async\" width=\"1024\" height=\"771\" data-id=\"6861\" src=\"https:\/\/prensa.sma.gob.ar\/wp-content\/uploads\/2025\/04\/VALLE-CHAPELCO-1-1024x771.jpeg\" alt=\"\" class=\"wp-image-6861\" srcset=\"https:\/\/prensa.sma.gob.ar\/wp-content\/uploads\/2025\/04\/VALLE-CHAPELCO-1-1024x771.jpeg 1024w, https:\/\/prensa.sma.gob.ar\/wp-content\/uploads\/2025\/04\/VALLE-CHAPELCO-1-300x226.jpeg 300w, https:\/\/prensa.sma.gob.ar\/wp-content\/uploads\/2025\/04\/VALLE-CHAPELCO-1-768x578.jpeg 768w, https:\/\/prensa.sma.gob.ar\/wp-content\/uploads\/2025\/04\/VALLE-CHAPELCO-1-1536x1156.jpeg 1536w, https:\/\/prensa.sma.gob.ar\/wp-content\/uploads\/2025\/04\/VALLE-CHAPELCO-1-558x420.jpeg 558w, https:\/\/prensa.sma.gob.ar\/wp-content\/uploads\/2025\/04\/VALLE-CHAPELCO-1-80x60.jpeg 80w, https:\/\/prensa.sma.gob.ar\/wp-content\/uploads\/2025\/04\/VALLE-CHAPELCO-1-696x524.jpeg 696w, https:\/\/prensa.sma.gob.ar\/wp-content\/uploads\/2025\/04\/VALLE-CHAPELCO-1-1068x804.jpeg 1068w, https:\/\/prensa.sma.gob.ar\/wp-content\/uploads\/2025\/04\/VALLE-CHAPELCO-1.jpeg 1600w\" sizes=\"auto, (max-width: 1024px) 100vw, 1024px\" \/><\/figure>\n\n\n\n<figure class=\"wp-block-image size-large\"><img loading=\"lazy\" decoding=\"async\" width=\"1024\" height=\"771\" data-id=\"6862\" src=\"https:\/\/prensa.sma.gob.ar\/wp-content\/uploads\/2025\/04\/VALLE-CHAPELCO-2-1024x771.jpeg\" alt=\"\" class=\"wp-image-6862\" srcset=\"https:\/\/prensa.sma.gob.ar\/wp-content\/uploads\/2025\/04\/VALLE-CHAPELCO-2-1024x771.jpeg 1024w, https:\/\/prensa.sma.gob.ar\/wp-content\/uploads\/2025\/04\/VALLE-CHAPELCO-2-300x226.jpeg 300w, https:\/\/prensa.sma.gob.ar\/wp-content\/uploads\/2025\/04\/VALLE-CHAPELCO-2-768x578.jpeg 768w, https:\/\/prensa.sma.gob.ar\/wp-content\/uploads\/2025\/04\/VALLE-CHAPELCO-2-1536x1156.jpeg 1536w, https:\/\/prensa.sma.gob.ar\/wp-content\/uploads\/2025\/04\/VALLE-CHAPELCO-2-558x420.jpeg 558w, https:\/\/prensa.sma.gob.ar\/wp-content\/uploads\/2025\/04\/VALLE-CHAPELCO-2-80x60.jpeg 80w, https:\/\/prensa.sma.gob.ar\/wp-content\/uploads\/2025\/04\/VALLE-CHAPELCO-2-696x524.jpeg 696w, https:\/\/prensa.sma.gob.ar\/wp-content\/uploads\/2025\/04\/VALLE-CHAPELCO-2-1068x804.jpeg 1068w, https:\/\/prensa.sma.gob.ar\/wp-content\/uploads\/2025\/04\/VALLE-CHAPELCO-2.jpeg 1600w\" sizes=\"auto, (max-width: 1024px) 100vw, 1024px\" \/><\/figure>\n\n\n\n<figure class=\"wp-block-image size-large\"><img loading=\"lazy\" decoding=\"async\" width=\"1024\" height=\"576\" data-id=\"6859\" src=\"https:\/\/prensa.sma.gob.ar\/wp-content\/uploads\/2025\/04\/VALLE-CHAPELCO-3-1024x576.jpeg\" alt=\"\" class=\"wp-image-6859\" srcset=\"https:\/\/prensa.sma.gob.ar\/wp-content\/uploads\/2025\/04\/VALLE-CHAPELCO-3-1024x576.jpeg 1024w, https:\/\/prensa.sma.gob.ar\/wp-content\/uploads\/2025\/04\/VALLE-CHAPELCO-3-300x169.jpeg 300w, https:\/\/prensa.sma.gob.ar\/wp-content\/uploads\/2025\/04\/VALLE-CHAPELCO-3-768x432.jpeg 768w, https:\/\/prensa.sma.gob.ar\/wp-content\/uploads\/2025\/04\/VALLE-CHAPELCO-3-747x420.jpeg 747w, https:\/\/prensa.sma.gob.ar\/wp-content\/uploads\/2025\/04\/VALLE-CHAPELCO-3-696x392.jpeg 696w, https:\/\/prensa.sma.gob.ar\/wp-content\/uploads\/2025\/04\/VALLE-CHAPELCO-3-1068x601.jpeg 1068w, https:\/\/prensa.sma.gob.ar\/wp-content\/uploads\/2025\/04\/VALLE-CHAPELCO-3.jpeg 1280w\" sizes=\"auto, (max-width: 1024px) 100vw, 1024px\" \/><\/figure>\n\n\n\n<figure class=\"wp-block-image size-large\"><img loading=\"lazy\" decoding=\"async\" width=\"1024\" height=\"576\" data-id=\"6860\" src=\"https:\/\/prensa.sma.gob.ar\/wp-content\/uploads\/2025\/04\/VALLE-CHAPELCO-1024x576.jpeg\" alt=\"\" class=\"wp-image-6860\" srcset=\"https:\/\/prensa.sma.gob.ar\/wp-content\/uploads\/2025\/04\/VALLE-CHAPELCO-1024x576.jpeg 1024w, https:\/\/prensa.sma.gob.ar\/wp-content\/uploads\/2025\/04\/VALLE-CHAPELCO-300x169.jpeg 300w, https:\/\/prensa.sma.gob.ar\/wp-content\/uploads\/2025\/04\/VALLE-CHAPELCO-768x432.jpeg 768w, https:\/\/prensa.sma.gob.ar\/wp-content\/uploads\/2025\/04\/VALLE-CHAPELCO-747x420.jpeg 747w, https:\/\/prensa.sma.gob.ar\/wp-content\/uploads\/2025\/04\/VALLE-CHAPELCO-696x392.jpeg 696w, https:\/\/prensa.sma.gob.ar\/wp-content\/uploads\/2025\/04\/VALLE-CHAPELCO-1068x601.jpeg 1068w, https:\/\/prensa.sma.gob.ar\/wp-content\/uploads\/2025\/04\/VALLE-CHAPELCO.jpeg 1280w\" sizes=\"auto, (max-width: 1024px) 100vw, 1024px\" \/><\/figure>\n<\/figure>\n","protected":false},"excerpt":{"rendered":"<p>Este mi\u00e9rcoles, vecinas y vecinos de Valle Chapelco, convocados por la Comisi\u00f3n del barrio, realizaron una asamblea con la presencia de funcionarios municipales para definir el m\u00e9todo de pago de la obra de gas entre los 233 lotes catastrales. Funcionarios de la Secretar\u00eda del Consejo de Planificaci\u00f3n Estrat\u00e9gica (CoPE) y de la Subsecretaria de Juntas [&hellip;]<\/p>\n","protected":false},"author":1,"featured_media":6858,"comment_status":"closed","ping_status":"open","sticky":false,"template":"","format":"standard","meta":{"footnotes":""},"categories":[4,16,39,14],"tags":[],"class_list":{"0":"post-6857","1":"post","2":"type-post","3":"status-publish","4":"format-standard","5":"has-post-thumbnail","7":"category-cope","8":"category-destacadas","9":"category-subs-juntas-vecinales","10":"category-noticias"},"_links":{"self":[{"href":"https:\/\/prensa.sma.gob.ar\/index.php?rest_route=\/wp\/v2\/posts\/6857","targetHints":{"allow":["GET"]}}],"collection":[{"href":"https:\/\/prensa.sma.gob.ar\/index.php?rest_route=\/wp\/v2\/posts"}],"about":[{"href":"https:\/\/prensa.sma.gob.ar\/index.php?rest_route=\/wp\/v2\/types\/post"}],"author":[{"embeddable":true,"href":"https:\/\/prensa.sma.gob.ar\/index.php?rest_route=\/wp\/v2\/users\/1"}],"replies":[{"embeddable":true,"href":"https:\/\/prensa.sma.gob.ar\/index.php?rest_route=%2Fwp%2Fv2%2Fcomments&post=6857"}],"version-history":[{"count":3,"href":"https:\/\/prensa.sma.gob.ar\/index.php?rest_route=\/wp\/v2\/posts\/6857\/revisions"}],"predecessor-version":[{"id":6866,"href":"https:\/\/prensa.sma.gob.ar\/index.php?rest_route=\/wp\/v2\/posts\/6857\/revisions\/6866"}],"wp:featuredmedia":[{"embeddable":true,"href":"https:\/\/prensa.sma.gob.ar\/index.php?rest_route=\/wp\/v2\/media\/6858"}],"wp:attachment":[{"href":"https:\/\/prensa.sma.gob.ar\/index.php?rest_route=%2Fwp%2Fv2%2Fmedia&parent=6857"}],"wp:term":[{"taxonomy":"category","embeddable":true,"href":"https:\/\/prensa.sma.gob.ar\/index.php?rest_route=%2Fwp%2Fv2%2Fcategories&post=6857"},{"taxonomy":"post_tag","embeddable":true,"href":"https:\/\/prensa.sma.gob.ar\/index.php?rest_route=%2Fwp%2Fv2%2Ftags&post=6857"}],"curies":[{"name":"wp","href":"https:\/\/api.w.org\/{rel}","templated":true}]}}